{"id":318989,"date":"2026-01-02T11:22:12","date_gmt":"2026-01-02T11:22:12","guid":{"rendered":"https:\/\/www.europesays.com\/es\/318989\/"},"modified":"2026-01-02T11:22:12","modified_gmt":"2026-01-02T11:22:12","slug":"villanueva-de-la-canada-preparada-para-recibir-a-los-reyes-magos","status":"publish","type":"post","link":"https:\/\/www.europesays.com\/es\/318989\/","title":{"rendered":"Villanueva de la Ca\u00f1ada, preparada para recibir a los Reyes Magos"},"content":{"rendered":"<p>El Ayuntamiento tiene listos los preparativos para recibir este pr\u00f3ximo lunes, 5 de enero, a Sus Majestades de Oriente. La cabalgata partir\u00e1 de la calle Navarra a las 18:00 horas y recorrer\u00e1 la Avda. de Gaud\u00ed hasta llegar al C.C. La Despernada donde Melchor, Gaspar y Baltasar atender\u00e1n a los m\u00e1s peque\u00f1os en la ya tradicional recepci\u00f3n real.<\/p>\n<p>La comitiva estar\u00e1 compuesta por cerca de una veintena de carrozas, de tem\u00e1tica navide\u00f1a y alusivas al mundo Disney, desde las que se repartir\u00e1n 2.250 kilos de caramelos sin gluten. Alrededor de medio millar de personas de distintos colectivos e instituciones del municipio participar\u00e1n en el desfile que contar\u00e1 con m\u00fasica en directo y acr\u00f3batas.<\/p>\n<p>A lo largo del <a href=\"https:\/\/www.ayto-villacanada.es\/wp-content\/uploads\/2025\/01\/Cabalgata_2025.pdf\" rel=\"nofollow noopener\" target=\"_blank\">recorrido<\/a>, hay reservadas dos zonas para personas con movilidad reducida.<\/p>\n<p><strong>Dispositivos especiales<\/strong><\/p>\n<p>Con motivo del evento, el consistorio ha establecido un operativo de seguridad formado por efectivos de Polic\u00eda Local, Servicio Municipal de Emergencias Sanitarias y Protecci\u00f3n Civil. Tambi\u00e9n se han reforzado los servicios de mantenimiento y limpieza municipales.<\/p>\n<p><strong>Cortes de tr\u00e1fico<\/strong><\/p>\n<p>Por otro lado, durante la jornada est\u00e1n previstos los siguientes cortes de tr\u00e1fico:<\/p>\n<ul>\n<li>Calle Cristo: en el tramo entre la calle Eras de M\u00f3stoles y la Glorieta V\u00edctimas del Terrorismo, en ambos sentidos de la circulaci\u00f3n, entre las 12:00 y las 23:00 horas aproximadamente.<\/li>\n<li>Avenida de La Rioja: en el tramo comprendido entre la calle Navarra y la calle Asturias, en ambos sentidos de la circulaci\u00f3n, entre las 15:00 y las 21:00 horas aproximadamente.<\/li>\n<li>Calle Navarra: en el tramo comprendido entre la avenida de La Rioja y avenida de la Dehesa, en ambos sentidos de la circulaci\u00f3n, entre las 15:00 y las 21:00 horas aproximadamente.<\/li>\n<li>Calle M\u00f3stoles: en el tramo comprendido entre la calle Eras de M\u00f3stoles y la avenida de la Dehesa, en ambos sentidos de la circulaci\u00f3n, entre las 17:00 y las 21:00 horas aproximadamente.<\/li>\n<\/ul>\n<p>Asimismo, las l\u00edneas de autobuses 626 y 627 no har\u00e1n parada en los tramos afectados por el recorrido de la cabalgata.<\/p>\n","protected":false},"excerpt":{"rendered":"El Ayuntamiento tiene listos los preparativos para recibir este pr\u00f3ximo lunes, 5 de enero, a Sus Majestades de&hellip;\n","protected":false},"author":2,"featured_media":318990,"comment_status":"","ping_status":"","sticky":false,"template":"","format":"standard","meta":{"footnotes":""},"categories":[5],"tags":[17,18,25,24,13,14,11,19,20,9,10,15,16,23,12,21,22],"class_list":{"0":"post-318989","1":"post","2":"type-post","3":"status-publish","4":"format-standard","5":"has-post-thumbnail","7":"category-titulares","8":"tag-breaking-news","9":"tag-breakingnews","10":"tag-es","11":"tag-espana","12":"tag-featured-news","13":"tag-featurednews","14":"tag-headlines","15":"tag-latest-news","16":"tag-latestnews","17":"tag-news","18":"tag-noticias","19":"tag-noticias-destacadas","20":"tag-noticiasdestacadas","21":"tag-spain","22":"tag-titulares","23":"tag-ultimas-noticias","24":"tag-ultimasnoticias"},"share_on_mastodon":{"url":"https:\/\/pubeurope.com\/@es\/115825249014334999","error":""},"_links":{"self":[{"href":"https:\/\/www.europesays.com\/es\/wp-json\/wp\/v2\/posts\/318989","targetHints":{"allow":["GET"]}}],"collection":[{"href":"https:\/\/www.europesays.com\/es\/wp-json\/wp\/v2\/posts"}],"about":[{"href":"https:\/\/www.europesays.com\/es\/wp-json\/wp\/v2\/types\/post"}],"author":[{"embeddable":true,"href":"https:\/\/www.europesays.com\/es\/wp-json\/wp\/v2\/users\/2"}],"replies":[{"embeddable":true,"href":"https:\/\/www.europesays.com\/es\/wp-json\/wp\/v2\/comments?post=318989"}],"version-history":[{"count":0,"href":"https:\/\/www.europesays.com\/es\/wp-json\/wp\/v2\/posts\/318989\/revisions"}],"wp:featuredmedia":[{"embeddable":true,"href":"https:\/\/www.europesays.com\/es\/wp-json\/wp\/v2\/media\/318990"}],"wp:attachment":[{"href":"https:\/\/www.europesays.com\/es\/wp-json\/wp\/v2\/media?parent=318989"}],"wp:term":[{"taxonomy":"category","embeddable":true,"href":"https:\/\/www.europesays.com\/es\/wp-json\/wp\/v2\/categories?post=318989"},{"taxonomy":"post_tag","embeddable":true,"href":"https:\/\/www.europesays.com\/es\/wp-json\/wp\/v2\/tags?post=318989"}],"curies":[{"name":"wp","href":"https:\/\/api.w.org\/{rel}","templated":true}]}}