{"id":319017,"date":"2026-01-02T11:45:10","date_gmt":"2026-01-02T11:45:10","guid":{"rendered":"https:\/\/www.europesays.com\/es\/319017\/"},"modified":"2026-01-02T11:45:10","modified_gmt":"2026-01-02T11:45:10","slug":"el-aula-medioambiental-ofrece-los-proximos-meses-rutas-talleres-y-actividades-familiares","status":"publish","type":"post","link":"https:\/\/www.europesays.com\/es\/319017\/","title":{"rendered":"El Aula Medioambiental ofrece los pr\u00f3ximos meses rutas, talleres y actividades familiares"},"content":{"rendered":"<p class=\"xmsonormal\" style=\"text-align: justify; line-height: 115%;\">El Aula Medioambiental ha programado para los meses de enero y febrero una amplia oferta de talleres, rutas interpretativas y actividades familiares dirigidas a todos los p\u00fablicos, con especial atenci\u00f3n a los m\u00e1s peque\u00f1os. Todas las propuestas se desarrollan en el propio Aula y en distintos espacios naturales del municipio, y requieren inscripci\u00f3n previa.<\/p>\n<p class=\"xmsonormal\" style=\"text-align: justify; line-height: 115%;\">La programaci\u00f3n es la siguiente: <\/p>\n<p class=\"xmsonormal\" style=\"text-align: justify; line-height: 115%;\"><strong>ENERO<\/strong><\/p>\n<p class=\"xmsonormal\" style=\"margin-left: 36.0pt; text-align: justify; text-indent: -18.0pt; line-height: 115%; mso-list: l1 level1 lfo1; tab-stops: list 36.0pt;\">\u00b7\u00a0\u00a0\u00a0\u00a0\u00a0\u00a0\u00a0\u00a0 S\u00e1bado 10. Taller de origami y kirigami en papel de regalo, en el que los participantes aprender\u00e1n a transformar el papel en figuras decorativas de animales y plantas. Lugar: Aula Medioambiental. Horario: de 11:00 a 13:00 horas.<\/p>\n<p class=\"xmsonormal\" style=\"margin-left: 36.0pt; text-align: justify; text-indent: -18.0pt; line-height: 115%; mso-list: l1 level1 lfo1; tab-stops: list 36.0pt;\">\u00b7\u00a0\u00a0\u00a0\u00a0\u00a0\u00a0\u00a0\u00a0 Domingo 11. Ruta ornitol\u00f3gica El arroyo de las Pueblas, dedicada a la observaci\u00f3n de aves invernantes y residentes y al conocimiento de sus h\u00e1bitos y desplazamientos. Lugar: Paseo de los Almendros, Boadilla del Monte. Horario: de 10:00 a 12:00 horas.<\/p>\n<p class=\"xmsonormal\" style=\"margin-left: 36.0pt; text-align: justify; text-indent: -18.0pt; line-height: 115%; mso-list: l1 level1 lfo1; tab-stops: list 36.0pt;\">\u00b7\u00a0\u00a0\u00a0\u00a0\u00a0\u00a0\u00a0\u00a0 S\u00e1bado 17. Ruta interpretativa Los misterios de la vegetaci\u00f3n, para descubrir las plantas y su historia dentro de la dehesa y el monte mediterr\u00e1neo. Lugar: Aula Medioambiental. Horario: de 11:00 a 13:00 horas.<\/p>\n<p class=\"xmsonormal\" style=\"margin-left: 36.0pt; text-align: justify; text-indent: -18.0pt; line-height: 115%; mso-list: l1 level1 lfo1; tab-stops: list 36.0pt;\">\u00b7\u00a0\u00a0\u00a0\u00a0\u00a0\u00a0\u00a0\u00a0 Domingo 18. Peque\u00f1os cient\u00edficos: El aire, nuestro amigo invisible, taller de experimentaci\u00f3n con actividades sobre el aire y la atm\u00f3sfera, que incluye la construcci\u00f3n de aviones de papel. Lugar: Aula Medioambiental. Horario: de 10:00 a 12:00 horas.<\/p>\n<p class=\"xmsonormal\" style=\"margin-left: 36.0pt; text-align: justify; text-indent: -18.0pt; line-height: 115%; mso-list: l1 level1 lfo1; tab-stops: list 36.0pt;\">\u00b7\u00a0\u00a0\u00a0\u00a0\u00a0\u00a0\u00a0\u00a0 S\u00e1bado 24. Ruta interpretativa en el Bosque Santander, para conocer este espacio natural de la Ciudad Financiera del Grupo Santander. Lugar: El Bosque, Ciudad Financiera Grupo Santander. Horario: de 11:00 a 13:30 horas.<\/p>\n<p class=\"xmsonormal\" style=\"margin-left: 36.0pt; text-align: justify; text-indent: -18.0pt; line-height: 115%; mso-list: l1 level1 lfo1; tab-stops: list 36.0pt;\">\u00b7\u00a0\u00a0\u00a0\u00a0\u00a0\u00a0\u00a0\u00a0 Domingo 25. Marat\u00f3n de juegos en el Aula Medioambiental, con distintas din\u00e1micas y juegos para profundizar en el conocimiento de la naturaleza a trav\u00e9s del ocio. Horario: de 11:00 a 13:00 horas.<\/p>\n<p class=\"xmsonormal\" style=\"margin-left: 36.0pt; text-align: justify; text-indent: -18.0pt; line-height: 115%; mso-list: l1 level1 lfo1; tab-stops: list 36.0pt;\">\u00b7\u00a0\u00a0\u00a0\u00a0\u00a0\u00a0\u00a0\u00a0 S\u00e1bado 31. Ruta interpretativa Lagunas de Velilla de San Antonio, para conocer de cerca el cauce del r\u00edo Jarama. Lugar: parking de las Lagunas, Velilla de San Antonio. Horario: de 11:00 a 13:00 horas.<\/p>\n<p class=\"xmsonormal\" style=\"margin-left: 36.0pt; text-align: justify; line-height: 115%;\">\u00a0<\/p>\n<p class=\"xmsonormal\" style=\"margin-left: 36.0pt; text-align: justify; line-height: 115%;\"><strong>FEBRERO<\/strong><\/p>\n<p class=\"xmsonormal\" style=\"margin-left: 36.0pt; text-align: justify; text-indent: -18.0pt; line-height: 115%; mso-list: l0 level1 lfo2; tab-stops: list 36.0pt;\">\u00b7\u00a0\u00a0\u00a0\u00a0\u00a0\u00a0\u00a0\u00a0 Domingo 1. Cuentacuentos en ruta La ciudad perdida del Valle Florido, un paseo narrado en el que los participantes viajar\u00e1n al mundo m\u00e1gico de los Minimontys, conocer\u00e1n criaturas ya desaparecidas y descubrir\u00e1n c\u00f3mo proteger mejor el entorno natural. Lugar: Aula Medioambiental. Horario: de 11:00 a 13:00 horas.<\/p>\n<p class=\"xmsonormal\" style=\"margin-left: 36.0pt; text-align: justify; text-indent: -18.0pt; line-height: 115%; mso-list: l0 level1 lfo2; tab-stops: list 36.0pt;\">\u00b7\u00a0\u00a0\u00a0\u00a0\u00a0\u00a0\u00a0\u00a0 S\u00e1bado 7. Taller peque\u00f1os cient\u00edficos La vida por dentro, en el que se descubrir\u00e1 c\u00f3mo son las plantas y los seres vivos por dentro mediante experimentos sencillos y actividades de observaci\u00f3n. Lugar: Aula Medioambiental. Horario: de 11:00 a 13:00 horas. Recomendado para mayores de 6 a\u00f1os.<\/p>\n<p class=\"xmsonormal\" style=\"margin-left: 36.0pt; text-align: justify; text-indent: -18.0pt; line-height: 115%; mso-list: l0 level1 lfo2; tab-stops: list 36.0pt;\">\u00b7\u00a0\u00a0\u00a0\u00a0\u00a0\u00a0\u00a0\u00a0 Domingo 8. Taller de elaboraci\u00f3n de jabones de glicerina. \u00a0Lugar: Aula Medioambiental Horario: de 11:00 a 13:00 horas. Precio: 6 euros empadronados y 8 euros no empadronados.<\/p>\n<p class=\"xmsonormal\" style=\"margin-left: 36.0pt; text-align: justify; text-indent: -18.0pt; line-height: 115%; mso-list: l0 level1 lfo2; tab-stops: list 36.0pt;\">\u00b7\u00a0\u00a0\u00a0\u00a0\u00a0\u00a0\u00a0\u00a0 S\u00e1bado 14 y domingo 15. Taller de sombreros y accesorios de Carnaval. Aula Medioambiental. Horario: de 11:00 a 13:00 horas.<\/p>\n<p class=\"xmsonormal\" style=\"margin-left: 36.0pt; text-align: justify; text-indent: -18.0pt; line-height: 115%; mso-list: l0 level1 lfo2; tab-stops: list 36.0pt;\">\u00b7\u00a0\u00a0\u00a0\u00a0\u00a0\u00a0\u00a0\u00a0 20, 21, 22, 27 y 28 de febrero, y 1 de marzo. Curso b\u00e1sico de iniciaci\u00f3n a la astronom\u00eda, dirigido a quienes quieran conocer los primeros pasos para explorar el cielo. Lugar: Aula Medioambiental. Horario: viernes 20 y 27, de 18:30 a 21:30 horas; s\u00e1bados 21 y 28 y domingo 22 y 1, de 10:30 a 13:00 horas. Recomendado para mayores de 13 a\u00f1os.<\/p>\n<p class=\"xmsonormal\" style=\"margin-left: 36.0pt; text-align: justify; text-indent: -18.0pt; line-height: 115%; mso-list: l0 level1 lfo2; tab-stops: list 36.0pt;\">\u00b7\u00a0\u00a0\u00a0\u00a0\u00a0\u00a0\u00a0\u00a0 S\u00e1bado 21. Ruta de identificaci\u00f3n de rastros en el Monte de las Encinas, para aprender a reconocer huellas, se\u00f1ales y otros indicios de la fauna. Lugar: Aparcamiento del Polideportivo Rey Felipe VI. Horario: de 11:00 a 13:00 horas.<\/p>\n<p class=\"xmsonormal\" style=\"margin-left: 36.0pt; text-align: justify; text-indent: -18.0pt; line-height: 115%; mso-list: l0 level1 lfo2; tab-stops: list 36.0pt;\">\u00b7\u00a0\u00a0\u00a0\u00a0\u00a0\u00a0\u00a0\u00a0 S\u00e1bado 28. Ruta interpretativa en el Bosque Santander, con nuevo recorrido por este espacio natural de la Ciudad Financiera. Lugar: El Bosque, Ciudad Financiera Grupo Santander. Horario: de 11:00 a 13:30 horas.<\/p>\n<p class=\"xmsonormal\" style=\"text-align: justify; line-height: 115%;\">Para obtener m\u00e1s informaci\u00f3n e inscribirse en cualquiera de las actividades, los interesados pueden dirigirse al Aula Medioambiental, escribir al correo\u00a0<a href=\"https:\/\/ayuntamientoboadilladelmonte.org\/boadilla-actualidad\/noticias\/mailto:amaboadilla@gmail.com\" target=\"_blank\" rel=\"nofollow noopener\"><strong>amaboadilla@gmail.com<\/strong><\/a>\u00a0o llamar al tel\u00e9fono 91 161 01 21, as\u00ed como consultar la web\u00a0<a href=\"http:\/\/www.aulanaturalezaboadilla.es\/\" target=\"_blank\" rel=\"nofollow noopener\"><strong>www.aulanaturalezaboadilla.es<\/strong><\/a><\/p>\n<p class=\"xmsonormal\" style=\"text-align: justify; line-height: 115%;\">\u00a0<\/p>\n<p class=\"xmsonormal\" style=\"text-align: justify; line-height: 115%; background: white;\">\u00a0<\/p>\n","protected":false},"excerpt":{"rendered":"El Aula Medioambiental ha programado para los meses de enero y febrero una amplia oferta de talleres, rutas&hellip;\n","protected":false},"author":2,"featured_media":319018,"comment_status":"","ping_status":"","sticky":false,"template":"","format":"standard","meta":{"footnotes":""},"categories":[5],"tags":[17,18,25,24,13,14,11,19,20,9,10,15,16,23,12,21,22],"class_list":{"0":"post-319017","1":"post","2":"type-post","3":"status-publish","4":"format-standard","5":"has-post-thumbnail","7":"category-titulares","8":"tag-breaking-news","9":"tag-breakingnews","10":"tag-es","11":"tag-espana","12":"tag-featured-news","13":"tag-featurednews","14":"tag-headlines","15":"tag-latest-news","16":"tag-latestnews","17":"tag-news","18":"tag-noticias","19":"tag-noticias-destacadas","20":"tag-noticiasdestacadas","21":"tag-spain","22":"tag-titulares","23":"tag-ultimas-noticias","24":"tag-ultimasnoticias"},"share_on_mastodon":{"url":"https:\/\/pubeurope.com\/@es\/115825339410408478","error":""},"_links":{"self":[{"href":"https:\/\/www.europesays.com\/es\/wp-json\/wp\/v2\/posts\/319017","targetHints":{"allow":["GET"]}}],"collection":[{"href":"https:\/\/www.europesays.com\/es\/wp-json\/wp\/v2\/posts"}],"about":[{"href":"https:\/\/www.europesays.com\/es\/wp-json\/wp\/v2\/types\/post"}],"author":[{"embeddable":true,"href":"https:\/\/www.europesays.com\/es\/wp-json\/wp\/v2\/users\/2"}],"replies":[{"embeddable":true,"href":"https:\/\/www.europesays.com\/es\/wp-json\/wp\/v2\/comments?post=319017"}],"version-history":[{"count":0,"href":"https:\/\/www.europesays.com\/es\/wp-json\/wp\/v2\/posts\/319017\/revisions"}],"wp:featuredmedia":[{"embeddable":true,"href":"https:\/\/www.europesays.com\/es\/wp-json\/wp\/v2\/media\/319018"}],"wp:attachment":[{"href":"https:\/\/www.europesays.com\/es\/wp-json\/wp\/v2\/media?parent=319017"}],"wp:term":[{"taxonomy":"category","embeddable":true,"href":"https:\/\/www.europesays.com\/es\/wp-json\/wp\/v2\/categories?post=319017"},{"taxonomy":"post_tag","embeddable":true,"href":"https:\/\/www.europesays.com\/es\/wp-json\/wp\/v2\/tags?post=319017"}],"curies":[{"name":"wp","href":"https:\/\/api.w.org\/{rel}","templated":true}]}}