{"id":319021,"date":"2026-01-02T11:51:22","date_gmt":"2026-01-02T11:51:22","guid":{"rendered":"https:\/\/www.europesays.com\/es\/319021\/"},"modified":"2026-01-02T11:51:22","modified_gmt":"2026-01-02T11:51:22","slug":"sin-sus-referencias-el-ciclismo-britanico-ha-salido-del-foco","status":"publish","type":"post","link":"https:\/\/www.europesays.com\/es\/319021\/","title":{"rendered":"Sin sus referencias, el ciclismo brit\u00e1nico ha salido del foco"},"content":{"rendered":"<p><img fetchpriority=\"high\" decoding=\"async\" class=\"aligncenter size-full wp-image-67398\" src=\"data:image\/svg+xml,%3Csvg%20xmlns=\" http:=\"\" alt=\"\" width=\"1025\" height=\"400\" data-lazy- data-lazy- data-lazy-src=\"https:\/\/www.europesays.com\/es\/wp-content\/uploads\/2025\/11\/anunci-generic-bla-1-1024x120-px-v3-02.jpg\"\/><\/p>\n<p>Sin sus referencias, el ciclismo brit\u00e1nico ha salido del foco<\/p>\n<p>Durante no pocos a\u00f1os, el ciclismo brit\u00e1nico no fue un equipo; fue un rodillo.<\/p>\n<p>La era de Geraint Thomas y Chris Froome no solo llen\u00f3 las vitrinas, sino que alter\u00f3 el ecosistema.<\/p>\n<p><a class=\"wppaslink\" href=\"https:\/\/joanseguidor.com\/pas\/ccmm-valenciana\/44016\/0\" target=\"_blank\" rel=\"nofollow noopener\"><img decoding=\"async\" src=\"data:image\/svg+xml,%3Csvg%20xmlns=\" http:=\"\" alt=\"CCMM Valenciana\" border=\"0\" data-lazy-src=\"https:\/\/www.europesays.com\/es\/wp-content\/uploads\/2026\/01\/1767354682_433_aralleida-hivern-970x250-crea2-es.jpg\"\/><\/a><\/p>\n<p>Pero el tiempo, ese juez implacable que no entiende de palmar\u00e9s ni de \u00e9picas pasadas, ha dictado sentencia.<\/p>\n<p>Con <a href=\"https:\/\/joanseguidor.com\/sera-chris-froome-el-de-los-cuatro-tours\/\" target=\"_blank\" rel=\"noopener nofollow\">Froome<\/a> sumido en un ep\u00edlogo que se estira en exceso y <a href=\"https:\/\/joanseguidor.com\/que-hara-geraint-thomas-tras-la-retirada\/\" target=\"_blank\" rel=\"noopener nofollow\">Thomas<\/a> defendiendo su competitividad hasta el final, <strong>el ciclismo brit\u00e1nico masculino se asoma a un abismo que antes ve\u00eda de muy lejos<\/strong>.<\/p>\n<p>La pregunta no es qui\u00e9n ganar\u00e1 ahora, sino si es posible replicar una anomal\u00eda hist\u00f3rica.<\/p>\n<p>Lo que vivi\u00f3 el Reino Unido fue <strong>una conjunci\u00f3n planetaria de talento, ambici\u00f3n institucional y un presupuesto ilimitado<\/strong> que dif\u00edcilmente volver\u00e1 a repetirse.<\/p>\n<p>El problema de haber disfrutado de una Generaci\u00f3n de Oro es que cualquier metal que no brille igual sabe a poco.<\/p>\n<p>El an\u00e1lisis de la situaci\u00f3n actual nos obliga a mirar las grietas del sistema m\u00e1s all\u00e1 de nombres como loa Yates, quienes no son eternos, Tom Pidcock, Josh Tarling o la irrupci\u00f3n de <a href=\"https:\/\/joanseguidor.com\/oscar-onley-ineos\/\" target=\"_blank\" rel=\"noopener nofollow\">Oscar Onley<\/a>.<\/p>\n<p>Este \u00faltimo representa esa nueva v\u00eda: un talento que, lejos del paraguas de la estructura nacional de Ineos, busca su sitio en equipos extranjeros como el DSM, confirmando que ya no existe ese bloque monol\u00edtico que dirig\u00eda el destino de todos los corredores brit\u00e1nicos bajo una sola bandera.<\/p>\n<p>Hoy el talento est\u00e1 disperso por el World Tour, diluyendo ese sentimiento de selecci\u00f3n nacional permanente.<\/p>\n<p>A esto se suma <strong>la crisis de identidad de Ineos, el equipo que fue el motor<\/strong> del \u00e9xito brit\u00e1nico y que hoy atraviesa una sequ\u00eda de resultados y de modelo que afecta directamente a la proyecci\u00f3n del ciclista local.<\/p>\n<p>Adem\u00e1s, tras los recortes presupuestarios y los vaivenes internos en British Cycling, el camino desde el vel\u00f3dromo hasta el asfalto del Tour se ha vuelto m\u00e1s estrecho y tortuoso.<\/p>\n<p>El horizonte brit\u00e1nico parece alejarse definitivamente de la dictadura en las Grandes Vueltas para centrarse en especialistas de un d\u00eda o de perfiles muy espec\u00edficos.<\/p>\n<p><strong>Tenemos a Tarling, un portento contra el crono, a Pidcock que le da a todo y a Onley\u00a0 esperanza en la monta\u00f1a<\/strong>, pero con un techo a\u00fan por definir. Es un ciclismo quiz\u00e1 m\u00e1s est\u00e9tico y divertido para el espectador neutral, pero mucho menos dominante en la clasificaci\u00f3n general, ese terreno que durante una d\u00e9cada fue un coto privado de caza con acento ingl\u00e9s.<\/p>\n<p><strong>Gran Breta\u00f1a no va a desaparecer<\/strong>, pero la imagen de las banderas de la Union Jack ondeando en el podio de los Campos El\u00edseos es ya una foto en sepia.<\/p>\n<p>El relevo est\u00e1 ah\u00ed, pero la m\u00edstica del dominio absoluto se ha evaporado entre las dudas de su equipo de referencia y la pujanza de nuevas potencias internacionales que no esperan a nadie.<\/p>\n","protected":false},"excerpt":{"rendered":"Sin sus referencias, el ciclismo brit\u00e1nico ha salido del foco Durante no pocos a\u00f1os, el ciclismo brit\u00e1nico no&hellip;\n","protected":false},"author":2,"featured_media":16007,"comment_status":"","ping_status":"","sticky":false,"template":"","format":"standard","meta":{"footnotes":""},"categories":[273],"tags":[14515,313,312,168,25,24,2548,10502,23,167],"class_list":{"0":"post-319021","1":"post","2":"type-post","3":"status-publish","4":"format-standard","5":"has-post-thumbnail","7":"category-ciclismo","8":"tag-chris-froome","9":"tag-ciclismo","10":"tag-cycling","11":"tag-deportes","12":"tag-es","13":"tag-espana","14":"tag-featured","15":"tag-geraint-thomas","16":"tag-spain","17":"tag-sports"},"share_on_mastodon":{"url":"https:\/\/pubeurope.com\/@es\/115825363027522395","error":""},"_links":{"self":[{"href":"https:\/\/www.europesays.com\/es\/wp-json\/wp\/v2\/posts\/319021","targetHints":{"allow":["GET"]}}],"collection":[{"href":"https:\/\/www.europesays.com\/es\/wp-json\/wp\/v2\/posts"}],"about":[{"href":"https:\/\/www.europesays.com\/es\/wp-json\/wp\/v2\/types\/post"}],"author":[{"embeddable":true,"href":"https:\/\/www.europesays.com\/es\/wp-json\/wp\/v2\/users\/2"}],"replies":[{"embeddable":true,"href":"https:\/\/www.europesays.com\/es\/wp-json\/wp\/v2\/comments?post=319021"}],"version-history":[{"count":0,"href":"https:\/\/www.europesays.com\/es\/wp-json\/wp\/v2\/posts\/319021\/revisions"}],"wp:featuredmedia":[{"embeddable":true,"href":"https:\/\/www.europesays.com\/es\/wp-json\/wp\/v2\/media\/16007"}],"wp:attachment":[{"href":"https:\/\/www.europesays.com\/es\/wp-json\/wp\/v2\/media?parent=319021"}],"wp:term":[{"taxonomy":"category","embeddable":true,"href":"https:\/\/www.europesays.com\/es\/wp-json\/wp\/v2\/categories?post=319021"},{"taxonomy":"post_tag","embeddable":true,"href":"https:\/\/www.europesays.com\/es\/wp-json\/wp\/v2\/tags?post=319021"}],"curies":[{"name":"wp","href":"https:\/\/api.w.org\/{rel}","templated":true}]}}