{"id":31904,"date":"2025-08-07T15:56:08","date_gmt":"2025-08-07T15:56:08","guid":{"rendered":"https:\/\/www.europesays.com\/es\/31904\/"},"modified":"2025-08-07T15:56:08","modified_gmt":"2025-08-07T15:56:08","slug":"el-mecalia-atletico-guardes-comienza-una-apretada-pretemporada","status":"publish","type":"post","link":"https:\/\/www.europesays.com\/es\/31904\/","title":{"rendered":"El Mecalia Atl\u00e9tico Guard\u00e9s comienza una apretada pretemporada"},"content":{"rendered":"<p>            <a href=\"https:\/\/telemarinas.com\/wp-content\/uploads\/2025\/08\/guardes-2025.jpg\" data-caption=\"\" rel=\"nofollow noopener\" target=\"_blank\"><img loading=\"lazy\" width=\"696\" height=\"469\" class=\"entry-thumb td-modal-image lazyload\" alt=\"\" title=\"guarde\u0301s 2025\" src=\"https:\/\/www.europesays.com\/es\/wp-content\/uploads\/2025\/08\/guardes-2025-696x469.jpg\" decoding=\"async\"  data- data-eio-rwidth=\"696\" data-eio-rheight=\"469\"\/><\/a><\/p>\n<p><strong>El Mecalia Atl\u00e9tico Guard\u00e9s inaugura un agosto lleno de balonmano. Con el ritmo de entrenamientos ya asentado, el equipo mi\u00f1oto disputa este fin de semana su primera cita de una pretemporada que incluir\u00e1 otras cinco hasta terminar el 7 de septiembre con la Supercopa de Galicia.<\/strong><\/p>\n<p>Una preparaci\u00f3n para el nuevo curso que enlazar\u00e1 precisamente con el esperado inicio liguero, previsto para el 30 de agosto en el feudo del Zonzamas canario. En el calendario se incluyen eventos tradicionales como el Trofeo Festas do Monte, la mencionada Supercopa o el Summer Bag de Villacelama, si bien destaca como novedad un partido amistoso en memoria del hist\u00f3rico del Club Juan Rodr\u00edguez P\u00e9rez el 16 de agosto.<\/p>\n<p>Las de Ana Seabra calientan motores. Menos de dos semanas despu\u00e9s de iniciar los entrenamientos y con todas las jugadoras ya en activo, la plantilla se prepara para la acci\u00f3n en la primera cita de la pretemporada, el II Torneo Memorial Julio Gilsanz este fin de semana en O Porri\u00f1o.<\/p>\n<p>Este viernes 8 de agosto el nuevo Guard\u00e9s se estrenar\u00e1 en la primera de las semifinales de la competici\u00f3n amistosa contra el Rocasa Gran Canaria a las 18:00 horas, y seg\u00fan su resultado el domingo 9 luchar\u00e1 contra uno de los otros dos participantes, el ABC Braga o el anfitri\u00f3n Porri\u00f1o, por el tercer o primer puesto a las 18:00 \u00f3\u00a0 a las 20:00 horas, respectivamente. Un primer envite importante, que permitir\u00e1 conocer el estado de dos fuertes rivales de la categor\u00eda \u00e9lite.<\/p>\n<p>El balonmano continuar\u00e1 el fin de semana siguiente, con el Mecalia actuando como anfitri\u00f3n por partida doble. El viernes 15 de agosto, A Sangri\u00f1a acoger\u00e1 el tradicional Trofeo Festas do Monte, un encuentro amistoso contra el portugu\u00e9s S\u00e3o Pedro do Sul a las 20:30 horas.<\/p>\n<p>Al d\u00eda siguiente, el mismo pabell\u00f3n guard\u00e9s ser\u00e1 escenario de la principal novedad de esta pretemporada, en la que se prev\u00e9 como una jornada especial y emotiva: un partido homenaje a Juan Rodr\u00edguez, expresidente del Club mi\u00f1oto fallecido justo un a\u00f1o atr\u00e1s, para el que se est\u00e1 trabajando en concretar un rival, aspecto que todav\u00eda no ha podido cerrarse debido a la alta ocupaci\u00f3n en el transporte en esta \u00e9poca del a\u00f1o. Previsiblemente, ser\u00e1 tambi\u00e9n a las 20:30 horas.<\/p>\n<p>Los amistosos de agosto se cierran el fin de semana siguiente con el tambi\u00e9n habitual Torneo Summer BAG Experience de Villacelama en Le\u00f3n, que el s\u00e1bado 22 y domingo 23 reunir\u00e1 al Guard\u00e9s con tres conocidos rivales de la Divisi\u00f3n de Honor. En la primera jornada, el Mecalia se medir\u00e1 al Costa del Sol M\u00e1laga en la segunda semifinal a las 20:30 horas, mientras que el domingo luchar\u00e1 bien por el primer o tercer puesto ante el Bera Bera o el Aula Valladolid con los horarios a\u00fan por definir.<\/p>\n<p>El \u00faltimo mes del verano se coronar\u00e1 con un importante compromiso para el equipo de A Guarda, que el s\u00e1bado 30 de agosto visitar\u00e1 al Zonzamas Plus Car Lanzarote en la primera jornada de la Liga Guerreras Iberdrola 2025\/2026 a las 20:00 horas, en el Pabell\u00f3n Municipal de San Bartolom\u00e9, otro de los conjuntos ascendidos a la categor\u00eda este a\u00f1o que ha dado mucho que hablar por la impresionante composici\u00f3n de su plantilla.<\/p>\n<p>La segunda jornada ser\u00e1 apenas d\u00edas despu\u00e9s, y reunir\u00e1 en A Guarda, a un Mecalia anfitri\u00f3n con el KH-7 BM Granollers el mi\u00e9rcoles 3 de septiembre a las 21:00 horas en A Sangri\u00f1a.<\/p>\n<p>Y con la cabeza ya puesta en la Liga, quedar\u00e1 espacio para la cita definitiva de la pretemporada guardesa, tambi\u00e9n muy tradicional y esperada, el derbi gallego de la final de la Supercopa de Galicia, que se celebrar\u00e1 este a\u00f1o en Vilagarc\u00eda de Arousa el domingo 7 de septiembre a las 19:00 horas contra, como no pod\u00eda ser de otra manera, el Balonm\u00e1n Porri\u00f1o.<\/p>\n<p>Una forma inmejorable de cerrar seis semanas fren\u00e9ticas para un Guard\u00e9s con muchas ganas de ponerse en marcha y ajustar sus tuercas para un nuevo curso lleno de oportunidades.<\/p>\n<p><img fetchpriority=\"high\" decoding=\"async\" class=\"alignnone size-full wp-image-184088 lazyload\" alt=\"\" width=\"1200\" height=\"774\" src=\"https:\/\/www.europesays.com\/es\/wp-content\/uploads\/2025\/08\/calendario-mecalia-veran-25.jpg\"  data- data-eio-rwidth=\"1200\" data-eio-rheight=\"774\"\/><\/p>\n<p><strong>Cr\u00f3nica: Elena Garc\u00eda<\/strong><\/p>\n<p><a href=\"https:\/\/orpagu.com\/tienda\/\" target=\"_blank\" rel=\"noopener nofollow\"><img loading=\"lazy\" decoding=\"async\" class=\"size-full wp-image-175045 aligncenter lazyload\" alt=\"\" width=\"325\" height=\"180\" src=\"https:\/\/www.europesays.com\/es\/wp-content\/uploads\/2025\/08\/orpagu-nuevo.jpg\"  data- data-eio-rwidth=\"325\" data-eio-rheight=\"180\"\/><\/a><\/p>\n<p>\u00a0<\/p>\n","protected":false},"excerpt":{"rendered":"El Mecalia Atl\u00e9tico Guard\u00e9s inaugura un agosto lleno de balonmano. Con el ritmo de entrenamientos ya asentado, el&hellip;\n","protected":false},"author":2,"featured_media":31905,"comment_status":"","ping_status":"","sticky":false,"template":"","format":"standard","meta":{"footnotes":""},"categories":[278],"tags":[376,168,25,24,375,8242,961,23,167],"class_list":{"0":"post-31904","1":"post","2":"type-post","3":"status-publish","4":"format-standard","5":"has-post-thumbnail","7":"category-balonmano","8":"tag-balonmano","9":"tag-deportes","10":"tag-es","11":"tag-espana","12":"tag-handball","13":"tag-mecalia-atletico-guardes","14":"tag-pretemporada","15":"tag-spain","16":"tag-sports"},"share_on_mastodon":{"url":"","error":""},"_links":{"self":[{"href":"https:\/\/www.europesays.com\/es\/wp-json\/wp\/v2\/posts\/31904","targetHints":{"allow":["GET"]}}],"collection":[{"href":"https:\/\/www.europesays.com\/es\/wp-json\/wp\/v2\/posts"}],"about":[{"href":"https:\/\/www.europesays.com\/es\/wp-json\/wp\/v2\/types\/post"}],"author":[{"embeddable":true,"href":"https:\/\/www.europesays.com\/es\/wp-json\/wp\/v2\/users\/2"}],"replies":[{"embeddable":true,"href":"https:\/\/www.europesays.com\/es\/wp-json\/wp\/v2\/comments?post=31904"}],"version-history":[{"count":0,"href":"https:\/\/www.europesays.com\/es\/wp-json\/wp\/v2\/posts\/31904\/revisions"}],"wp:featuredmedia":[{"embeddable":true,"href":"https:\/\/www.europesays.com\/es\/wp-json\/wp\/v2\/media\/31905"}],"wp:attachment":[{"href":"https:\/\/www.europesays.com\/es\/wp-json\/wp\/v2\/media?parent=31904"}],"wp:term":[{"taxonomy":"category","embeddable":true,"href":"https:\/\/www.europesays.com\/es\/wp-json\/wp\/v2\/categories?post=31904"},{"taxonomy":"post_tag","embeddable":true,"href":"https:\/\/www.europesays.com\/es\/wp-json\/wp\/v2\/tags?post=31904"}],"curies":[{"name":"wp","href":"https:\/\/api.w.org\/{rel}","templated":true}]}}