{"id":319045,"date":"2026-01-02T12:07:25","date_gmt":"2026-01-02T12:07:25","guid":{"rendered":"https:\/\/www.europesays.com\/es\/319045\/"},"modified":"2026-01-02T12:07:25","modified_gmt":"2026-01-02T12:07:25","slug":"el-nuevo-ano-arranca-con-diversas-actividades-en-los-espacios-de-personas-mayores","status":"publish","type":"post","link":"https:\/\/www.europesays.com\/es\/319045\/","title":{"rendered":"El nuevo a\u00f1o arranca con diversas actividades en los Espacios de Personas Mayores"},"content":{"rendered":"<p>El \u00e1rea de Bienestar Social del Ayuntamiento de Irun, en el marco del Servicio de Dinamizaci\u00f3n de los Espacios de Personas Mayores de la ciudad, ha organizado a lo largo del mes de enero varias actividades en los Espacios para Personas Mayores. Las actividades en los numerosos espacios de la ciudad favorecen la actividad y promueven la socializaci\u00f3n de las personas mayores de Irun.<\/p>\n<p>El programa de este mes de enero en cada uno de los Espacios para Personas Mayores se presenta a continuaci\u00f3n:<\/p>\n<p><strong>Anaka-Puiana:<\/strong><\/p>\n<ul>&#13;<\/p>\n<li>Ma\u00f1ana, 3 de enero, proyecci\u00f3n de la pel\u00edcula \u2018Un vecino con pocas luces\u2019 (17:30 horas).<\/li>\n<p>&#13;<\/p>\n<li>El 5 de enero se llevar\u00e1 a cabo la merienda de Reyes (17:30 horas).<\/li>\n<p>&#13;<\/p>\n<li>Los d\u00edas 17, 24 y 31 se realizar\u00e1n los ensayos de Carnavales (16:00 horas).<\/li>\n<p>&#13;<\/p>\n<li>El 24 de enero habr\u00e1 baile (17:30 horas).<\/li>\n<p>&#13;<\/p>\n<li>Del 19 al 31 de enero exposici\u00f3n de acuarelas de Merche Ramos.<\/li>\n<p>&#13;\n<\/ul>\n<p><strong>Behobia:<\/strong><\/p>\n<ul>&#13;<\/p>\n<li>Ma\u00f1ana, 3 de enero, proyecci\u00f3n de la pel\u00edcula \u2018Sirat\u2019 (17:00 horas).<\/li>\n<p>&#13;<\/p>\n<li>El d\u00eda 9 se visitar\u00e1 la exposici\u00f3n \u20185 litros\u2019 (17:00 horas).<\/li>\n<p>&#13;\n<\/ul>\n<p><strong>Belaskoenea:<\/strong><\/p>\n<ul>&#13;<\/p>\n<li>El 14 de enero se jugar\u00e1 al Bingo (17:30 horas).<\/li>\n<p>&#13;\n<\/ul>\n<p><strong>Iraso:<\/strong><\/p>\n<ul>&#13;<\/p>\n<li>El 5 de enero se realizar\u00e1 una salida para ver la cabalgata de Sus Majestades los Reyes Magos de Oriente (17:00 horas).<\/li>\n<p>&#13;<\/p>\n<li>El d\u00eda 7 de enero se visitar\u00e1 el Bel\u00e9n del Espacio de Mayores de Belaskoenea (17:00 horas).<\/li>\n<p>&#13;\n<\/ul>\n<p><strong>Lekanea:<\/strong><\/p>\n<ul>&#13;<\/p>\n<li>El 20 de enero se llevar\u00e1 a cabo un taller de decoraci\u00f3n de Carnavales (17:30 horas).<\/li>\n<p>&#13;\n<\/ul>\n<p><strong>Luis Mariano:<\/strong><\/p>\n<ul>&#13;<\/p>\n<li>Ma\u00f1ana, 3 de enero, proyecci\u00f3n de la pel\u00edcula \u2018Vaya Navidad\u2019 (17:00 horas).<\/li>\n<p>&#13;<\/p>\n<li>El d\u00eda 15 se har\u00e1 una lectura especial: \u2018Tamborrada de Donostia\u2019 (17:00 horas).<\/li>\n<p>&#13;<\/p>\n<li>El d\u00eda 29 se realizar\u00e1 una salida para merendar porras (17:00 horas).<\/li>\n<p>&#13;\n<\/ul>\n<p><strong>Palmera Montero:<\/strong><\/p>\n<ul>&#13;<\/p>\n<li>El 5 de enero se visitar\u00e1 el Bel\u00e9n del Espacio de Mayores de Behobia (17:30 horas).<\/li>\n<p>&#13;<\/p>\n<li>El d\u00eda 30 se proyectar\u00e1 la pel\u00edcula \u2018La canci\u00f3n del marinero\u2019 (17:30 horas).<\/li>\n<p>&#13;\n<\/ul>\n<p><strong>San Miguel:<\/strong><\/p>\n<ul>&#13;<\/p>\n<li>El 5 de enero se realizar\u00e1 una salida para ver la cabalgata de Sus Majestades los Reyes Magos de Oriente (17:30 horas).<\/li>\n<p>&#13;<\/p>\n<li>El d\u00eda 17 se proyectar\u00e1 la pel\u00edcula \u2018Orgullo y prejuicio\u2019 (17:00 horas).<\/li>\n<p>&#13;\n<\/ul>\n<p><strong>Ventas:<\/strong><\/p>\n<ul>&#13;<\/p>\n<li>El d\u00eda 7 de enero se visitar\u00e1 el Bel\u00e9n del Espacio de Mayores de Belaskoenea (17:00 horas).<\/li>\n<p>&#13;<\/p>\n<li>El 24 de enero se llevar\u00e1 a cabo un taller de cocina en el Haurtxoko y ser\u00e1 una actividad intergeneracional (16:30 horas).<\/li>\n<p>&#13;\n<\/ul>\n","protected":false},"excerpt":{"rendered":"El \u00e1rea de Bienestar Social del Ayuntamiento de Irun, en el marco del Servicio de Dinamizaci\u00f3n de los&hellip;\n","protected":false},"author":2,"featured_media":319046,"comment_status":"","ping_status":"","sticky":false,"template":"","format":"standard","meta":{"footnotes":""},"categories":[8],"tags":[17,18,25,24,13,14,11,19,20,9,10,15,16,23,12,21,22],"class_list":{"0":"post-319045","1":"post","2":"type-post","3":"status-publish","4":"format-standard","5":"has-post-thumbnail","7":"category-espana","8":"tag-breaking-news","9":"tag-breakingnews","10":"tag-es","11":"tag-espana","12":"tag-featured-news","13":"tag-featurednews","14":"tag-headlines","15":"tag-latest-news","16":"tag-latestnews","17":"tag-news","18":"tag-noticias","19":"tag-noticias-destacadas","20":"tag-noticiasdestacadas","21":"tag-spain","22":"tag-titulares","23":"tag-ultimas-noticias","24":"tag-ultimasnoticias"},"share_on_mastodon":{"url":"https:\/\/pubeurope.com\/@es\/115825426043138240","error":""},"_links":{"self":[{"href":"https:\/\/www.europesays.com\/es\/wp-json\/wp\/v2\/posts\/319045","targetHints":{"allow":["GET"]}}],"collection":[{"href":"https:\/\/www.europesays.com\/es\/wp-json\/wp\/v2\/posts"}],"about":[{"href":"https:\/\/www.europesays.com\/es\/wp-json\/wp\/v2\/types\/post"}],"author":[{"embeddable":true,"href":"https:\/\/www.europesays.com\/es\/wp-json\/wp\/v2\/users\/2"}],"replies":[{"embeddable":true,"href":"https:\/\/www.europesays.com\/es\/wp-json\/wp\/v2\/comments?post=319045"}],"version-history":[{"count":0,"href":"https:\/\/www.europesays.com\/es\/wp-json\/wp\/v2\/posts\/319045\/revisions"}],"wp:featuredmedia":[{"embeddable":true,"href":"https:\/\/www.europesays.com\/es\/wp-json\/wp\/v2\/media\/319046"}],"wp:attachment":[{"href":"https:\/\/www.europesays.com\/es\/wp-json\/wp\/v2\/media?parent=319045"}],"wp:term":[{"taxonomy":"category","embeddable":true,"href":"https:\/\/www.europesays.com\/es\/wp-json\/wp\/v2\/categories?post=319045"},{"taxonomy":"post_tag","embeddable":true,"href":"https:\/\/www.europesays.com\/es\/wp-json\/wp\/v2\/tags?post=319045"}],"curies":[{"name":"wp","href":"https:\/\/api.w.org\/{rel}","templated":true}]}}