{"id":319053,"date":"2026-01-02T12:17:09","date_gmt":"2026-01-02T12:17:09","guid":{"rendered":"https:\/\/www.europesays.com\/es\/319053\/"},"modified":"2026-01-02T12:17:09","modified_gmt":"2026-01-02T12:17:09","slug":"valverde-pide-a-inaki-williams-que-cuide-las-expresiones-y-recuerda-que-la-supercopa-da-prestigio-y-dinero-al-club","status":"publish","type":"post","link":"https:\/\/www.europesays.com\/es\/319053\/","title":{"rendered":"Valverde pide a I\u00f1aki Williams que \u00abcuide las expresiones\u00bb y recuerda que la Supercopa da \u00abprestigio y dinero al club\u00bb"},"content":{"rendered":"<p>Las palabras de I\u00f1aki Williams el pasado martes, a la conclusi\u00f3n del entrenamiento a puerta abierta en San Mam\u00e9s en las que calific\u00f3 de <a href=\"https:\/\/www.elcorreo.com\/athletic\/inaki-williams-considera-jugar-supercopa-arabia-saudi-20251230132658-nt.html\" data-voc-vtm-id=\"in-text-traffic\" title=\"\u00abuna mierda, hablando mal\u00bb\" data-mrf-link=\"www.elcorreo.com\" rel=\"nofollow noopener\" target=\"_blank\">\u00abuna mierda, hablando mal\u00bb<\/a> &#8230;  que la Supercopa que los rojiblancos deber\u00e1n disputar entre el 7 y el 11 de enero se juegue en Arabia Saud\u00ed, siguen dando que hablar. Este viernes, en la v\u00edspera del primer partido del a\u00f1o del Athletic en El Sadar, ma\u00f1ana s\u00e1bado (16.15 horas) ante Osasuna, Ernesto Valverde corrigi\u00f3 al capit\u00e1n y se\u00f1al\u00f3 que \u00abdebemos ser cuidadosos con las expresiones que utilizamos\u00bb, adem\u00e1s de reconocer que el mayor de los Williams quiz\u00e1 \u00abno estuvo muy acertado\u00bb.<\/p>\n<p><a href=\"http:\/\/www.elcorreo.com\/athletic\/inaki-williams-patricia-morales-padres-20260102110452-nt.html#vtm_modulosEngag=mod-rel:athletic:noticia:1:cmp:1-not\" class=\"v-a-link\" title=\"I\u00f1aki Williams y Patricia Morales ya han sido padres\" rel=\"nofollow noopener\" target=\"_blank\"><br \/>\n<img decoding=\"async\" loading=\"lazy\" src=\"https:\/\/www.europesays.com\/es\/wp-content\/uploads\/2026\/01\/inaki-patricia-dos-koZ--1200x840@El Correo.jpg\" class=\"v-a-img\" width=\"258\" height=\"180\" alt=\"I\u00f1aki Williams y Patricia Morales ya han sido padres\"\/><\/p>\n<p><\/a><\/p>\n<p class=\"v-p\">El t\u00e9cnico recalc\u00f3 que con independencia de que guste m\u00e1s o menos el formato de la Supercopa \u00abpara nosotros ir a Arabia supone prestigio\u00bb. \u00abNo nos vamos a enga\u00f1ar, vamos a tener la posibilidad de ganar un t\u00edtulo y nuestro club est\u00e1 cobrando por ir all\u00ed, as\u00ed que aunque nos gustar\u00eda a todos que estuvieran nuestros aficionados y contar con ellos, por su puesto, tambi\u00e9n debemos ser respetuosos con todo\u00bb, enfatiz\u00f3 Txingurri.<\/p>\n<p class=\"v-p\">El t\u00e9cnico justific\u00f3 las palabras sobre la Supercopa de I\u00f1aki Williams, que <a href=\"https:\/\/www.elcorreo.com\/athletic\/inaki-williams-patricia-morales-padres-20260102110452-nt.html\" data-voc-vtm-id=\"in-text-traffic\" title=\"este jueves fue padre\" rel=\"nofollow noopener\" target=\"_blank\">este jueves fue padre<\/a>, en esa situaci\u00f3n personal que est\u00e1 viviendo estos \u00faltimos d\u00edas por el nacimiento de su hijo. El hecho de \u00abtener que marcharse lejos le puede trastocar un poco m\u00e1s\u00bb, pero reiter\u00f3 que la competici\u00f3n es importante para el club.<\/p>\n<p class=\"v-p\">Con el frente de la Supercopa en el horizonte, el equipo viajar\u00e1 el lunes hacia Yeda para medirse el mi\u00e9coles d\u00eda 7 al Barcelona en la semifinal, el Athletic est\u00e1 centrado \u00fanica y exclusivamente en el primer partido liguero del a\u00f1o, este s\u00e1bado (16.15 horas) ante Osasuna en El Sadar, donde los rojillos han cosechado 16 de los 18 puntos que suman actualmente en su casillero. Las dos \u00faltimas victorias ante Alav\u00e9s y Levante, adem\u00e1s, otorgan \u00abun punto de confianza\u00bb a los de Alessio Lisci.<\/p>\n<p class=\"v-p\">Por contra, el Athletic llega tras encadenar dos derrotas ante el Celta en Bala\u00eddos y Espanyol en San Mam\u00e9s que complican bastante las plazas europeas y toca reaccionar cuanto antes. Ernesto Valverde ha reconocido que el vestuario, tras la vuelta al trabajo el lunes pasado despu\u00e9s de seis d\u00edas de vacaciones, se han conjurado para cambiar esa din\u00e1mica negativa. \u00abHemos tenido que hacer una peque\u00f1a reflexi\u00f3n sobre esta primera mitad de temporada\u00bb porque \u00abhay cosas que tenemos que mejorar y en las que nos tenemos que centrar\u00bb, reconoci\u00f3.<\/p>\n<p class=\"v-p\">Una de ellas es el acierto de cara a puerta y otra la contundencia defensiva. La pasada campa\u00f1a hacerle un gol al Athletic era trabajo de titanes y este curso la situaci\u00f3n es bien distinta. \u00abHay cosas como las lesiones que son imponderables\u00bb que afectan al rendimiento del equipo, pero hemos perdido la mitad de los partidos que hemos jugado en liga y queremos volver a una din\u00e1mica positiva. Hay que perseverar en ello, tener ese punto de confianza para acertar cuando llegue el bal\u00f3n. Que se nos vean poco los defectos y mucho las virtudes. El resultado es una consecuencia de todo ello\u00bb, reclam\u00f3 a sus hombres.<\/p>\n<p>\u00abHay que ir a la pelea\u00bb<\/p>\n<p class=\"v-p\">Txingurri se muestra optimista al respecto. \u00abHay media temporada y la idea es insistir para tener m\u00e1s acierto defensiva y ofensivamente, Necesitamos mejorar en algunas cosas y estamos en ello\u00bb, zanj\u00f3. El duelo del Sadar \u2013el Athletic ha ganado en siete de las nueve \u00faltimas visitas\u2013, ser\u00e1 una buena piedra de toque en este sentido para calibrar si el conjunto rojiblanco est\u00e1 en disposici\u00f3n de cambiar la situaci\u00f3n.<\/p>\n<p class=\"v-p\">Valverde lo tiene claro. \u00abEs un partido complicad\u00edsimo\u00bb, pero al cuadro bilba\u00edno no le queda otra que ganar si quiere recuperar el terreno perdido. \u00abEse es nuestro principal prop\u00f3sito. Hay que ir a la pelea. El corto plazo es ya mismo, empezar otra vez la Liga. Nos queda un partido para terminar la primera vuelta y tenemos que ir recuperando puntos que nos hemos dejado por el camino\u00bb, asegur\u00f3 contundente.<\/p>\n<p class=\"v-p\">Osasuna acaba de incorporar al lateral Javi Gal\u00e1n procedente del Atl\u00e9tico y eso le otorga al t\u00e9cnico rojillo mayor capacidad de maniobra y profundidad por la izquierda. \u00abHan ido cambiado algunas cuestiones t\u00e1cticas. A veces juegan con cinco atr\u00e1s y otras con cuatro. Es un equipo fuerte y dif\u00edcil de sobrepasar y con espacios genera mucho peligro por los jugadores que tiene arriba\u00bb Por todo ello, el de Viandar de la Vera espera un derbi \u00abduro\u00bb. \u00abHay demasiadas cosas en juego como para ir muy preparados y con un grado de motivaci\u00f3n alto\u00bb.<\/p>\n","protected":false},"excerpt":{"rendered":"Las palabras de I\u00f1aki Williams el pasado martes, a la conclusi\u00f3n del entrenamiento a puerta abierta en San&hellip;\n","protected":false},"author":2,"featured_media":319054,"comment_status":"","ping_status":"","sticky":false,"template":"","format":"standard","meta":{"footnotes":""},"categories":[268],"tags":[1798,74415,168,534,25,24,13231,280,282,6616,34,24500,281,23,167,4611,1933],"class_list":{"0":"post-319053","1":"post","2":"type-post","3":"status-publish","4":"format-standard","5":"has-post-thumbnail","7":"category-futbol","8":"tag-club","9":"tag-cuide","10":"tag-deportes","11":"tag-dinero","12":"tag-es","13":"tag-espana","14":"tag-expresiones","15":"tag-football","16":"tag-futbol","17":"tag-inaki","18":"tag-pide","19":"tag-prestigio","20":"tag-soccer","21":"tag-spain","22":"tag-sports","23":"tag-supercopa","24":"tag-valverde"},"share_on_mastodon":{"url":"https:\/\/pubeurope.com\/@es\/115825465367176193","error":""},"_links":{"self":[{"href":"https:\/\/www.europesays.com\/es\/wp-json\/wp\/v2\/posts\/319053","targetHints":{"allow":["GET"]}}],"collection":[{"href":"https:\/\/www.europesays.com\/es\/wp-json\/wp\/v2\/posts"}],"about":[{"href":"https:\/\/www.europesays.com\/es\/wp-json\/wp\/v2\/types\/post"}],"author":[{"embeddable":true,"href":"https:\/\/www.europesays.com\/es\/wp-json\/wp\/v2\/users\/2"}],"replies":[{"embeddable":true,"href":"https:\/\/www.europesays.com\/es\/wp-json\/wp\/v2\/comments?post=319053"}],"version-history":[{"count":0,"href":"https:\/\/www.europesays.com\/es\/wp-json\/wp\/v2\/posts\/319053\/revisions"}],"wp:featuredmedia":[{"embeddable":true,"href":"https:\/\/www.europesays.com\/es\/wp-json\/wp\/v2\/media\/319054"}],"wp:attachment":[{"href":"https:\/\/www.europesays.com\/es\/wp-json\/wp\/v2\/media?parent=319053"}],"wp:term":[{"taxonomy":"category","embeddable":true,"href":"https:\/\/www.europesays.com\/es\/wp-json\/wp\/v2\/categories?post=319053"},{"taxonomy":"post_tag","embeddable":true,"href":"https:\/\/www.europesays.com\/es\/wp-json\/wp\/v2\/tags?post=319053"}],"curies":[{"name":"wp","href":"https:\/\/api.w.org\/{rel}","templated":true}]}}