{"id":319057,"date":"2026-01-02T12:21:10","date_gmt":"2026-01-02T12:21:10","guid":{"rendered":"https:\/\/www.europesays.com\/es\/319057\/"},"modified":"2026-01-02T12:21:10","modified_gmt":"2026-01-02T12:21:10","slug":"gracias-por-todo-el-apoyo","status":"publish","type":"post","link":"https:\/\/www.europesays.com\/es\/319057\/","title":{"rendered":"gracias por todo el apoyo"},"content":{"rendered":"<p>                                    <img decoding=\"async\" loading=\"lazy\" src=\"https:\/\/www.europesays.com\/es\/wp-content\/uploads\/2026\/01\/667d73368d600.jpeg\" alt=\"Enrique Mart\u00ednez Olmos\" width=\"40\" height=\"40\" data-full-src=\"https:\/\/www.europesays.com\/es\/wp-content\/uploads\/2026\/01\/667d73368d600.jpeg\"\/><\/p>\n<p class=\"paragraph\">La presidenta de la Asociaci\u00f3n V\u00edctimas Mortales Dana 29-O, <b>Rosa \u00c1lvarez,<\/b> ha vuelto a dejar claro que su papel p\u00fablico va mucho m\u00e1s all\u00e1 de la representaci\u00f3n neutral de las v\u00edctimas y que ya est\u00e1 en el puro activismo. En su despedida del a\u00f1o, \u00c1lvarez ha dedicado una <b>loa p\u00fablica a la pol\u00e9mica tertuliana de TVE Sarah Santaolalla<\/b>, una de las voces m\u00e1s agresivas del aparato medi\u00e1tico sanchista y que muestra un odio total a la derecha y a cualquiera que no siga los dictados del <b>PSOE<\/b>, confirmando as\u00ed una <b>deriva pol\u00edtica cada vez m\u00e1s evidente<\/b>.<\/p>\n<p class=\"paragraph\">Las palabras llegaron desde el programa Ma\u00f1aneros 360 de <b>TVE<\/b>, dirigido por <b>Javier Ruiz<\/b>, novio de la propia<b> Sarah Santaolalla<\/b>, donde <b>Rosa \u00c1lvarez <\/b>agradeci\u00f3 expl\u00edcitamente el respaldo de la tertuliana: <b>\u201cy siempre gracias a Sarah por el apoyo que nos presta siempre, desde aqu\u00ed todo nuestro agradecimiento\u201d<\/b>. Un mensaje que descoloca a muchas familias afectadas por la dana, que no se sienten representadas por este activismo partidista.<\/p>\n<p>            <a href=\"#\" title=\"\"><\/p>\n<p>                    <img loading=\"lazy\" decoding=\"async\" data-index=\"\" width=\"140\" height=\"140\" alt=\"Rosa \u00c1lvarez y miembros de la Asociaci\u00f3n V\u00edctimas Mortales Dana 29-O saludan a Teresa Ribera en un acto del PSOE\" data-full=\"[object Object]\" data-original=\"[object Object]\" src=\"https:\/\/imagenes.esdiario.com\/files\/related_image\/uploads\/2025\/11\/12\/69150c43f31be.jpeg\" data-full-src=\"https:\/\/www.europesays.com\/es\/wp-content\/uploads\/2026\/01\/69150c43f31be.jpeg\"\/><\/p>\n<p>            <\/a><\/p>\n<p class=\"paragraph\"><b>Sarah Santaolalla <\/b>no tard\u00f3 en <b>aprovechar el gesto para apropiarse del dolor ajeno<\/b> y vender un relato falso de respaldo generalizado. En redes sociales proclam\u00f3 que su \u201cmayor triunfo en 2025\u201d hab\u00eda sido que <b>\u201clos familiares de las v\u00edctimas de la dana agradezcan mi curro\u201d<\/b>, pese a que <b>la \u00fanica que la ha alabado p\u00fablicamente es Rosa \u00c1lvarez<\/b>, no el conjunto de las v\u00edctimas.<\/p>\n<p class=\"paragraph\">El episodio no es aislado. <b>Rosa \u00c1lvarez <\/b>lleva meses exhibiendo una <b>cercan\u00eda pol\u00edtica con el<\/b> <b>PSOE<\/b> que choca frontalmente con la neutralidad que se espera de una asociaci\u00f3n de v\u00edctimas de la dana. Desde su <b>presencia en Bruselas en un acto socialista<\/b>, donde se fotografi\u00f3 entre <b>abrazos con Teresa Ribera<\/b>, responsable pol\u00edtica de los cauces y de la CHJ, a la que no le exigi\u00f3 nada, hasta sus reiteradas muestras de afecto hacia <b>su \u201camiga Pilar Bernab\u00e9\u201d<\/b>, a cuyos actos acude en primera fila, como en el pasado desayuno informativo que ofreci\u00f3 la delegada del Gobierno. O sus <b>abrazos con Gabriel Rufi\u00e1n y el \u00d3skar Matute de Bildu<\/b> cuando acudi\u00f3i a la comisi\u00f3n de la dana en el <b>Congreso<\/b>. <b>Sarah Santaolalla<\/b> por su parte es una de las principales transmisoras del mensaje sanchista con un estilo grosero hacia todo aquel que piensa diferente y fue invitado a la <b>escuela de verano de Juventudes Socialistas<\/b>. Unan la l\u00ednea de puntos.<\/p>\n<p>            <a href=\"#\" title=\"\"><\/p>\n<p>                    <img loading=\"lazy\" decoding=\"async\" data-index=\"\" width=\"140\" height=\"140\" alt=\"Rufi\u00e1n y \u00d3skar Matute de Bildu compadrean con Rosa \u00c1lvarez\" data-full=\"[object Object]\" data-original=\"[object Object]\" src=\"https:\/\/imagenes.esdiario.com\/files\/related_image\/uploads\/2025\/11\/18\/691c507060d7c.jpeg\" data-full-src=\"https:\/\/www.europesays.com\/es\/wp-content\/uploads\/2026\/01\/691c507060d7c.jpeg\"\/><\/p>\n<p>            <\/a><\/p>\n","protected":false},"excerpt":{"rendered":"La presidenta de la Asociaci\u00f3n V\u00edctimas Mortales Dana 29-O, Rosa \u00c1lvarez, ha vuelto a dejar claro que su&hellip;\n","protected":false},"author":2,"featured_media":319058,"comment_status":"","ping_status":"","sticky":false,"template":"","format":"standard","meta":{"footnotes":""},"categories":[171],"tags":[1681,146,147,25,24,952,1699,518,23,214,235],"class_list":{"0":"post-319057","1":"post","2":"type-post","3":"status-publish","4":"format-standard","5":"has-post-thumbnail","7":"category-tv","8":"tag-dana","9":"tag-entertainment","10":"tag-entretenimiento","11":"tag-es","12":"tag-espana","13":"tag-politica","14":"tag-psoe","15":"tag-rtve","16":"tag-spain","17":"tag-tv","18":"tag-valencia"},"share_on_mastodon":{"url":"https:\/\/pubeurope.com\/@es\/115825481113862679","error":""},"_links":{"self":[{"href":"https:\/\/www.europesays.com\/es\/wp-json\/wp\/v2\/posts\/319057","targetHints":{"allow":["GET"]}}],"collection":[{"href":"https:\/\/www.europesays.com\/es\/wp-json\/wp\/v2\/posts"}],"about":[{"href":"https:\/\/www.europesays.com\/es\/wp-json\/wp\/v2\/types\/post"}],"author":[{"embeddable":true,"href":"https:\/\/www.europesays.com\/es\/wp-json\/wp\/v2\/users\/2"}],"replies":[{"embeddable":true,"href":"https:\/\/www.europesays.com\/es\/wp-json\/wp\/v2\/comments?post=319057"}],"version-history":[{"count":0,"href":"https:\/\/www.europesays.com\/es\/wp-json\/wp\/v2\/posts\/319057\/revisions"}],"wp:featuredmedia":[{"embeddable":true,"href":"https:\/\/www.europesays.com\/es\/wp-json\/wp\/v2\/media\/319058"}],"wp:attachment":[{"href":"https:\/\/www.europesays.com\/es\/wp-json\/wp\/v2\/media?parent=319057"}],"wp:term":[{"taxonomy":"category","embeddable":true,"href":"https:\/\/www.europesays.com\/es\/wp-json\/wp\/v2\/categories?post=319057"},{"taxonomy":"post_tag","embeddable":true,"href":"https:\/\/www.europesays.com\/es\/wp-json\/wp\/v2\/tags?post=319057"}],"curies":[{"name":"wp","href":"https:\/\/api.w.org\/{rel}","templated":true}]}}