{"id":319069,"date":"2026-01-02T12:27:08","date_gmt":"2026-01-02T12:27:08","guid":{"rendered":"https:\/\/www.europesays.com\/es\/319069\/"},"modified":"2026-01-02T12:27:08","modified_gmt":"2026-01-02T12:27:08","slug":"mario-kart-tour-avanza-la-llegada-de-su-siguiente-temporada-espacial","status":"publish","type":"post","link":"https:\/\/www.europesays.com\/es\/319069\/","title":{"rendered":"Mario Kart Tour avanza la llegada de su siguiente temporada espacial"},"content":{"rendered":"<p>Despu\u00e9s de la esperada llegada del\u00a0<a href=\"https:\/\/www.nintenderos.com\/2023\/08\/madrid-ha-llegado-a-mario-kart-tour-recorrido-completo-por-el-circuito\/\" rel=\"nofollow noopener\" target=\"_blank\">circuito de Madrid\u00a0<\/a>y\u00a0<a href=\"https:\/\/www.nintenderos.com\/2023\/09\/mario-kart-tour-confirma-que-dejara-de-recibir-contenidos-nuevos\/\" rel=\"nofollow noopener\" target=\"_blank\">la confirmaci\u00f3n del cese de novedades<\/a>, ahora traemos un peque\u00f1o recopilatorio de las noticias que ha confirmado hoy mismo esta aplicaci\u00f3n para m\u00f3viles. Hablamos de\u00a0<strong>Mario Kart Tour\u00a0<\/strong>y sus pr\u00f3ximos contenidos.<\/p>\n<p>Mario Kart Tour<\/p>\n<p>Tal y como podemos confirmar, el juego ha avanzado con el tr\u00e1iler\u00a0<strong>de su nueva temporada<\/strong>,\u00a0<strong>que vuelve a ser repetida del a\u00f1o pasado tras recibir por sorpresa\u00a0<\/strong><a href=\"https:\/\/www.nintenderos.com\/nintendo-switch-2\/mario-kart-tour-confirma-nuevos-contenidos-tras-mucho-tiempo-sin-novedades\/\" rel=\"nofollow noopener\" target=\"_blank\">contenidos nuevos en julio<\/a>. Recordad que la mayor\u00eda de pistas de esta temporada han llegado a\u00a0<a href=\"https:\/\/www.nintenderos.com\/2017\/04\/analisis-mario-kart-8-deluxe\/\" rel=\"nofollow noopener\" target=\"_blank\">Mario Kart 8 Deluxe<\/a>. Ya sab\u00e9is que hace poco\u00a0<a href=\"https:\/\/www.nintenderos.com\/2025\/05\/los-miis-protagonizan-la-siguiente-temporada-en-mario-kart-tour\/\" rel=\"nofollow noopener\" target=\"_blank\">se rumorearon<\/a>\u00a0contenidos nuevos para este juego y luego se lanzaron en el t\u00edtulo.<\/p>\n<p>Sin embargo, esta semana ya es repetida: es la\u00a0<strong>temporada espacial<\/strong>, que comienza\u00a0<strong>el pr\u00f3ximo mi\u00e9rcoles y dura un total de dos semanas<\/strong>, como de costumbre. Pod\u00e9is echar un vistazo abajo y ver\u00a0<strong>el tr\u00e1iler<\/strong>:<\/p>\n<p>Otros contenidos en esta categor\u00eda:<\/p>\n<p>\u00bfQu\u00e9 os parecen las novedades? \u00bfOs animar\u00e9is a jugar? Os leemos en los comentarios. \u00a1No dud\u00e9is en dejar vuestra opini\u00f3n abajo! Para terminar, os dejamos con todos los\u00a0<a href=\"https:\/\/www.nintenderos.com\/2023\/08\/super-mario-todos-juegos-fecha-lanzamiento\/\" rel=\"nofollow noopener\" target=\"_blank\">juegos de Super Mario por fecha de lanzamiento<\/a>.<\/p>\n<p><a class=\"external\" href=\"https:\/\/youtu.be\/LTfOms0F8nY\" rel=\"nofollow noopener\" target=\"_blank\">Fuente<\/a>.<\/p>\n","protected":false},"excerpt":{"rendered":"Despu\u00e9s de la esperada llegada del\u00a0circuito de Madrid\u00a0y\u00a0la confirmaci\u00f3n del cese de novedades, ahora traemos un peque\u00f1o recopilatorio&hellip;\n","protected":false},"author":2,"featured_media":319070,"comment_status":"","ping_status":"","sticky":false,"template":"","format":"standard","meta":{"footnotes":""},"categories":[81],"tags":[119,123,124,25,24,74422,117,121,122,23,118,120],"class_list":{"0":"post-319069","1":"post","2":"type-post","3":"status-publish","4":"format-standard","5":"has-post-thumbnail","7":"category-ciencia-y-tecnologia","8":"tag-ciencia","9":"tag-ciencia-y-tecnologia","10":"tag-cienciaytecnologia","11":"tag-es","12":"tag-espana","13":"tag-mario-kart-tour","14":"tag-science","15":"tag-science-and-technology","16":"tag-scienceandtechnology","17":"tag-spain","18":"tag-technology","19":"tag-tecnologia"},"share_on_mastodon":{"url":"https:\/\/pubeurope.com\/@es\/115825504764444724","error":""},"_links":{"self":[{"href":"https:\/\/www.europesays.com\/es\/wp-json\/wp\/v2\/posts\/319069","targetHints":{"allow":["GET"]}}],"collection":[{"href":"https:\/\/www.europesays.com\/es\/wp-json\/wp\/v2\/posts"}],"about":[{"href":"https:\/\/www.europesays.com\/es\/wp-json\/wp\/v2\/types\/post"}],"author":[{"embeddable":true,"href":"https:\/\/www.europesays.com\/es\/wp-json\/wp\/v2\/users\/2"}],"replies":[{"embeddable":true,"href":"https:\/\/www.europesays.com\/es\/wp-json\/wp\/v2\/comments?post=319069"}],"version-history":[{"count":0,"href":"https:\/\/www.europesays.com\/es\/wp-json\/wp\/v2\/posts\/319069\/revisions"}],"wp:featuredmedia":[{"embeddable":true,"href":"https:\/\/www.europesays.com\/es\/wp-json\/wp\/v2\/media\/319070"}],"wp:attachment":[{"href":"https:\/\/www.europesays.com\/es\/wp-json\/wp\/v2\/media?parent=319069"}],"wp:term":[{"taxonomy":"category","embeddable":true,"href":"https:\/\/www.europesays.com\/es\/wp-json\/wp\/v2\/categories?post=319069"},{"taxonomy":"post_tag","embeddable":true,"href":"https:\/\/www.europesays.com\/es\/wp-json\/wp\/v2\/tags?post=319069"}],"curies":[{"name":"wp","href":"https:\/\/api.w.org\/{rel}","templated":true}]}}