{"id":319087,"date":"2026-01-02T12:41:07","date_gmt":"2026-01-02T12:41:07","guid":{"rendered":"https:\/\/www.europesays.com\/es\/319087\/"},"modified":"2026-01-02T12:41:07","modified_gmt":"2026-01-02T12:41:07","slug":"encuentran-muerta-en-un-hotel-a-victoria-jones-hija-del-actor-tommy-lee-jones","status":"publish","type":"post","link":"https:\/\/www.europesays.com\/es\/319087\/","title":{"rendered":"Encuentran muerta en un hotel a Victoria Jones, hija del actor Tommy Lee Jones"},"content":{"rendered":"<p class=\"paragraph\"><a href=\"https:\/\/www.heraldo.es\/noticias\/ocio-y-cultura\/2026\/01\/02\/vestido-campanadas-pedroche-lluvia-de-memes-redes-sociales-1882639.html\" title=\"El vestido de las campanadas de Pedroche desata una lluvia de memes en redes sociales\" target=\"_blank\" rel=\"nofollow noopener\">El mundo del cine arranca el a\u00f1o con una de las peores noticias posibles.<\/a>\u00a0Victoria Jones, hija del conocido actor Tommy Lee Jones,<b> ha sido encontrada sin vida a los 34 a\u00f1os en una habitaci\u00f3n de hotel en San Francisco <\/b>en la madrugada del uno de enero.<\/p>\n<p class=\"paragraph\">El hallazgo de la mujer se produjo en el hist\u00f3rico Fairmont San Francisco,<b> tras una llamada de emergencia registrada a las 2.52 por una presunta urgencia m\u00e9dica.<\/b>\u00a0Seg\u00fan las primeras informaciones, el personal del hotel fue quien la encontr\u00f3 y alert\u00f3 a los servicios de emergencia, pero cuando llegaron los efectivos ya era demasiado tarde.<\/p>\n<p class=\"paragraph\">Seg\u00fan ha informado un portavoz del Departamento de Bomberos de San Francisco, <b>las unidades de emergencia que se desplazaron hasta el hotel evaluaron a la joven y, desgraciadamente, los param\u00e9dicos confirmaron su fallecimiento en el lugar<\/b>. Posteriormente, la escena ha sido puesta a disposici\u00f3n del Departamento de Polic\u00eda de San Francisco y de la Oficina del M\u00e9dico Forense para continuar con las investigaciones correspondientes.<\/p>\n<p>Qui\u00e9n era Victoria Jones<\/p>\n<p class=\"paragraph\">Nacida en 1991, Jones sigui\u00f3 los pasos de su padre y se dedicaba al mundo del cine. <b>Debut\u00f3 en la gran pantalla en 2002 junto a Will Smith y su progenitor actuando en <\/b><b>Men In Black II.<\/b>\u00a0Tambi\u00e9n particip\u00f3 en la serie One Tree Hill\u00a0(2003) y en la pel\u00edcula Los tres entierros de Melquiades Estrada (2005), dirigida precisamente por el propio Tommy Lee Jones.\u00a0Victoria era la menor de los dos hijos que Tommy Lee Jones tuvo con su segunda esposa, Kimberlea Cloughley.<\/p>\n<p class=\"paragraph\">Tommy Lee Jones, de 79 a\u00f1os, no se ha pronunciado todav\u00eda sobre la muerte de su hija, <b>aunque es de suponer el dur\u00edsimo golpe que supondr\u00e1 para el actor la p\u00e9rdida de Victoria.<\/b>\u00a0Jones ha recibido cuatro nominaciones al Premio \u00d3scar, ganando el premio en la categor\u00eda de mejor actor de reparto por su actuaci\u00f3n como el alguacil Samuel Gerard en la pel\u00edcula de suspense de 1993 El fugitivo.\u00a0<\/p>\n","protected":false},"excerpt":{"rendered":"El mundo del cine arranca el a\u00f1o con una de las peores noticias posibles.\u00a0Victoria Jones, hija del conocido&hellip;\n","protected":false},"author":2,"featured_media":319088,"comment_status":"","ping_status":"","sticky":false,"template":"","format":"standard","meta":{"footnotes":""},"categories":[174],"tags":[255,4996,146,147,25,24,256,9275,13470,23,74417,1261],"class_list":{"0":"post-319087","1":"post","2":"type-post","3":"status-publish","4":"format-standard","5":"has-post-thumbnail","7":"category-famosos","8":"tag-celebrities","9":"tag-encuentran","10":"tag-entertainment","11":"tag-entretenimiento","12":"tag-es","13":"tag-espana","14":"tag-famosos","15":"tag-jones","16":"tag-muerta","17":"tag-spain","18":"tag-tommy","19":"tag-victoria"},"share_on_mastodon":{"url":"https:\/\/pubeurope.com\/@es\/115825559704425977","error":""},"_links":{"self":[{"href":"https:\/\/www.europesays.com\/es\/wp-json\/wp\/v2\/posts\/319087","targetHints":{"allow":["GET"]}}],"collection":[{"href":"https:\/\/www.europesays.com\/es\/wp-json\/wp\/v2\/posts"}],"about":[{"href":"https:\/\/www.europesays.com\/es\/wp-json\/wp\/v2\/types\/post"}],"author":[{"embeddable":true,"href":"https:\/\/www.europesays.com\/es\/wp-json\/wp\/v2\/users\/2"}],"replies":[{"embeddable":true,"href":"https:\/\/www.europesays.com\/es\/wp-json\/wp\/v2\/comments?post=319087"}],"version-history":[{"count":0,"href":"https:\/\/www.europesays.com\/es\/wp-json\/wp\/v2\/posts\/319087\/revisions"}],"wp:featuredmedia":[{"embeddable":true,"href":"https:\/\/www.europesays.com\/es\/wp-json\/wp\/v2\/media\/319088"}],"wp:attachment":[{"href":"https:\/\/www.europesays.com\/es\/wp-json\/wp\/v2\/media?parent=319087"}],"wp:term":[{"taxonomy":"category","embeddable":true,"href":"https:\/\/www.europesays.com\/es\/wp-json\/wp\/v2\/categories?post=319087"},{"taxonomy":"post_tag","embeddable":true,"href":"https:\/\/www.europesays.com\/es\/wp-json\/wp\/v2\/tags?post=319087"}],"curies":[{"name":"wp","href":"https:\/\/api.w.org\/{rel}","templated":true}]}}