{"id":319091,"date":"2026-01-02T12:45:09","date_gmt":"2026-01-02T12:45:09","guid":{"rendered":"https:\/\/www.europesays.com\/es\/319091\/"},"modified":"2026-01-02T12:45:09","modified_gmt":"2026-01-02T12:45:09","slug":"leire-martinez-sobre-sus-inicios-en-la-oreja-de-van-gogh-en-2008","status":"publish","type":"post","link":"https:\/\/www.europesays.com\/es\/319091\/","title":{"rendered":"Leire Mart\u00ednez, sobre sus inicios en La Oreja de Van Gogh en 2008"},"content":{"rendered":"<p data-journey-content=\"true\" data-node-id=\"3\" class=\"css-6wxqfj emevuu60\">Ante una situaci\u00f3n complicada puedes dejar que te coma, que te supere, o afrontarla con la cabeza bien alta. Est\u00e1 claro que Leire Mart\u00ednez eligi\u00f3 la segunda despu\u00e9s de la salida, no voluntaria, del grupo del que form\u00f3 parte durante 17 a\u00f1os, La oreja de Van Gogh. A pesar de haber adoptado un perfil discreto durante estos a\u00f1os, cuando sus compa\u00f1eros decidieron prescindir de ella, <strong data-node-id=\"3.1\">sigui\u00f3 su camino en solitario, defendiendo su voz, su estilo y presencia.<\/strong><\/p>\n<p data-journey-content=\"true\" data-node-id=\"6\" class=\"css-6wxqfj emevuu60\">En el \u00faltimo tramo de 2025 form\u00f3 parte del jurado de \u2018Operaci\u00f3n triunfo\u2019, gestionando las cr\u00edticas a los candidatos de una manera muy distinta a cuando empez\u00f3 en 2008, <strong data-node-id=\"6.1\">pasando de ser casi an\u00f3nima a vocalista de uno de los grupos m\u00e1s relevantes de Espa\u00f1a.<\/strong> El principio no fue f\u00e1cil, no lo habr\u00eda sido para cualquiera que hubiera sustituido a Amaia Montero en ese momento, pero ella decidi\u00f3 afrontarlo con madurez y la seguridad de quien ten\u00eda las cosas claras. <\/p>\n<p><img draggable=\"true\" alt=\"&lt;p&gt;el grupo la oreja de van gogh actu\u00f3 durante la gala. &lt;strong&gt;leire mart\u00ednez&lt;\/strong&gt; pos\u00f3 junto a sus compa\u00f1eros con un minivestido negro, chaqueta de piel y pumps glitter.&lt;\/p&gt;\" title=\"La Oreja de Van Gogh\" loading=\"lazy\" width=\"992\" height=\"1024\" decoding=\"async\" data-nimg=\"1\" style=\"color:transparent;width:100%;height:auto;\"   src=\"https:\/\/www.europesays.com\/es\/wp-content\/uploads\/2026\/01\/original-mbra-roja-premios-40-principales-2012-la-oreja-de-van-gogh-8505002-1-esl-es-la-oreja-de-van.jpeg\" class=\"css-0 e1g79fud0\"\/><a target=\"_blank\" rel=\"noopener nofollow\" data-theme-key=\"base-link\" href=\"https:\/\/pinterest.com\/pin\/create\/button\/?url=https:\/\/www.elle.com\/es\/living\/ocio-cultura\/a69642382\/leire-martinez-sobre-sus-inicios-en-la-oreja-de-van-gogh-ot-jurado\/&amp;description=- ElleSpain&amp;media=https:\/\/hips.hearstapps.com\/ellees.h-cdn.co\/assets\/15\/37\/original\/original-mbra-roja-premios-40-principales-2012-la-oreja-de-van-gogh-8505002-1-esl-es-la-oreja-de-van-gogh-jpg.jpg?resize=1600:*\" class=\"pinterest css-on9hn5 e1c1bym14\"><img decoding=\"async\" data-dynamic-svg=\"true\" src=\"https:\/\/www.elle.com\/_assets\/design-tokens\/fre\/static\/icons\/social\/pinterest.e8cf655.svg?primary=%2523ffffff\" loading=\"lazy\" data-testid=\"dynamic-svg-base\" height=\"auto\" width=\"auto\" alt=\"pinterest\" class=\"css-4lml0h e1mlxuuw1\"\/><\/a><strong data-node-id=\"9.0\">Fue de repente<\/strong><\/p>\n<p data-journey-content=\"true\" data-node-id=\"11\" class=\"css-6wxqfj emevuu60\">Un d\u00eda recibi\u00f3 una llamada para probar suerte y no quiso perder la oportunidad de saber m\u00e1s. Al final, eligieron a Leire Mart\u00ednez dentro de un casting para seguir representando al grupo y pas\u00f3  a convivir con la exposici\u00f3n. El truco para ella fue ir a terapia. Seg\u00fan declara en una entrevista en Elle: <strong data-node-id=\"11.1\">\u00abY<\/strong><strong data-node-id=\"11.2\">o sab\u00eda hasta ese momento qui\u00e9n era o qui\u00e9n era la Leire de entonces. E<\/strong><strong data-node-id=\"11.3\">vit\u00e9 leer todo aquello que pudiera distorsionar ese concepto que ten\u00eda yo de m\u00ed misma\u00bb.<\/strong><\/p>\n<p data-journey-content=\"true\" data-node-id=\"14\" class=\"css-6wxqfj emevuu60\">Al principio no fue f\u00e1cil interpretar las canciones que representaban a una \u00e9poca pasada del grupo, como \u2018Rosas\u2019, un himno que todav\u00eda est\u00e1 presente en todos los karaokes de Espa\u00f1a, pero <strong data-node-id=\"14.1\">de su mano vinieron otros que no podemos separar de su nombre,<\/strong> como \u2018Jueves\u2019 o \u2018La ni\u00f1a que llora en tus fiestas\u2019. <\/p>\n<p><img draggable=\"true\" alt=\"madrid, spain july 05: leire martinez during the 18th mr gay spain final gala, held during mado 2025 (madrid pride), at plaza de espa\u00f1a, on april 4, 2025, in madrid, spain. the 18th mr gay spain 2025 final gala is 18 years old and celebrates with the pride experience show. the jury evaluates the candidates for their charisma on stage and for the social message they make visible. this year the finalists of mr. gay spain have stories that move consciences. thus, they have been presented from a russian refugee, exiled for his sexual orientation, current mr. gay international, to a military corporal who fights against lgtbphobia in the army (mr. gay comunitat valenciana). (photo by a. perez meca\/europa press via getty images)\" title=\"Mado 2025 Celebrates The 18th Mr Gay Spain Final Gala\" loading=\"lazy\" width=\"1024\" height=\"683\" decoding=\"async\" data-nimg=\"1\" style=\"color:transparent;width:100%;height:auto;\"   src=\"https:\/\/www.europesays.com\/es\/wp-content\/uploads\/2026\/01\/gettyimages-2223618540-1-6932bbdb022cc.jpg\" class=\"css-0 e1g79fud0\"\/><a target=\"_blank\" rel=\"noopener nofollow\" data-theme-key=\"base-link\" href=\"https:\/\/pinterest.com\/pin\/create\/button\/?url=https:\/\/www.elle.com\/es\/living\/ocio-cultura\/a69642382\/leire-martinez-sobre-sus-inicios-en-la-oreja-de-van-gogh-ot-jurado\/&amp;description=- ElleSpain&amp;media=https:\/\/hips.hearstapps.com\/hmg-prod\/images\/gettyimages-2223618540-1-6932bbdb022cc.jpg?resize=1600:*\" class=\"pinterest css-on9hn5 e1c1bym14\"><img decoding=\"async\" data-dynamic-svg=\"true\" src=\"https:\/\/www.elle.com\/_assets\/design-tokens\/fre\/static\/icons\/social\/pinterest.e8cf655.svg?primary=%2523ffffff\" loading=\"lazy\" data-testid=\"dynamic-svg-base\" height=\"auto\" width=\"auto\" alt=\"pinterest\" class=\"css-4lml0h e1mlxuuw1\"\/><\/a><\/p>\n<p>Europa Press News<\/p>\n<p><strong data-node-id=\"16.0\">Una nueva etapa no muy distinta<\/strong><\/p>\n<p data-journey-content=\"true\" data-node-id=\"18\" class=\"css-6wxqfj emevuu60\">Al terminar su etapa con La oreja de Van Gogh, no dud\u00f3 en seguir con la m\u00fasica, que disfruta y es y aparte de ella, as\u00ed que lanz\u00f3 pronto sus primeras canciones en solitario como, \u2018Mi nombre\u2019 o \u2018Tonto por ti\u2019. Y aunque enfrentarse a los fans de OT tampoco tuvo que ser f\u00e1cil, Leire ya tiene callo en esto de las cr\u00edticas. Aunque en la misma entrevista reconoce que, en la pol\u00e9mica de su salida del grupo, <strong data-node-id=\"18.1\">\u201cel foco se ha puesto en Amaia y en m\u00ed, puede ser machismo o por otros motivos pero eso no es del todo justo\u201d. <\/strong><\/p>\n<p data-journey-content=\"true\" data-node-id=\"20\" class=\"css-6wxqfj emevuu60\">Hoy, lejos de aquella presi\u00f3n inicial, Leire transita una etapa m\u00e1s libre, marcada por la experiencia y por una relaci\u00f3n m\u00e1s sana con la exposici\u00f3n p\u00fablica. Sabe que las comparaciones forman parte del oficio, pero tambi\u00e9n que su recorrido habla por s\u00ed solo:<strong data-node-id=\"20.1\"> 17 a\u00f1os como vocalista una de las bandas m\u00e1s influyentes del pa\u00eds,<\/strong> giras internacionales y un repertorio en el que dej\u00f3 su propia huella.<\/p>\n<p data-journey-content=\"true\" data-node-id=\"22\" class=\"css-6wxqfj emevuu60\">El pasado 31 de diciembre, RTVE estren\u00f3 en su programa &#8216;La casa de la m\u00fasica&#8217; la nueva canci\u00f3n de La Oreja de Van Gogh con Amaia Montero de nuevo como vocalista, un tema titulado<strong data-node-id=\"22.1\"> &#8216;Todos estamos bailando la misma canci\u00f3n&#8217;<\/strong>, que fue recibido con bastante frialdad por el p\u00fablico.<\/p>\n<p><img decoding=\"async\" data-dynamic-svg=\"true\" src=\"https:\/\/www.elle.com\/_assets\/design-tokens\/elle\/static\/images\/logos\/lettermark.8631e88.svg?primary=%2523000\" loading=\"lazy\" data-testid=\"dynamic-svg-base\" height=\"100\" width=\"100\" alt=\"Lettermark\" class=\"css-7mevzh ev8dhu50\"\/><\/p>\n<p>Licenciada en Periodismo y Humanidades en la Universidad Carlos III de Madrid, con experiencia en prensa escrita en distintos medios digitales, y especializada en marketing y comunicaci\u00f3n. Le interesan las historias, ya sea en papel, en pantalla o en una buena conversaci\u00f3n. Siempre tiene un libro a mano, una pel\u00edcula pendiente y una playlist en reproducci\u00f3n. \u00a0\u00a0\u00a0\u00a0\u00a0<\/p>\n","protected":false},"excerpt":{"rendered":"Ante una situaci\u00f3n complicada puedes dejar que te coma, que te supere, o afrontarla con la cabeza bien&hellip;\n","protected":false},"author":2,"featured_media":319092,"comment_status":"","ping_status":"","sticky":false,"template":"","format":"standard","meta":{"footnotes":""},"categories":[170],"tags":[253,146,147,25,24,184,185,23],"class_list":{"0":"post-319091","1":"post","2":"type-post","3":"status-publish","4":"format-standard","5":"has-post-thumbnail","7":"category-musica","8":"tag-discover","9":"tag-entertainment","10":"tag-entretenimiento","11":"tag-es","12":"tag-espana","13":"tag-music","14":"tag-musica","15":"tag-spain"},"share_on_mastodon":{"url":"https:\/\/pubeurope.com\/@es\/115825575507724672","error":""},"_links":{"self":[{"href":"https:\/\/www.europesays.com\/es\/wp-json\/wp\/v2\/posts\/319091","targetHints":{"allow":["GET"]}}],"collection":[{"href":"https:\/\/www.europesays.com\/es\/wp-json\/wp\/v2\/posts"}],"about":[{"href":"https:\/\/www.europesays.com\/es\/wp-json\/wp\/v2\/types\/post"}],"author":[{"embeddable":true,"href":"https:\/\/www.europesays.com\/es\/wp-json\/wp\/v2\/users\/2"}],"replies":[{"embeddable":true,"href":"https:\/\/www.europesays.com\/es\/wp-json\/wp\/v2\/comments?post=319091"}],"version-history":[{"count":0,"href":"https:\/\/www.europesays.com\/es\/wp-json\/wp\/v2\/posts\/319091\/revisions"}],"wp:featuredmedia":[{"embeddable":true,"href":"https:\/\/www.europesays.com\/es\/wp-json\/wp\/v2\/media\/319092"}],"wp:attachment":[{"href":"https:\/\/www.europesays.com\/es\/wp-json\/wp\/v2\/media?parent=319091"}],"wp:term":[{"taxonomy":"category","embeddable":true,"href":"https:\/\/www.europesays.com\/es\/wp-json\/wp\/v2\/categories?post=319091"},{"taxonomy":"post_tag","embeddable":true,"href":"https:\/\/www.europesays.com\/es\/wp-json\/wp\/v2\/tags?post=319091"}],"curies":[{"name":"wp","href":"https:\/\/api.w.org\/{rel}","templated":true}]}}