{"id":319098,"date":"2026-01-02T12:49:08","date_gmt":"2026-01-02T12:49:08","guid":{"rendered":"https:\/\/www.europesays.com\/es\/319098\/"},"modified":"2026-01-02T12:49:08","modified_gmt":"2026-01-02T12:49:08","slug":"chiquitita-el-musical-familiar-que-reinventa-los-cuentos-clasicos-al-ritmo-de-abba","status":"publish","type":"post","link":"https:\/\/www.europesays.com\/es\/319098\/","title":{"rendered":"\u2018Chiquitita\u2019, el musical familiar que reinventa los cuentos cl\u00e1sicos al ritmo de ABBA"},"content":{"rendered":"<p>\u2018Chiquitita\u2019, una producci\u00f3n de Coraz\u00f3n Azul y Teatro P\u00e9rez Gald\u00f3s, regresa al Teatro P\u00e9rez Gald\u00f3s los d\u00edas 2 y 3 de enero, a las 19:00h. El repertorio de ABBA llevado a teatro musical para toda la familia<\/p>\n<p><strong>\u2018Chiquitita\u2019 <\/strong>regresa al Teatro P\u00e9rez Gald\u00f3s los d\u00edas<strong> 2 y 3 de enero a las 19:00h<\/strong>. Esta propuesta producida por <strong>Coraz\u00f3n Azul y Teatro P\u00e9rez Gald\u00f3s<\/strong> combina canciones de ABBA con una revisi\u00f3n contempor\u00e1nea de los cuentos cl\u00e1sicos.<\/p>\n<p>Esta obra de teatro musical sit\u00faa su punto de partida justo despu\u00e9s del final de los cuentos tradicionales para plantear una pregunta central: \u00bfqu\u00e9 ocurre cuando la princesa decide escribir su propia historia? A trav\u00e9s del personaje de Indira, una joven que abandona el castillo tras su particular \u201cWaterloo\u201d, el musical<strong> aborda temas como la autonom\u00eda personal, la autoestima y el empoderamiento femenino, alej\u00e1ndose del arquetipo de la princesa dependiente<\/strong>.<\/p>\n<p>Inspirado en el repertorio del grupo sueco ABBA, \u2018Chiquitita\u2019<strong> integra canciones emblem\u00e1ticas dentro de la narraci\u00f3n como motor emocional y dram\u00e1tico<\/strong>. En su viaje, la protagonista est\u00e1 acompa\u00f1ada por una exc\u00e9ntrica hada madrina, las hadas del norte y un nuevo aliado, Fernando, con quienes aprender\u00e1 a dejar de sentirse \u201cchiquitita\u201d frente al mundo.<\/p>\n<p>Dirigido por <strong>Juan Carlos Hern\u00e1ndez Rivero<\/strong>, esta obra est\u00e1 concebida para p\u00fablico familiar, especialmente y cuenta con una marcada vocaci\u00f3n educativa. A lo largo de la funci\u00f3n se trabajan valores como la resiliencia, la solidaridad, el trabajo en equipo y el cuidado de la salud emocional, tratados de forma accesible y natural.<\/p>\n<p>La producci\u00f3n re\u00fane a un elenco coral de artistas canarios formado por <strong>Jennifer Art\u00edles, Mingo \u00c1vila, Thania Gil, Alberto Sanluis y Guacimara Gil<\/strong>. Adem\u00e1s, la obra cuenta con m\u00fasica en directo y una puesta en escena que combina coreograf\u00edas din\u00e1micas, vestuario colorido y un dise\u00f1o t\u00e9cnico cuidado. El proyecto destaca adem\u00e1s por su compromiso con la igualdad de g\u00e9nero y la equidad laboral dentro del equipo art\u00edstico y t\u00e9cnico.<\/p>\n","protected":false},"excerpt":{"rendered":"\u2018Chiquitita\u2019, una producci\u00f3n de Coraz\u00f3n Azul y Teatro P\u00e9rez Gald\u00f3s, regresa al Teatro P\u00e9rez Gald\u00f3s los d\u00edas 2&hellip;\n","protected":false},"author":2,"featured_media":319099,"comment_status":"","ping_status":"","sticky":false,"template":"","format":"standard","meta":{"footnotes":""},"categories":[91],"tags":[36981,24118,1896,28949,2339,15519,209,13776,146,147,25,24,2881,36979,1897,36984,36983,6238,18711,36985,7452,36982,23,1651,36980],"class_list":{"0":"post-319098","1":"post","2":"type-post","3":"status-publish","4":"format-standard","5":"has-post-thumbnail","7":"category-entretenimiento","8":"tag-alfredo-kraus","9":"tag-auditorio","10":"tag-canarias","11":"tag-concert","12":"tag-concierto","13":"tag-congresos","14":"tag-cultura","15":"tag-danza","16":"tag-entertainment","17":"tag-entretenimiento","18":"tag-es","19":"tag-espana","20":"tag-fundacion","21":"tag-fundation","22":"tag-gran-canaria","23":"tag-konzert","24":"tag-kultur","25":"tag-las-palmas","26":"tag-musicales","27":"tag-oper","28":"tag-opera","29":"tag-perez-galdos","30":"tag-spain","31":"tag-teatro","32":"tag-theater"},"share_on_mastodon":{"url":"https:\/\/pubeurope.com\/@es\/115825591268307187","error":""},"_links":{"self":[{"href":"https:\/\/www.europesays.com\/es\/wp-json\/wp\/v2\/posts\/319098","targetHints":{"allow":["GET"]}}],"collection":[{"href":"https:\/\/www.europesays.com\/es\/wp-json\/wp\/v2\/posts"}],"about":[{"href":"https:\/\/www.europesays.com\/es\/wp-json\/wp\/v2\/types\/post"}],"author":[{"embeddable":true,"href":"https:\/\/www.europesays.com\/es\/wp-json\/wp\/v2\/users\/2"}],"replies":[{"embeddable":true,"href":"https:\/\/www.europesays.com\/es\/wp-json\/wp\/v2\/comments?post=319098"}],"version-history":[{"count":0,"href":"https:\/\/www.europesays.com\/es\/wp-json\/wp\/v2\/posts\/319098\/revisions"}],"wp:featuredmedia":[{"embeddable":true,"href":"https:\/\/www.europesays.com\/es\/wp-json\/wp\/v2\/media\/319099"}],"wp:attachment":[{"href":"https:\/\/www.europesays.com\/es\/wp-json\/wp\/v2\/media?parent=319098"}],"wp:term":[{"taxonomy":"category","embeddable":true,"href":"https:\/\/www.europesays.com\/es\/wp-json\/wp\/v2\/categories?post=319098"},{"taxonomy":"post_tag","embeddable":true,"href":"https:\/\/www.europesays.com\/es\/wp-json\/wp\/v2\/tags?post=319098"}],"curies":[{"name":"wp","href":"https:\/\/api.w.org\/{rel}","templated":true}]}}