{"id":319104,"date":"2026-01-02T12:52:13","date_gmt":"2026-01-02T12:52:13","guid":{"rendered":"https:\/\/www.europesays.com\/es\/319104\/"},"modified":"2026-01-02T12:52:13","modified_gmt":"2026-01-02T12:52:13","slug":"mamdani-inicia-su-alcaldia-en-nueva-york-con-medidas-en-vivienda-y-la-revocacion-de-las-ordenes-de-su-predecesor","status":"publish","type":"post","link":"https:\/\/www.europesays.com\/es\/319104\/","title":{"rendered":"Mamdani inicia su alcald\u00eda en Nueva York con medidas en vivienda y la revocaci\u00f3n de las \u00f3rdenes de su predecesor"},"content":{"rendered":"<p class=\"article-text\">\n        El alcalde de Nueva York, el dem\u00f3crata <a href=\"https:\/\/www.infolibre.es\/opinion\/ideas-propias\/m-m-d-n-i_129_2107096.html\" class=\"link\" rel=\"nofollow noopener\" target=\"_blank\">Zohran Mamdani<\/a>, debut\u00f3 este jueves en el cargo tras tomar posesi\u00f3n al firmar una serie de <strong>\u00f3rdenes ejecutivas para abordar la crisis de vivienda<\/strong>, adem\u00e1s de revocar parte del trabajo de su predecesor.\n    <\/p>\n<p class=\"article-text\">\n        Mamdani firm\u00f3 tres \u00f3rdenes: una para revitalizar la Oficina de protecci\u00f3n de inquilinos, y otras dos para establecer equipos de trabajo centrados en evaluar propiedades p\u00fablicas aptas para <strong>construir <\/strong><a href=\"https:\/\/www.infolibre.es\/suplementos\/la-crisis-de-la-vivienda\/\" class=\"link\" rel=\"nofollow noopener\" target=\"_blank\"><strong>vivienda<\/strong><\/a><strong> y aligerar la burocracia<\/strong> y acelerar los proyectos.\n    <\/p>\n<p class=\"article-text\">\n        Asimismo, nombr\u00f3 a <strong>Cea Weaver<\/strong>, activista de la vivienda asequible, como directora de la Oficina mencionada, que defender\u00e1 a los inquilinos frente a los arrendadores y velar\u00e1 por la r\u00e1pida actuaci\u00f3n de las agencias de la ciudad en lugares con condiciones no seguras o ilegales, indica un comunicado.\n    <\/p>\n<p class=\"article-text\">\n        Mamdani, junto a Weaver, anunci\u00f3 su primera gran acci\u00f3n: <strong>intervenir en el proceso de bancarrota de una empresa arrendadora<\/strong>, Pinnacle Realty, con miles de violaciones y denuncias en un total de 83 edificios, y que debe dinero a la Alcald\u00eda, para proteger a sus inquilinos.\n    <\/p>\n<p class=\"article-text\">\n        Para ejemplificar esa acci\u00f3n, que ha encargado al nominado a jefe jur\u00eddico de la Alcald\u00eda, Steve Banks, Mamdani convoc\u00f3 una <strong>rueda de prensa en uno de los edificios de Pinnacle Realty<\/strong> y mostr\u00f3 las condiciones de abandono que afrontan sus habitantes.\n    <\/p>\n<p class=\"article-text\">\n        El alcalde firm\u00f3 tambi\u00e9n una orden para <strong>designar a cinco vicealcaldes<\/strong> que estructurar\u00e1n su administraci\u00f3n, entre ellos la de Vivienda y Planeamiento, Leila Bozorg, que supervisar\u00e1 los dos equipos de trabajo mencionados.\n    <\/p>\n<p class=\"article-text\">\n        Un equipo, con la sigla LIFT, debe <strong>revisar las propiedades p\u00fablicas locales<\/strong> e identificar aquellas edificables antes del 1 de julio, y el otro equipo, llamado SPEED, debe hallar y eliminar barreras burocr\u00e1ticas que aumentan costes y ralentizan la construcci\u00f3n de vivienda.\n    <\/p>\n<p><a href=\"https:\/\/www.infolibre.es\/tintalibre\/raices-ideologicas-zohran-mamdani_1_2107617.html\" class=\"news-know-more partner-vertical-tablet-desktop\" data-dl-event=\"select_content\" data-dl-params=\"{&quot;content_type&quot;:&quot;ver_mas&quot;,&quot;im_link_page_name&quot;:&quot;articulo\\\/tintalibre\\\/2107617&quot;,&quot;im_link_text&quot;:&quot;Las ra\\u00edces ideol\\u00f3gicas de Zohran Mamdani&quot;}\" rel=\"nofollow noopener\" target=\"_blank\"><\/p>\n<p>            <img decoding=\"async\" class=\"lazy\" src=\"data:image\/svg+xml,%3Csvg xmlns=\" http:=\"\" viewbox=\"0 0 1200 675\" alt=\"Las ra\u00edces ideol\u00f3gicas de Zohran Mamdani\"\/><\/p>\n<p>Las ra\u00edces ideol\u00f3gicas de Zohran Mamdani<\/p>\n<p>Ver m\u00e1s<\/p>\n<p><\/a><\/p>\n<p class=\"article-text\">\n        La primera orden firmada por Mamdani ha sido una <strong>revocaci\u00f3n de las \u00f3rdenes de su predecesor, el dem\u00f3crata moderado Eric Adams<\/strong>, emitidas partir del 26 de septiembre de 2024, fecha en que fue imputado por corrupci\u00f3n, aunque el caso fue cerrado tras la intervenci\u00f3n del Gobierno de Donald Trump.\n    <\/p>\n<p class=\"article-text\">\n        Seg\u00fan un comunicado, la revocaci\u00f3n <strong>busca un nuevo comienzo<\/strong> para la Administraci\u00f3n Mamdani, aunque volver\u00e1 a emitir algunas medidas de esa etapa que considere relevantes para su agenda.\n    <\/p>\n<p class=\"article-text\">\n        Mamdani, convertido en alcalde tras una <a href=\"https:\/\/www.infolibre.es\/internacional\/zohran-mamdani-candidato-desafia-miedo-democratas-propia-izquierda_1_2086446.html\" class=\"link\" rel=\"nofollow noopener\" target=\"_blank\">campa\u00f1a mete\u00f3rica<\/a> que <strong>moviliz\u00f3 a la gente joven y trabajadora<\/strong>, tiene como una de sus grandes promesas hacer la ciudad m\u00e1s asequible y, entre otras cosas, ha propuesto congelar el precio del alquiler para una parte de las viviendas.\n    <\/p>\n","protected":false},"excerpt":{"rendered":"El alcalde de Nueva York, el dem\u00f3crata Zohran Mamdani, debut\u00f3 este jueves en el cargo tras tomar posesi\u00f3n&hellip;\n","protected":false},"author":2,"featured_media":319105,"comment_status":"","ping_status":"","sticky":false,"template":"","format":"standard","meta":{"footnotes":""},"categories":[42],"tags":[4109,17,18,13,14,11,6683,61,62,63,64,19,20,56086,596,9,10,15,16,795,14170,74424,74423,12,21,22,3633,65,66,67,5867],"class_list":{"0":"post-319104","1":"post","2":"type-post","3":"status-publish","4":"format-standard","5":"has-post-thumbnail","7":"category-internacional","8":"tag-alcaldia","9":"tag-breaking-news","10":"tag-breakingnews","11":"tag-featured-news","12":"tag-featurednews","13":"tag-headlines","14":"tag-inicia","15":"tag-internacional","16":"tag-international","17":"tag-international-news","18":"tag-internationalnews","19":"tag-latest-news","20":"tag-latestnews","21":"tag-mamdani","22":"tag-medidas","23":"tag-news","24":"tag-noticias","25":"tag-noticias-destacadas","26":"tag-noticiasdestacadas","27":"tag-nueva","28":"tag-ordenes","29":"tag-predecesor","30":"tag-revocacion","31":"tag-titulares","32":"tag-ultimas-noticias","33":"tag-ultimasnoticias","34":"tag-vivienda","35":"tag-world","36":"tag-world-news","37":"tag-worldnews","38":"tag-york"},"share_on_mastodon":{"url":"","error":"Validation failed: Text character limit of 500 exceeded"},"_links":{"self":[{"href":"https:\/\/www.europesays.com\/es\/wp-json\/wp\/v2\/posts\/319104","targetHints":{"allow":["GET"]}}],"collection":[{"href":"https:\/\/www.europesays.com\/es\/wp-json\/wp\/v2\/posts"}],"about":[{"href":"https:\/\/www.europesays.com\/es\/wp-json\/wp\/v2\/types\/post"}],"author":[{"embeddable":true,"href":"https:\/\/www.europesays.com\/es\/wp-json\/wp\/v2\/users\/2"}],"replies":[{"embeddable":true,"href":"https:\/\/www.europesays.com\/es\/wp-json\/wp\/v2\/comments?post=319104"}],"version-history":[{"count":0,"href":"https:\/\/www.europesays.com\/es\/wp-json\/wp\/v2\/posts\/319104\/revisions"}],"wp:featuredmedia":[{"embeddable":true,"href":"https:\/\/www.europesays.com\/es\/wp-json\/wp\/v2\/media\/319105"}],"wp:attachment":[{"href":"https:\/\/www.europesays.com\/es\/wp-json\/wp\/v2\/media?parent=319104"}],"wp:term":[{"taxonomy":"category","embeddable":true,"href":"https:\/\/www.europesays.com\/es\/wp-json\/wp\/v2\/categories?post=319104"},{"taxonomy":"post_tag","embeddable":true,"href":"https:\/\/www.europesays.com\/es\/wp-json\/wp\/v2\/tags?post=319104"}],"curies":[{"name":"wp","href":"https:\/\/api.w.org\/{rel}","templated":true}]}}