{"id":319108,"date":"2026-01-02T12:54:12","date_gmt":"2026-01-02T12:54:12","guid":{"rendered":"https:\/\/www.europesays.com\/es\/319108\/"},"modified":"2026-01-02T12:54:12","modified_gmt":"2026-01-02T12:54:12","slug":"el-concierto-de-ano-nuevo-protagoniza-la-agenda-navidena-del-primer-fin-de-semana-de-2026-en-mostoles","status":"publish","type":"post","link":"https:\/\/www.europesays.com\/es\/319108\/","title":{"rendered":"El Concierto de A\u00f1o Nuevo protagoniza la agenda navide\u00f1a del primer fin de semana de 2026, en M\u00f3stoles"},"content":{"rendered":"<p class=\"cmParagraph\"><strong><img loading=\"lazy\" decoding=\"async\" src=\"https:\/\/www.europesays.com\/es\/wp-content\/uploads\/2026\/01\/1427593-NAVIPARK web.jpg\" width=\"400\" height=\"225\" alt=\"NAVIPARK web\"\/>La<\/strong> <strong>Agrupaci\u00f3n Musical Banda la Estrella ofrecer\u00e1 un repertorio navide\u00f1o para todos los p\u00fablicos en el tradicional Concierto de A\u00f1o Nuevo, que se celebrar\u00e1 en el Teatro del Bosque, el domingo 4 de enero, a las 18:00 h.<\/strong><\/p>\n<p class=\"cmParagraph\"><strong><strong>SS.MM Los Reyes Magos ultiman su agenda en nuestra ciudad, con la visita a nuestros mayores, a los hospitales y al comedor San Sim\u00f3n de Rojas y recibiendo a ni\u00f1os y familias en su Campamento Real, antes de protagonizar la Gran Cabalgata y repartir los regalos la Noche de Reyes.<\/strong><\/strong><\/p>\n<p class=\"cmParagraph\"><strong><strong><strong>La agenda navide\u00f1a contempla, adem\u00e1s,<\/strong> <strong>el espect\u00e1culo musical Gospel Living Water, el s\u00e1bado 3 de enero, en el Teatro del Bosque; el Mercado Navide\u00f1o de Pradillo, Navipark, en el Parque Finca Liana, y competiciones deportivas navide\u00f1as.<\/strong><\/strong><\/strong><\/p>\n<p class=\"cmParagraph\">M\u00f3stoles comienza el a\u00f1o 2026 celebrando el tradicional <strong>Concierto de A\u00f1o Nuevo<\/strong>, en el Teatro del Bosque, el domingo 4 de enero, a las 18:00 h, a cargo de la Agrupaci\u00f3n Municipal Banda La Estrella, que ofrecer\u00e1 un repertorio cl\u00e1sico familiar para el deleite de los sentidos y de todos los p\u00fablicos.<\/p>\n<p class=\"cmParagraph\">Adem\u00e1s, como parte de la programaci\u00f3n navide\u00f1a, organizada por el Ayuntamiento de M\u00f3stoles, a trav\u00e9s de la Concejal\u00eda de Educaci\u00f3n y Festejos, y en colaboraci\u00f3n con otras \u00e1reas, el mismo domingo, <strong>los Reyes Magos visitar\u00e1n a nuestros mayores<\/strong>, en un c\u00e1lido acto organizado por la Federaci\u00f3n de Pe\u00f1as de M\u00f3stoles, que se llevar\u00e1 a cabo en el Centro Municipal de Mayores Juan XXIII, a las 17:00 h.<\/p>\n<p class=\"cmParagraph\">El <strong>Campamento Real<\/strong> seguir\u00e1 instalado en el municipio, en el Parque Cuartel Huerta, recibiendo a los ni\u00f1os, hasta el domingo 4 de enero, de 11:00 h a 14:00 h y de 17:00 h a 21:00 h, para que vivan junto a sus familias esta experiencia inmersiva de adentrarse en el coraz\u00f3n de este campamento donde descansan los Reyes Magos antes de repartir los regalos en la Gran Noche de Reyes, que se celebra el 5 de enero.<\/p>\n<p class=\"cmParagraph\">Ese d\u00eda, lunes 5, SS.MM har\u00e1n un recorrido por la ciudad visitando los tres hospitales (Hospital Universitario de M\u00f3stoles, Hospital Universitario Rey Juan Carlos y Hospital Universitario HM) y el comedor social San Sim\u00f3n de Rojas, por la ma\u00f1ana. Y ya por la tarde, a partir de las 18:00 h, las tres carrozas reales de Melchor, Gaspar y Baltasar, acompa\u00f1adas por doce carrozas espectaculares y por la Escuela Municipal de Danza y la Banda Juvenil y de Majorettes, protagonizar\u00e1n la tradicional <strong>Cabalgata de los Reyes Magos<\/strong>, que este a\u00f1o cambia su recorrido inici\u00e1ndose en la confluencia de la Avenida Alcalde de M\u00f3stoles con la Avenida de Portugal, que dispondr\u00e1 de un tramo azul en esta zona de salida, adaptado a personas con hipersensibilidad sensorial. La cabalgata recorrer\u00e1 esta arteria principal de la ciudad hasta el Teatro del Bosque, dirigi\u00e9ndose por la calle Juan de Oca\u00f1a y pasando por la calle Antonio Hern\u00e1ndez hasta la Plaza de Espa\u00f1a, donde finalizar\u00e1 su recorrido, con el saludo de SS.MM Los Reyes Magos. La plaza contar\u00e1 con animaci\u00f3n para esperar su llegada, en torno a las 20:30 h. <\/p>\n<p class=\"cmParagraph\">Tambi\u00e9n el domingo 4 de enero, en el Museo de la Ciudad, dentro de los Talleres de Navidad para familias, los ni\u00f1os a partir de 3 a\u00f1os acompa\u00f1ados de un adulto, podr\u00e1n elaborar la <strong>\u00abCarta a los Reyes Magos<\/strong>\u00ab, organizados en dos grupos, a las 11:00 h y a las 12:30 h. En estas sesiones los peque\u00f1os podr\u00e1n crear su propia carta de deseos con diverso material como tarjetas de papel de estilo antiguo, cuerdas, rotuladores y empaquetado navide\u00f1o. Adem\u00e1s, versionando el cl\u00e1sico juego del escondite, en la sala principal del museo, se esconder\u00e1n cartas con mensajes para los Reyes Magos haciendo participar a los ni\u00f1os de una manera original y divertida.<\/p>\n<p class=\"cmParagraph\">Previamente, el s\u00e1bado 3 de enero, Escena Navidad, ofrece el espect\u00e1culo musical <strong>Gospel Living Water<\/strong>, en el Teatro del Bosque, una experiencia que emociona, une y transforma gracias a su propuesta que fusiona m\u00fasica, cuerpo y alma. Living Water, es uno de los referentes del g\u00f3spel afroamericano en Espa\u00f1a. Con 17 a\u00f1os de trayectoria, ha ofrecido m\u00e1s de 200 conciertos y se ha subido a las tablas de escenarios emblem\u00e1ticos como el del Teatro Real y junto a artistas internacionales como Pitingo o el Mississippi Mass Choir.<\/p>\n<p class=\"cmParagraph\">El <strong>Mercado Navide\u00f1o de Pradillo<\/strong>, que permanecer\u00e1 abierto hasta el 6 de enero, de 12:00 h a 22:00 h, y que el domingo abrir\u00e1 de 12:00 h a 23:00 h, y <strong>Navipark<\/strong>, en el Parque Finca Liana, contin\u00faan su actividad en la ciudad para seguir ofreciendo a mostole\u00f1os y visitantes productos artesanos, talleres, animaci\u00f3n y pasacalles para amenizar el periodo navide\u00f1o.<\/p>\n<p class=\"cmParagraph\"><strong>Deporte en Navidad<\/strong><\/p>\n<p class=\"cmParagraph\">En cuanto a las actividades deportivas, organizadas por el Ayuntamiento de M\u00f3stoles, a trav\u00e9s de la Concejal\u00eda de Deportes y Sanidad, en colaboraci\u00f3n con entidades, clubes y asociaciones deportivas del municipio, hay que destacar la celebraci\u00f3n de la Gala de Navidad, organizada por el Club de F\u00fatbol Sala MRB-FS M\u00f3stoles, que tendr\u00e1 lugar esta tarde en el Pabell\u00f3n Eva Mangu\u00e1n.<\/p>\n<p class=\"cmParagraph\">Ma\u00f1ana s\u00e1bado, 3 de enero, se celebrar\u00e1 el Torneo de Reyes de Voleibol, de 9:00 h a 20:00 h, en el Pabell\u00f3n M\u00f3stoles Sur, organizado por el Club Voleibol M\u00f3stoles.<\/p>\n<p class=\"cmParagraph\">Tambi\u00e9n hay que destacar el Torneo de Navidad de tenis de mesa, que se celebrar\u00e1 en el Pabell\u00f3n Los Rosales, organizado por el C.T.M Progreso M\u00f3stoles, durante el fin de semana: el s\u00e1bado 3, en horario de 9:00 h a 20:00 h, y el domingo 4 de enero, de 9:00 h a 14:00 h.  <\/p>\n<p class=\"cmParagraph\">M\u00f3stoles, Ciudad Europea del Deporte 2026, sigue ofreciendo una amplia agenda deportiva, tambi\u00e9n en Navidad, implicando a la ciudadan\u00eda y al tejido deportivo del municipio. <\/p>\n","protected":false},"excerpt":{"rendered":"La Agrupaci\u00f3n Musical Banda la Estrella ofrecer\u00e1 un repertorio navide\u00f1o para todos los p\u00fablicos en el tradicional Concierto&hellip;\n","protected":false},"author":2,"featured_media":319109,"comment_status":"","ping_status":"","sticky":false,"template":"","format":"standard","meta":{"footnotes":""},"categories":[5],"tags":[1201,6853,1250,17,18,6854,777,2800,5509,25,24,13,14,11,6852,1928,6850,19,20,6849,9,10,15,16,4111,6851,23,12,21,22,6855],"class_list":{"0":"post-319108","1":"post","2":"type-post","3":"status-publish","4":"format-standard","5":"has-post-thumbnail","7":"category-titulares","8":"tag-alcalde","9":"tag-atencioacuten-ciudadana","10":"tag-ayuntamiento","11":"tag-breaking-news","12":"tag-breakingnews","13":"tag-callejero","14":"tag-ciudad","15":"tag-distritos","16":"tag-empleo","17":"tag-es","18":"tag-espana","19":"tag-featured-news","20":"tag-featurednews","21":"tag-headlines","22":"tag-inversioacuten","23":"tag-joven","24":"tag-juventud","25":"tag-latest-news","26":"tag-latestnews","27":"tag-moacutestoles","28":"tag-news","29":"tag-noticias","30":"tag-noticias-destacadas","31":"tag-noticiasdestacadas","32":"tag-presupuestos","33":"tag-sede-electroacutenica","34":"tag-spain","35":"tag-titulares","36":"tag-ultimas-noticias","37":"tag-ultimasnoticias","38":"tag-webs-municipales"},"share_on_mastodon":{"url":"","error":""},"_links":{"self":[{"href":"https:\/\/www.europesays.com\/es\/wp-json\/wp\/v2\/posts\/319108","targetHints":{"allow":["GET"]}}],"collection":[{"href":"https:\/\/www.europesays.com\/es\/wp-json\/wp\/v2\/posts"}],"about":[{"href":"https:\/\/www.europesays.com\/es\/wp-json\/wp\/v2\/types\/post"}],"author":[{"embeddable":true,"href":"https:\/\/www.europesays.com\/es\/wp-json\/wp\/v2\/users\/2"}],"replies":[{"embeddable":true,"href":"https:\/\/www.europesays.com\/es\/wp-json\/wp\/v2\/comments?post=319108"}],"version-history":[{"count":0,"href":"https:\/\/www.europesays.com\/es\/wp-json\/wp\/v2\/posts\/319108\/revisions"}],"wp:featuredmedia":[{"embeddable":true,"href":"https:\/\/www.europesays.com\/es\/wp-json\/wp\/v2\/media\/319109"}],"wp:attachment":[{"href":"https:\/\/www.europesays.com\/es\/wp-json\/wp\/v2\/media?parent=319108"}],"wp:term":[{"taxonomy":"category","embeddable":true,"href":"https:\/\/www.europesays.com\/es\/wp-json\/wp\/v2\/categories?post=319108"},{"taxonomy":"post_tag","embeddable":true,"href":"https:\/\/www.europesays.com\/es\/wp-json\/wp\/v2\/tags?post=319108"}],"curies":[{"name":"wp","href":"https:\/\/api.w.org\/{rel}","templated":true}]}}