{"id":319112,"date":"2026-01-02T13:00:12","date_gmt":"2026-01-02T13:00:12","guid":{"rendered":"https:\/\/www.europesays.com\/es\/319112\/"},"modified":"2026-01-02T13:00:12","modified_gmt":"2026-01-02T13:00:12","slug":"gp-castellon-recorrido-perfil-y-equipos-2026","status":"publish","type":"post","link":"https:\/\/www.europesays.com\/es\/319112\/","title":{"rendered":"GP Castell\u00f3n: Recorrido, perfil y equipos 2026"},"content":{"rendered":"<p><strong>PERFIL<\/strong><\/p>\n<p><a href=\"https:\/\/www.europesays.com\/es\/wp-content\/uploads\/2025\/12\/Altimetria-c-GP-Castellon.jpg\"><img fetchpriority=\"high\" decoding=\"async\" aria-describedby=\"caption-attachment-454986\" class=\"size-full wp-image-454986 lazy\" src=\"data:image\/svg+xml,%3Csvg%20xmlns=\" http:=\"\" data-src=\"https:\/\/www.europesays.com\/es\/wp-content\/uploads\/2025\/12\/Altimetria-c-GP-Castellon.jpg\" alt=\"\" width=\"1536\" height=\"472\" data- data-\/><\/a><\/p>\n<p id=\"caption-attachment-454986\" class=\"wp-caption-text\">Altimetr\u00eda (c) GP Castell\u00f3n<\/p>\n<p><strong>Redacci\u00f3n \/\u00a0<a href=\"http:\/\/t.me\/ciclo21\" target=\"_blank\" rel=\"noopener nofollow\">Ciclo 21<\/a><\/strong><\/p>\n<p style=\"text-align: justify;\"><strong>El Gran Premio Castell\u00f3n-Ruta de la Cer\u00e1mica 2026 se disputar\u00e1 el <a href=\"https:\/\/www.ciclo21.com\/ciclismo-calendarios-uci-completos-2026\/\" target=\"_blank\" rel=\"noopener nofollow\">s\u00e1bado 24 de enero<\/a> y ser\u00e1 una de las primeras carreras europeas de la temporada<\/strong>. La prueba de un d\u00eda, con 171,7 km entre Castell\u00f3n y Onda, servir\u00e1 tanto para que los ciclistas comprueben su estado de forma como para que los m\u00e1s fuertes puedan marcar la diferencia, gracias a un recorrido no extremadamente duro, pero s\u00ed selectivo, sobre todo en el tramo final.<\/p>\n<p style=\"text-align: justify;\"><strong>El trazado mantiene las principales dificultades de 2025: el Alto de la Serravella antes de la mitad del recorrido y el Collado de Aj\u00f3dar<\/strong>, que se corona a poco m\u00e1s de 10 km de meta. El final en Onda incluye un repecho con pendiente de hasta el 12%, donde <a href=\"https:\/\/www.ciclo21.com\/gp-castellon-2025-morgadov\/\" target=\"_blank\" rel=\"noopener nofollow\"><strong>el portugu\u00e9s Ant\u00f3nio Morgado se impuso en la \u00faltima edici\u00f3n<\/strong><\/a>.<\/p>\n<p><strong>MAPA<\/strong><\/p>\n<p><a href=\"https:\/\/www.ciclo21.com\/wp-content\/uploads\/2025\/12\/G8cKhlxXUAAFYCO.jpg\" target=\"_blank\" rel=\"noopener nofollow\"><img loading=\"lazy\" decoding=\"async\" aria-describedby=\"caption-attachment-454985\" class=\"wp-image-454985 size-medium lazy\" src=\"data:image\/svg+xml,%3Csvg%20xmlns=\" http:=\"\" data-src=\"https:\/\/www.europesays.com\/es\/wp-content\/uploads\/2026\/01\/G8cKhlxXUAAFYCO-212x300.jpg\" alt=\"\" width=\"212\" height=\"300\" data- data-\/><\/a><\/p>\n<p id=\"caption-attachment-454985\" class=\"wp-caption-text\">Mapa GP Castell\u00f3n 2026<\/p>\n<p><strong>EQUIPOS<\/strong><\/p>\n<p><strong>WorldTeams<\/strong><\/p>\n<p>Bahrain<br \/><strong>Movistar<\/strong><br \/>Soudal<br \/>Jayco<br \/>UAE\u00a0<br \/>XDS\u00a0<\/p>\n<p><strong>Profesionales<\/strong><\/p>\n<p>Bardiani<br \/><strong>Burgos\u00a0<\/strong><br \/><strong>Caja Rural<\/strong><br \/>Cofidis<br \/><strong>Kern Pharma<\/strong><br \/><strong>Euskaltel<\/strong><br \/>MBH Bank<br \/>Polti<br \/>TotalEnergies<br \/>Unibet<\/p>\n<p><strong>Continentales<\/strong><br \/>Anicolor<br \/>CIC<br \/><strong>Illes Balears<\/strong><br \/>Van Rysel<\/p>\n<p><strong>Espa\u00f1a sub-23<\/strong><\/p>\n<p><strong>PALMAR\u00c9S<\/strong><\/p>\n<p><a href=\"https:\/\/www.ciclo21.com\/gp-castellon-2025-morgadov\/\" rel=\"nofollow noopener\" target=\"_blank\"><strong>Edici\u00f3n 2025: Morgado<\/strong><\/a><\/p>\n","protected":false},"excerpt":{"rendered":"PERFIL Altimetr\u00eda (c) GP Castell\u00f3n Redacci\u00f3n \/\u00a0Ciclo 21 El Gran Premio Castell\u00f3n-Ruta de la Cer\u00e1mica 2026 se disputar\u00e1&hellip;\n","protected":false},"author":2,"featured_media":295221,"comment_status":"","ping_status":"","sticky":false,"template":"","format":"standard","meta":{"footnotes":""},"categories":[273],"tags":[3076,313,312,168,25,24,70478,70479,70480,70481,70482,23,167],"class_list":{"0":"post-319112","1":"post","2":"type-post","3":"status-publish","4":"format-standard","5":"has-post-thumbnail","7":"category-ciclismo","8":"tag-3076","9":"tag-ciclismo","10":"tag-cycling","11":"tag-deportes","12":"tag-es","13":"tag-espana","14":"tag-gp-castellon-2026","15":"tag-gran-premio-castellon","16":"tag-gran-premio-castellon-2026","17":"tag-ruta-de-la-ceramica","18":"tag-ruta-de-la-ceramica-2026","19":"tag-spain","20":"tag-sports"},"share_on_mastodon":{"url":"https:\/\/pubeurope.com\/@es\/115825634366392003","error":""},"_links":{"self":[{"href":"https:\/\/www.europesays.com\/es\/wp-json\/wp\/v2\/posts\/319112","targetHints":{"allow":["GET"]}}],"collection":[{"href":"https:\/\/www.europesays.com\/es\/wp-json\/wp\/v2\/posts"}],"about":[{"href":"https:\/\/www.europesays.com\/es\/wp-json\/wp\/v2\/types\/post"}],"author":[{"embeddable":true,"href":"https:\/\/www.europesays.com\/es\/wp-json\/wp\/v2\/users\/2"}],"replies":[{"embeddable":true,"href":"https:\/\/www.europesays.com\/es\/wp-json\/wp\/v2\/comments?post=319112"}],"version-history":[{"count":0,"href":"https:\/\/www.europesays.com\/es\/wp-json\/wp\/v2\/posts\/319112\/revisions"}],"wp:featuredmedia":[{"embeddable":true,"href":"https:\/\/www.europesays.com\/es\/wp-json\/wp\/v2\/media\/295221"}],"wp:attachment":[{"href":"https:\/\/www.europesays.com\/es\/wp-json\/wp\/v2\/media?parent=319112"}],"wp:term":[{"taxonomy":"category","embeddable":true,"href":"https:\/\/www.europesays.com\/es\/wp-json\/wp\/v2\/categories?post=319112"},{"taxonomy":"post_tag","embeddable":true,"href":"https:\/\/www.europesays.com\/es\/wp-json\/wp\/v2\/tags?post=319112"}],"curies":[{"name":"wp","href":"https:\/\/api.w.org\/{rel}","templated":true}]}}