{"id":319117,"date":"2026-01-02T13:04:08","date_gmt":"2026-01-02T13:04:08","guid":{"rendered":"https:\/\/www.europesays.com\/es\/319117\/"},"modified":"2026-01-02T13:04:08","modified_gmt":"2026-01-02T13:04:08","slug":"estas-son-las-zapatillas-que-le-han-llevado-a-la-meta-de-la-san-silvestre","status":"publish","type":"post","link":"https:\/\/www.europesays.com\/es\/319117\/","title":{"rendered":"estas son las zapatillas que le han llevado a la meta de la San Silvestre"},"content":{"rendered":"<p><strong><a href=\"https:\/\/theobjective.com\/etiqueta\/marta-ortega\/\" rel=\"nofollow noopener\" target=\"_blank\">Marta Ortega<\/a><\/strong> est\u00e1 <strong>imparable<\/strong>. La hija de <strong>Amancio Ortega <\/strong>termin\u00f3, en el \u00faltimo d\u00eda del a\u00f1o, el 31 de diciembre, la tradicional carrera de <strong>San Silvestre<\/strong> en la ciudad de La Coru\u00f1a. La empresaria no hizo la carrera sola y, adem\u00e1s, la concluy\u00f3 en poco m\u00e1s de una hora. En los v\u00eddeos que se han difundido en las redes sociales vemos a una Marta llegando a la l\u00ednea de meta, en compa\u00f1\u00eda de otra joven \u2014su prima\u2014 con un look en tonalidades beige, totalmente conjuntada, y unas deportivas de la marca <strong>Nike<\/strong>. <\/p>\n<p>Lo cierto es que su participaci\u00f3n, aunque siempre discreta, se encuentra en una tradici\u00f3n personal y familiar. En esta edici\u00f3n, en la que participaron alrededor de\u00a0<strong>6.800 personas<\/strong>, Marta Ortega se calz\u00f3 sus zapatillas de running y complet\u00f3 el recorrido en aproximadamente\u00a0<strong>una hora<\/strong>, acompa\u00f1ada de su\u00a0<strong>marido, Carlos Torretta, y su prima<\/strong>, con quienes cruz\u00f3 la meta. All\u00ed la esperaba parte de su familia, en un ambiente distendido y festivo que forma parte de su costumbre anual cuando pasa las fechas navide\u00f1as en su ciudad natal.\u00a0La presencia de Marta no solo fue deportiva, sino tambi\u00e9n simb\u00f3lica: demuestra su arraigo con A Coru\u00f1a y con las tradiciones locales, participando como una \u00abcoru\u00f1esa m\u00e1s\u00bb en esta carrera multitudinaria que mezcla deporte y celebraci\u00f3n para despedir el a\u00f1o.<\/p>\n<p>Marta Ortega ha corrido varias veces la San Silvestre en La Coru\u00f1a<\/p>\n<blockquote class=\"tiktok-embed\" cite=\"https:\/\/www.tiktok.com\/@g24noticias\/video\/7590373773371788547\" data-video-id=\"7590373773371788547\" style=\"max-width: 605px;min-width: 325px;\"><p>  <a target=\"_blank\" title=\"@g24noticias\" href=\"https:\/\/www.tiktok.com\/@g24noticias?refer=embed\" rel=\"nofollow noopener\">@g24noticias<\/a> A CORU\u00d1A A presidenta de Inditex, Marta Ortega, di adeus ao 2025 correndo na San Silvestre <a title=\"galicia\" target=\"_blank\" href=\"https:\/\/www.tiktok.com\/tag\/galicia?refer=embed\" rel=\"nofollow noopener\">#Galicia<\/a> <a title=\"noticias\" target=\"_blank\" href=\"https:\/\/www.tiktok.com\/tag\/noticias?refer=embed\" rel=\"nofollow noopener\">#noticias<\/a> <a title=\"galego\" target=\"_blank\" href=\"https:\/\/www.tiktok.com\/tag\/galego?refer=embed\" rel=\"nofollow noopener\">#galego<\/a> <a target=\"_blank\" title=\"\u266c sonido original - g24noticias\" href=\"https:\/\/www.tiktok.com\/music\/sonido-original-7590373777079323414?refer=embed\" rel=\"nofollow noopener\">\u266c sonido original \u2013 g24noticias<\/a>  <\/p><\/blockquote>\n<p>Fue en 2012 cuando la presidenta de Inditex comenzado a correr en esta carrera, por lo que su afici\u00f3n por esta carrera viene de varios a\u00f1os atr\u00e1s.\u00a0En\u00a0<strong>2013<\/strong>\u00a0particip\u00f3 junto a su primer marido,\u00a0<strong><a href=\"https:\/\/theobjective.com\/gente\/2024-11-03\/sergio-alvarez-marta-ortega-novia-millonaria\/\" rel=\"nofollow noopener\" target=\"_blank\">Sergio \u00c1lvarez Moya<\/a><\/strong>. Ambos completaron el circuito de casi 8\u202fkm, aunque su marido lo hizo en menos tiempo que ella. Tambi\u00e9n, en 2014, volvi\u00f3 a participar en la San Silvestre, aunque ese a\u00f1o \u2014tras la separaci\u00f3n con \u00c1lvarez Moya\u2014 cada uno pas\u00f3 las fiestas por separado.\u00a0En\u00a0<strong>ediciones m\u00e1s recientes<\/strong>, como la de\u00a0<strong>2024<\/strong>, Marta ha vuelto a estar entre los corredores populares, siendo mencionada como habitual de la prueba junto a otras caras conocidas en la ciudad.<\/p>\n<p>Lo cierto es que la San Silvestre de La Coru\u00f1a es una\u00a0<strong>carrera urbana popular<\/strong>\u00a0que se celebra cada\u00a0<strong>31 de diciembre<\/strong>, coincidiendo con la v\u00edspera de A\u00f1o Nuevo. Forma parte de la tradici\u00f3n espa\u00f1ola de correr las \u00abSan Silvestres\u00bb en distintas ciudades para despedir el a\u00f1o de manera deportiva y festiva. Se trata de un evento\u00a0<strong>abierto a todos<\/strong>: desde corredores profesionales hasta aficionados, familias y grupos que buscan pasar un momento divertido y activo antes de la Nochevieja. La carrera combina\u00a0<strong>deporte, fiesta y tradici\u00f3n local<\/strong>. La carrera tiene un\u00a0<strong>recorrido aproximado de 7\u20138 km<\/strong>, que atraviesa las calles principales de La Coru\u00f1a.<\/p>\n<p><img fetchpriority=\"high\" decoding=\"async\" width=\"1024\" height=\"576\" src=\"https:\/\/www.europesays.com\/es\/wp-content\/uploads\/2026\/01\/marta-ortega-nombre-hijo-1024x576.jpeg\" alt=\"\" class=\"wp-image-3892395\"  \/>Marta Ortega, junto a su marido. | Gtres<\/p>\n<p>El trazado suele pasar por zonas ic\u00f3nicas del centro de la ciudad, lo que permite a los corredores disfrutar de la ciudad mientras corren. La salida y la meta se sit\u00faan generalmente en\u00a0<strong>lugares c\u00e9ntricos y emblem\u00e1ticos<\/strong>, facilitando la asistencia de p\u00fablico y el ambiente festivo. Cada a\u00f1o participan entre\u00a0<strong>6.000 y 7.000 personas<\/strong>, desde corredores experimentados hasta familias con ni\u00f1os. Muchos asistentes corren\u00a0<strong>disfrazados<\/strong>, a\u00f1adiendo un toque humor\u00edstico y festivo. Es habitual ver disfraces de Pap\u00e1 Noel, renos y otros motivos navide\u00f1os. La carrera no solo es deportiva, sino tambi\u00e9n un\u00a0<strong>evento social<\/strong>: amigos y familiares se re\u00fanen para despedir el a\u00f1o, y los vecinos animan desde las aceras.<\/p>\n<p>Pasi\u00f3n por el \u2018running\u2019 y la equitaci\u00f3n <\/p>\n<p>Aunque es\u00a0<strong>popular y abierta<\/strong>, tambi\u00e9n hay\u00a0<strong>categor\u00edas competitivas<\/strong>, con premios para los primeros clasificados en diferentes rangos de edad. Entre los corredores se encuentran\u00a0<strong>personajes locales y nacionales<\/strong>, como Marta Ortega, lo que aporta un atractivo medi\u00e1tico adicional. El evento fomenta el\u00a0<strong>deporte y la vida saludable<\/strong>, y se ha consolidado como un plan t\u00edpico de Nochevieja para muchos coru\u00f1eses. Para terminar los kil\u00f3metros requeridos, Ortega se enfund\u00f3 unas <strong>Nike Alphafly 3 Proto<\/strong>, en color blanco y con un detalle en rojo. Tal y como han confirmado en Mister Running, se trata de \u00ablas m\u00e1s ligeras hasta la fecha\u00bb. \u00abEl FlyPlate de fibra de carbono ahora es m\u00e1s ancho y largo para aumentar el impulso y una marcha m\u00e1s estable. La entresuela est\u00e1 hecha de espuma Zoomx para una mayor amortiguaci\u00f3n, mientras que las dos unidades Air Zoom est\u00e1n dise\u00f1adas para un incre\u00edble retorno de energ\u00eda\u00bb, apuntan en la mencionada web. <\/p>\n<p>Marta Ortega, adem\u00e1s de ser la figura al frente de Inditex, ha encontrado en el running una aut\u00e9ntica pasi\u00f3n que refleja su car\u00e1cter disciplinado y su b\u00fasqueda de equilibrio personal. Para ella, correr no es simplemente una actividad f\u00edsica: es un espacio de introspecci\u00f3n, un momento en el que puede <strong>desconectar del bullicio del mundo empresarial<\/strong> y reconectar consigo misma. Cada carrera se convierte en una oportunidad para superar l\u00edmites, mejorar su resistencia y disfrutar de la sensaci\u00f3n de libertad que ofrece el movimiento constante al aire libre.<\/p>\n<p><img loading=\"lazy\" decoding=\"async\" width=\"1024\" height=\"576\" src=\"https:\/\/www.europesays.com\/es\/wp-content\/uploads\/2026\/01\/amancio-ortega-infancia-leon-dos-1024x576.jpeg\" alt=\"\" class=\"wp-image-3797139\"  \/>Amancio Ortega, junto a su hija Marta. | Gtres<\/p>\n<p>Quienes la conocen destacan su constancia: Marta entrena con regularidad, adaptando su rutina a su intensa agenda, y nunca deja de perseguir <strong>peque\u00f1os retos personales<\/strong>, ya sea completar largas distancias, mejorar su ritmo o simplemente disfrutar de la serenidad de un amanecer corriendo. En este deporte encuentra tambi\u00e9n una fuente de motivaci\u00f3n y claridad mental, que le permite abordar sus responsabilidades profesionales con una energ\u00eda renovada y una mente enfocada. <\/p>\n<p>Su dedicaci\u00f3n al running refleja, adem\u00e1s, valores que trascienden el \u00e1mbito deportivo: disciplina, perseverancia y superaci\u00f3n personal. Para Marta, cada kil\u00f3metro recorrido es un recordatorio de que incluso en la vida m\u00e1s exigente, es posible cultivar h\u00e1bitos que alimenten cuerpo y mente. Su pasi\u00f3n inspira a quienes la rodean a encontrar en el deporte no solo un medio para mantenerse activos, sino un verdadero refugio donde la mente puede descansar y el esp\u00edritu fortalecerse.<\/p>\n<p>A lo largo de los a\u00f1os, Marta ha ido consolidando <strong>su propia presencia p\u00fablica<\/strong>, no solo por su papel dentro de la empresa familiar, sino tambi\u00e9n por su estilo, elegancia y discreci\u00f3n, que la han convertido en un referente tanto en el \u00e1mbito profesional como social. En el terreno profesional, Marta Ortega ha demostrado un compromiso profundo con Inditex, especialmente en su transformaci\u00f3n y expansi\u00f3n global. Su visi\u00f3n <strong>combina innovaci\u00f3n con tradici\u00f3n<\/strong>, uniendo la atenci\u00f3n al detalle en la moda con un enfoque estrat\u00e9gico en la gesti\u00f3n empresarial. Esta dedicaci\u00f3n refleja una pasi\u00f3n que va m\u00e1s all\u00e1 de lo laboral: es el compromiso con un legado familiar y la voluntad de proyectarlo hacia el futuro.<\/p>\n<p>En lo personal, Marta Ortega cultiva varias pasiones que muestran su lado m\u00e1s humano y cercano. Entre ellas, el\u00a0<strong>running<\/strong>ocupa un lugar destacado: para ella, correr es un ritual de equilibrio, un espacio para desconectar, reflexionar y fortalecerse f\u00edsica y mentalmente. Su disciplina en este deporte refleja su capacidad de constancia y superaci\u00f3n, rasgos que tambi\u00e9n aplican en su vida profesional.<\/p>\n<p><img loading=\"lazy\" decoding=\"async\" width=\"1024\" height=\"576\" src=\"https:\/\/www.europesays.com\/es\/wp-content\/uploads\/2026\/01\/marta-ortega-carlos-torreta-1024x576.jpg\" alt=\"\" class=\"wp-image-3500687\"  \/>Marta Ortega y Carlos Torretta en un evento equino en IFEMA, Madrid, en 2024. | Europa Press<\/p>\n<p>Otra de sus grandes pasiones es\u00a0<strong>la equitaci\u00f3n<\/strong>. Marta ha sido una amante de los caballos desde su infancia y ha participado en competiciones internacionales de salto ecuestre. Esta actividad no solo le brinda emoci\u00f3n y conexi\u00f3n con la naturaleza, sino que tambi\u00e9n es un reflejo de su dedicaci\u00f3n, paciencia y amor por los animales. La equitaci\u00f3n combina perfectamente con su estilo de vida: requiere disciplina, sensibilidad y precisi\u00f3n, cualidades que Marta aplica en todos los \u00e1mbitos de su vida. Adem\u00e1s, Marta Ortega muestra un inter\u00e9s profundo por el\u00a0<strong>arte y la cultura \u2014es m\u00e1s, en los \u00faltimos meses ha llevado a cabo una exposici\u00f3n junto a <a href=\"https:\/\/theobjective.com\/gente\/2025-09-19\/marta-ortega-annie-leibovitz-fotografia\/\" rel=\"nofollow noopener\" target=\"_blank\">Annie Leibovitz<\/a>\u2014<\/strong>, participando en eventos sociales relacionados con exposiciones, museos y actividades culturales. Su presencia en estos espacios refleja un gusto refinado y una curiosidad constante por aprender y rodearse de creatividad.<\/p>\n<p>                                                    <script async src=\"\/\/www.tiktok.com\/embed.js\"><\/script><\/p>\n","protected":false},"excerpt":{"rendered":"Marta Ortega est\u00e1 imparable. La hija de Amancio Ortega termin\u00f3, en el \u00faltimo d\u00eda del a\u00f1o, el 31&hellip;\n","protected":false},"author":2,"featured_media":319118,"comment_status":"","ping_status":"","sticky":false,"template":"","format":"standard","meta":{"footnotes":""},"categories":[174],"tags":[255,146,147,25,24,256,40361,37261,71472,23],"class_list":{"0":"post-319117","1":"post","2":"type-post","3":"status-publish","4":"format-standard","5":"has-post-thumbnail","7":"category-famosos","8":"tag-celebrities","9":"tag-entertainment","10":"tag-entretenimiento","11":"tag-es","12":"tag-espana","13":"tag-famosos","14":"tag-la-coruu00f1a","15":"tag-marta-ortega","16":"tag-san-silvestre","17":"tag-spain"},"share_on_mastodon":{"url":"https:\/\/pubeurope.com\/@es\/115825650308019644","error":""},"_links":{"self":[{"href":"https:\/\/www.europesays.com\/es\/wp-json\/wp\/v2\/posts\/319117","targetHints":{"allow":["GET"]}}],"collection":[{"href":"https:\/\/www.europesays.com\/es\/wp-json\/wp\/v2\/posts"}],"about":[{"href":"https:\/\/www.europesays.com\/es\/wp-json\/wp\/v2\/types\/post"}],"author":[{"embeddable":true,"href":"https:\/\/www.europesays.com\/es\/wp-json\/wp\/v2\/users\/2"}],"replies":[{"embeddable":true,"href":"https:\/\/www.europesays.com\/es\/wp-json\/wp\/v2\/comments?post=319117"}],"version-history":[{"count":0,"href":"https:\/\/www.europesays.com\/es\/wp-json\/wp\/v2\/posts\/319117\/revisions"}],"wp:featuredmedia":[{"embeddable":true,"href":"https:\/\/www.europesays.com\/es\/wp-json\/wp\/v2\/media\/319118"}],"wp:attachment":[{"href":"https:\/\/www.europesays.com\/es\/wp-json\/wp\/v2\/media?parent=319117"}],"wp:term":[{"taxonomy":"category","embeddable":true,"href":"https:\/\/www.europesays.com\/es\/wp-json\/wp\/v2\/categories?post=319117"},{"taxonomy":"post_tag","embeddable":true,"href":"https:\/\/www.europesays.com\/es\/wp-json\/wp\/v2\/tags?post=319117"}],"curies":[{"name":"wp","href":"https:\/\/api.w.org\/{rel}","templated":true}]}}