{"id":319135,"date":"2026-01-02T13:15:11","date_gmt":"2026-01-02T13:15:11","guid":{"rendered":"https:\/\/www.europesays.com\/es\/319135\/"},"modified":"2026-01-02T13:15:11","modified_gmt":"2026-01-02T13:15:11","slug":"todo-lo-que-se-sabe-de-la-tragica-fiesta-de-ano-nuevo-en-suiza-las-principales-teorias-sobre-como-se-origino-el-fuego","status":"publish","type":"post","link":"https:\/\/www.europesays.com\/es\/319135\/","title":{"rendered":"Todo lo que se sabe de la tr\u00e1gica fiesta de A\u00f1o Nuevo en Suiza: las principales teor\u00edas sobre c\u00f3mo se origin\u00f3 el fuego"},"content":{"rendered":"<p class=\"articleParagraph\"><b>Xavier Col\u00e1s<\/b>, corresponsal de Onda Cero para el este de Europa, se ha desplazado hasta Suiza para conocer de primera mano las consecuencias del <b>devastador incendio registrado en el bar Le Constellation<\/b>, en la localidad de Crans-Montana, dentro del cant\u00f3n de Valais. El siniestro ha dejado <b>al menos 40 personas fallecidas y m\u00e1s de un centenar de heridos<\/b>, en lo que ya se considera una de las mayores tragedias recientes en el pa\u00eds.<\/p>\n<p class=\"articleParagraph\">El periodista ha detallado en M\u00e1s de uno, como de los <b>115 heridos contabilizados<\/b>, muchos se encuentran en estado cr\u00edtico. Las autoridades sanitarias han confirmado que varios de ellos est\u00e1n siendo trasladados tanto a <b>las principales ciudades suizas<\/b> como a <b>pa\u00edses vecinos<\/b>, ante la saturaci\u00f3n de los hospitales de la zona. Es bastante probable que entre las v\u00edctimas haya <b>personas extranjeras<\/b>, lo que complica el proceso de identificaci\u00f3n, que se prev\u00e9 largo y complejo.<\/p>\n<p class=\"articleParagraph\">La polic\u00eda suiza ha <b>incautado tel\u00e9fonos m\u00f3viles y material audiovisual<\/b> para tratar de reconstruir lo ocurrido durante los minutos previos al incendio. En paralelo, los investigadores contin\u00faan recabando testimonios de los supervivientes y de quienes se encontraban en las inmediaciones del local.<\/p>\n<p class=\"articleParagraph\">Los primeros testigos describen una escena <b>propia de un campo de batalla<\/b>. Varias personas sal\u00edan del establecimiento envueltas en llamas, mientras otras ca\u00edan al suelo por la inhalaci\u00f3n de humo. Un camarero de un restaurante cercano ha relatado que los equipos de emergencia se acercaron a su local para pedir <b>manteles con los que cubrir los cuerpos<\/b> de las v\u00edctimas.<\/p>\n<p class=\"articleParagraph\">Durante las \u00faltimas horas han circulado <b>numerosos v\u00eddeos en redes sociales<\/b> que muestran c\u00f3mo unas bengalas atadas a botellas de champ\u00e1n habr\u00edan prendido el techo del establecimiento. El local estaba recubierto por una <b>capa de material aislante altamente inflamable<\/b>, lo que habr\u00eda favorecido la r\u00e1pida propagaci\u00f3n del fuego.<\/p>\n<p class=\"articleParagraph\">Aun as\u00ed, la <b>fiscal\u00eda suiza insiste en que las causas no est\u00e1n confirmadas al 100%<\/b>. Adem\u00e1s de las bengalas, las autoridades barajan otras posibles hip\u00f3tesis, como el uso de <b>petardos<\/b> o incluso el encendido accidental de una <b>vela<\/b>. Algunos testigos aseguran haber visto a un camarero sosteniendo en brazos a una empleada mientras una botella de champ\u00e1n ard\u00eda.<\/p>\n<p>Una \u00abtormenta\u00bb de fuego con efecto &#8216;flash-over&#8217;<\/p>\n<p class=\"articleParagraph\">Los expertos en incendios describen lo ocurrido como una aut\u00e9ntica <b>\u00abtormenta de fuego\u00bb<\/b>. Seg\u00fan las autoridades, se produjo un crecimiento explosivo de las llamas conocido como <b>efecto &#8216;flash-over&#8217;<\/b>, que gener\u00f3 grandes cantidades de gases t\u00f3xicos y un aumento extremadamente r\u00e1pido de la temperatura, que habr\u00eda alcanzado <b>hasta los 1.000 grados cent\u00edgrados<\/b> en cuesti\u00f3n de segundos.<\/p>\n<p class=\"articleParagraph\">Mientras contin\u00faa la investigaci\u00f3n, <b>Suiza permanece de luto<\/b> por una tragedia que ha conmocionado al pa\u00eds y ha abierto un intenso debate sobre la seguridad en locales de ocio nocturno y el uso de materiales inflamables en este tipo de establecimientos.<\/p>\n","protected":false},"excerpt":{"rendered":"Xavier Col\u00e1s, corresponsal de Onda Cero para el este de Europa, se ha desplazado hasta Suiza para conocer&hellip;\n","protected":false},"author":2,"featured_media":319136,"comment_status":"","ping_status":"","sticky":false,"template":"","format":"standard","meta":{"footnotes":""},"categories":[42],"tags":[17,18,13,14,11,61,62,63,64,19,20,9,10,15,16,12,21,22,65,66,67],"class_list":{"0":"post-319135","1":"post","2":"type-post","3":"status-publish","4":"format-standard","5":"has-post-thumbnail","7":"category-internacional","8":"tag-breaking-news","9":"tag-breakingnews","10":"tag-featured-news","11":"tag-featurednews","12":"tag-headlines","13":"tag-internacional","14":"tag-international","15":"tag-international-news","16":"tag-internationalnews","17":"tag-latest-news","18":"tag-latestnews","19":"tag-news","20":"tag-noticias","21":"tag-noticias-destacadas","22":"tag-noticiasdestacadas","23":"tag-titulares","24":"tag-ultimas-noticias","25":"tag-ultimasnoticias","26":"tag-world","27":"tag-world-news","28":"tag-worldnews"},"share_on_mastodon":{"url":"https:\/\/pubeurope.com\/@es\/115825693383365727","error":""},"_links":{"self":[{"href":"https:\/\/www.europesays.com\/es\/wp-json\/wp\/v2\/posts\/319135","targetHints":{"allow":["GET"]}}],"collection":[{"href":"https:\/\/www.europesays.com\/es\/wp-json\/wp\/v2\/posts"}],"about":[{"href":"https:\/\/www.europesays.com\/es\/wp-json\/wp\/v2\/types\/post"}],"author":[{"embeddable":true,"href":"https:\/\/www.europesays.com\/es\/wp-json\/wp\/v2\/users\/2"}],"replies":[{"embeddable":true,"href":"https:\/\/www.europesays.com\/es\/wp-json\/wp\/v2\/comments?post=319135"}],"version-history":[{"count":0,"href":"https:\/\/www.europesays.com\/es\/wp-json\/wp\/v2\/posts\/319135\/revisions"}],"wp:featuredmedia":[{"embeddable":true,"href":"https:\/\/www.europesays.com\/es\/wp-json\/wp\/v2\/media\/319136"}],"wp:attachment":[{"href":"https:\/\/www.europesays.com\/es\/wp-json\/wp\/v2\/media?parent=319135"}],"wp:term":[{"taxonomy":"category","embeddable":true,"href":"https:\/\/www.europesays.com\/es\/wp-json\/wp\/v2\/categories?post=319135"},{"taxonomy":"post_tag","embeddable":true,"href":"https:\/\/www.europesays.com\/es\/wp-json\/wp\/v2\/tags?post=319135"}],"curies":[{"name":"wp","href":"https:\/\/api.w.org\/{rel}","templated":true}]}}