{"id":319137,"date":"2026-01-02T13:16:07","date_gmt":"2026-01-02T13:16:07","guid":{"rendered":"https:\/\/www.europesays.com\/es\/319137\/"},"modified":"2026-01-02T13:16:07","modified_gmt":"2026-01-02T13:16:07","slug":"la-nochevieja-de-jerez-transcurrio-sin-incidencias-destacables","status":"publish","type":"post","link":"https:\/\/www.europesays.com\/es\/319137\/","title":{"rendered":"La Nochevieja de Jerez transcurri\u00f3 sin incidencias destacables"},"content":{"rendered":"<p>La Jefatura de la Polic\u00eda Local acogi\u00f3 de forma presencial el CECOP <strong>para coordinar el dispositivo dise\u00f1ado con motivo de la Nochevieja y A\u00f1o Nuevo<\/strong>. Hay que recordar que el Plan Territorial Local en fase de pre-emergencia y \u2018Situaci\u00f3n Operativa 0\u2019 se encuentra activado desde el pasado 21 de noviembre, d\u00eda de inicio del periodo oficial de zambombas, y que estar\u00e1 vigente hasta la Cabalgata de Reyes Magos el 5 de enero.<\/p>\n<p><strong>La normalidad en materia de seguridad ha sido la t\u00f3nica general de la Nochevieja de Jerez<\/strong>, seg\u00fan ha informado la Polic\u00eda Local. La noche del 31 de diciembre y la madrugada del 1 de enero se han distinguido por la ausencia de incidentes rese\u00f1ables. Como es habitual, el CECOP ha coordinado el dispositivo formado por las fuerzas y cuerpos de seguridad que lo integran, Bomberos, Protecci\u00f3n Civil, servicios sanitarios y de emergencias y miembros de las delegaciones municipales implicadas en la Navidad.<\/p>\n<p>Entre las actuaciones realizadas, <strong>la Polic\u00eda ha intervenido en cuatro colisiones de veh\u00edculos en calles de Jerez<\/strong>. El \u00fanico siniestro con heridos se ha notificado en la glorieta Manuel Aza\u00f1a, donde dos turismos colisionaron con el resultado de una persona lesionada. Otro accidente tuvo lugar en el Paseo de Las Delicias con la implicaci\u00f3n de dos turismos que resultaron da\u00f1ados. Igualmente,\u00a0 los agentes municipales intervinieron en una colisi\u00f3n de dos turismos en la calle Bueno Aires y en una colisi\u00f3n entre un veh\u00edculo de movilidad personal y un furg\u00f3n; no hubo heridos.<\/p>\n<p>En materia de intervenci\u00f3n de estupefacientes, la Polic\u00eda Local <strong>ha abierto diligencias a una persona por un presunto delito contra la salud p\u00fablica<\/strong> ocurrido en la zona oeste de la ciudad. Durante el cacheo realizado a un var\u00f3n, los agentes han encontrado 13 papelinas de coca\u00edna con un peso aproximado de 7,8 gramos, un envoltorio que conten\u00eda 1,1 gramos de MDA y 135 euros en met\u00e1lico. En otra actuaci\u00f3n, los agentes municipales han trasladado a la Jefatura de la Polic\u00eda Local las filiaciones de dos personas por una denuncia entre particulares por agresi\u00f3n.<\/p>\n<p>Asimismo, la Polic\u00eda Local <strong>ha proseguido con la labor de inspecci\u00f3n a locales de ocio,<\/strong> ubicados en esta ocasi\u00f3n en la zona oeste. En materia de siniestros, la Polic\u00eda Local ha inspeccionado una vivienda en construcci\u00f3n en la avenida Cruz Roja donde se ha originado un incendio que fue sofocado por el Cuerpo de bomberos. En el cap\u00edtulo de servicios humanitarios realizados, la Polic\u00eda Local ha asistido a una persona mayor que ha sufrido una ca\u00edda en el interior de su domicilio.<\/p>\n","protected":false},"excerpt":{"rendered":"La Jefatura de la Polic\u00eda Local acogi\u00f3 de forma presencial el CECOP para coordinar el dispositivo dise\u00f1ado con&hellip;\n","protected":false},"author":2,"featured_media":319138,"comment_status":"","ping_status":"","sticky":false,"template":"","format":"standard","meta":{"footnotes":""},"categories":[8],"tags":[17,18,25,24,13,14,11,19,20,9,10,15,16,23,12,21,22],"class_list":{"0":"post-319137","1":"post","2":"type-post","3":"status-publish","4":"format-standard","5":"has-post-thumbnail","7":"category-espana","8":"tag-breaking-news","9":"tag-breakingnews","10":"tag-es","11":"tag-espana","12":"tag-featured-news","13":"tag-featurednews","14":"tag-headlines","15":"tag-latest-news","16":"tag-latestnews","17":"tag-news","18":"tag-noticias","19":"tag-noticias-destacadas","20":"tag-noticiasdestacadas","21":"tag-spain","22":"tag-titulares","23":"tag-ultimas-noticias","24":"tag-ultimasnoticias"},"share_on_mastodon":{"url":"https:\/\/pubeurope.com\/@es\/115825697432069469","error":""},"_links":{"self":[{"href":"https:\/\/www.europesays.com\/es\/wp-json\/wp\/v2\/posts\/319137","targetHints":{"allow":["GET"]}}],"collection":[{"href":"https:\/\/www.europesays.com\/es\/wp-json\/wp\/v2\/posts"}],"about":[{"href":"https:\/\/www.europesays.com\/es\/wp-json\/wp\/v2\/types\/post"}],"author":[{"embeddable":true,"href":"https:\/\/www.europesays.com\/es\/wp-json\/wp\/v2\/users\/2"}],"replies":[{"embeddable":true,"href":"https:\/\/www.europesays.com\/es\/wp-json\/wp\/v2\/comments?post=319137"}],"version-history":[{"count":0,"href":"https:\/\/www.europesays.com\/es\/wp-json\/wp\/v2\/posts\/319137\/revisions"}],"wp:featuredmedia":[{"embeddable":true,"href":"https:\/\/www.europesays.com\/es\/wp-json\/wp\/v2\/media\/319138"}],"wp:attachment":[{"href":"https:\/\/www.europesays.com\/es\/wp-json\/wp\/v2\/media?parent=319137"}],"wp:term":[{"taxonomy":"category","embeddable":true,"href":"https:\/\/www.europesays.com\/es\/wp-json\/wp\/v2\/categories?post=319137"},{"taxonomy":"post_tag","embeddable":true,"href":"https:\/\/www.europesays.com\/es\/wp-json\/wp\/v2\/tags?post=319137"}],"curies":[{"name":"wp","href":"https:\/\/api.w.org\/{rel}","templated":true}]}}