{"id":319146,"date":"2026-01-02T13:26:09","date_gmt":"2026-01-02T13:26:09","guid":{"rendered":"https:\/\/www.europesays.com\/es\/319146\/"},"modified":"2026-01-02T13:26:09","modified_gmt":"2026-01-02T13:26:09","slug":"esta-bien-pero-depende-de-el-cuando-volver","status":"publish","type":"post","link":"https:\/\/www.europesays.com\/es\/319146\/","title":{"rendered":"Est\u00e1 bien, pero depende de \u00e9l cuando volver"},"content":{"rendered":"<p class=\"ft-text\">Que<strong> <\/strong><a class=\"ft-link ft-link--decoration\" href=\"https:\/\/www.sport.es\/es\/noticias\/barca\/araujo-regreso-guerrero-necesario-reposo-125233350\" rel=\"nofollow noopener\" target=\"_blank\"><strong>Ronald Araujo vuelva a jugar con confianza y al 100%<\/strong><\/a><strong> ser\u00e1 no solo una victoria personal, sino un triunfo grupal.<\/strong> El charr\u00faa est\u00e1 atravesando un momento delicado tras ese par\u00f3n por salud mental, pero poco a poco va sinti\u00e9ndose mejor y acopl\u00e1ndose de nuevo a la rutina con el Bar\u00e7a.<\/p>\n<p class=\"ft-text\">Tanto \u00e9l como<strong> el staff t\u00e9cnico est\u00e1n alineados y no precipitar\u00e1n su regreso. <\/strong>Ese ha sido el mensaje desde el primer d\u00eda de todas las partes. Y as\u00ed seguir\u00e1 siendo. Otra cosa es que el uruguayo sienta que puede ser \u00fatil ya al equipo.<\/p>\n<p>DESCONEXI\u00d3N<\/p>\n<p class=\"ft-text\">Araujo <strong>ha estado a lo largo de este tiempo realizando un viaje espiritual a Israel<\/strong> y tambi\u00e9n disfrutando de una desconexi\u00f3n en su tierra, en Uruguay, junto a su familia. Sanando poco a poco e intentando encontrar de nuevo el equilibrio.<\/p>\n<p><img decoding=\"async\" src=\"https:\/\/www.europesays.com\/es\/wp-content\/uploads\/2026\/01\/f0a3f85f-5284-47ec-a4ff-0c2ed5389e10_alta-libre-aspect-ratio_default_0.jpg\" width=\"1200\" height=\"675\" alt=\"Araujo, en su regreso a los entrenamientos\" class=\"ft-helper-img-rd\" loading=\"lazy\"\/><\/p>\n<p class=\"ft-helper-fontColor-quaternary ft-helper-fontSize-body-S ft-helper-spacer-t-xxs\">Araujo, en su regreso a los entrenamientos  \/ GORKA<\/p>\n<p class=\"ft-text\">Sobre ese aspecto habl\u00f3 Hansi Flick en la rueda de prensa previa al derbi ante el Espanyol, que se disputar\u00e1 este s\u00e1bado en Cornell\u00e0-El Prat a las 21:00. El t\u00e9cnico germano fue bastante expl\u00edcito: <strong>\u00abDepende de \u00e9l cu\u00e1ndo volver, est bien, no esta al 100% f\u00edsicamente, tiene que decidir lo r\u00e1pido que va a volver, importante estar de vuelta\u00bb. Seg\u00fan pudo saber SPORT, su presencia est\u00e1 totalmente descartada. <\/strong><\/p>\n<p class=\"ft-text\">De cara a la Supercopa est\u00e1 abierta la posibilidad de viajar a Arabia, sea para entrar en la convocatoria o para hacer pi\u00f1a con sus compa\u00f1eros.<\/p>\n<p>LOS COMPA\u00d1EROS, IMPLICADOS<\/p>\n<p class=\"ft-text\">Adem\u00e1s, Hansi explic\u00f3 un poco la &#8216;terapia&#8217; de grupo que se est\u00e1 haciendo: <strong>\u00abHa hablado con los compa\u00f1eros, puedo ver y sentir que los todos le apoyan, est\u00e1 de vuelta, es un jugador importante<\/strong>, y se ha tomado el tiempo que neecsitaba y se tomar\u00e1 el tiempo que necesite para volver, pero est\u00e1 bien\u00bb.<\/p>\n<p class=\"ft-text\">Sea como fuere, para verlo en acci\u00f3n compitiendo y en condiciones a\u00fan tocar\u00e1 esperar un tiempo, puesto que ni f\u00edsicamente, como el propio Hansi dijo, ni todav\u00eda a nivel mental se ve preparado para sumar con el equipo.<\/p>\n","protected":false},"excerpt":{"rendered":"Que Ronald Araujo vuelva a jugar con confianza y al 100% ser\u00e1 no solo una victoria personal, sino&hellip;\n","protected":false},"author":2,"featured_media":319147,"comment_status":"","ping_status":"","sticky":false,"template":"","format":"standard","meta":{"footnotes":""},"categories":[268],"tags":[31171,168,18298,25,24,16789,4970,280,282,8252,281,23,167,865],"class_list":{"0":"post-319146","1":"post","2":"type-post","3":"status-publish","4":"format-standard","5":"has-post-thumbnail","7":"category-futbol","8":"tag-araujo","9":"tag-deportes","10":"tag-derbi","11":"tag-es","12":"tag-espana","13":"tag-espanyol","14":"tag-flick","15":"tag-football","16":"tag-futbol","17":"tag-lesion","18":"tag-soccer","19":"tag-spain","20":"tag-sports","21":"tag-volver"},"share_on_mastodon":{"url":"https:\/\/pubeurope.com\/@es\/115825736803135747","error":""},"_links":{"self":[{"href":"https:\/\/www.europesays.com\/es\/wp-json\/wp\/v2\/posts\/319146","targetHints":{"allow":["GET"]}}],"collection":[{"href":"https:\/\/www.europesays.com\/es\/wp-json\/wp\/v2\/posts"}],"about":[{"href":"https:\/\/www.europesays.com\/es\/wp-json\/wp\/v2\/types\/post"}],"author":[{"embeddable":true,"href":"https:\/\/www.europesays.com\/es\/wp-json\/wp\/v2\/users\/2"}],"replies":[{"embeddable":true,"href":"https:\/\/www.europesays.com\/es\/wp-json\/wp\/v2\/comments?post=319146"}],"version-history":[{"count":0,"href":"https:\/\/www.europesays.com\/es\/wp-json\/wp\/v2\/posts\/319146\/revisions"}],"wp:featuredmedia":[{"embeddable":true,"href":"https:\/\/www.europesays.com\/es\/wp-json\/wp\/v2\/media\/319147"}],"wp:attachment":[{"href":"https:\/\/www.europesays.com\/es\/wp-json\/wp\/v2\/media?parent=319146"}],"wp:term":[{"taxonomy":"category","embeddable":true,"href":"https:\/\/www.europesays.com\/es\/wp-json\/wp\/v2\/categories?post=319146"},{"taxonomy":"post_tag","embeddable":true,"href":"https:\/\/www.europesays.com\/es\/wp-json\/wp\/v2\/tags?post=319146"}],"curies":[{"name":"wp","href":"https:\/\/api.w.org\/{rel}","templated":true}]}}