{"id":319160,"date":"2026-01-02T13:35:08","date_gmt":"2026-01-02T13:35:08","guid":{"rendered":"https:\/\/www.europesays.com\/es\/319160\/"},"modified":"2026-01-02T13:35:08","modified_gmt":"2026-01-02T13:35:08","slug":"teatro-musical-el-rey-leon-tributo-musical-llega-este-ano-nuevo-al-teatro-de-las-esquinas","status":"publish","type":"post","link":"https:\/\/www.europesays.com\/es\/319160\/","title":{"rendered":"Teatro musical | &#8216;El Rey Le\u00f3n, tributo musical&#8217; llega este a\u00f1o nuevo al Teatro de las Esquinas"},"content":{"rendered":"<p class=\"ft-text ft-helper-align-justify\">La compa\u00f1\u00eda &#8216;La M\u00e1scaras Producciones&#8217; trae est\u00e1s Navidades, al Teatro de las Esquinas de Zaragoza, la <strong>versi\u00f3n teatral y musical de &#8216;El Rey le\u00f3n&#8217;,<\/strong> una de las aventuras m\u00e1s conocidas de la historia de la animaci\u00f3n.<\/p>\n<p class=\"ft-text ft-helper-align-justify\"><strong>&#8216;El Rey Le\u00f3n, tributo musical. El legado del le\u00f3n&#8217;<\/strong>, una obra recomendada para todos los p\u00fablicos a partir de tres a\u00f1os, se celebrar\u00e1 el <strong>s\u00e1bado d\u00eda 3 de enero en doble funci\u00f3n, en horario de 17.00 y 19.30 horas.<\/strong><\/p>\n<p class=\"ft-text ft-helper-align-justify\">La sabana africana es el escenario en el que tienen lugar las aventuras de Simba, un peque\u00f1o le\u00f3n que es el heredero del trono. Sin embargo, al ser injustamente acusado, por el malvado Scar, de la muerte de su padre, se ve obligado a huir y dejar atr\u00e1s su pasado.<\/p>\n<p class=\"ft-text ft-helper-align-justify\">Durante su destierro, <strong>se hace amigo de Tim\u00f3n y Pumba,<\/strong> los narradores de esta historia. Simba, lleno de valor y acompa\u00f1ado por Nala, su amiga de la infancia, intentar\u00e1 regresar para recuperar su trono y devolver la paz al reino.<\/p>\n<p class=\"ft-text\">Con una duraci\u00f3n de una hora y media, los precios de las <strong>entradas anticipadas ascienden a 18 euros<\/strong>, mientras que el d\u00eda de la funci\u00f3n cuestan 21 euros. Para los menores de 12 a\u00f1os, los billetes tienen un precio reducido de 16 euros.<\/p>\n","protected":false},"excerpt":{"rendered":"La compa\u00f1\u00eda &#8216;La M\u00e1scaras Producciones&#8217; trae est\u00e1s Navidades, al Teatro de las Esquinas de Zaragoza, la versi\u00f3n teatral&hellip;\n","protected":false},"author":2,"featured_media":319161,"comment_status":"","ping_status":"","sticky":false,"template":"","format":"standard","meta":{"footnotes":""},"categories":[91],"tags":[209,146,147,25,24,4108,5012,12212,5330,23,1651,74428,17173],"class_list":{"0":"post-319160","1":"post","2":"type-post","3":"status-publish","4":"format-standard","5":"has-post-thumbnail","7":"category-entretenimiento","8":"tag-cultura","9":"tag-entertainment","10":"tag-entretenimiento","11":"tag-es","12":"tag-espana","13":"tag-leon","14":"tag-llega","15":"tag-musical","16":"tag-rey","17":"tag-spain","18":"tag-teatro","19":"tag-teatro-de-las-esquinas","20":"tag-tributo"},"share_on_mastodon":{"url":"","error":""},"_links":{"self":[{"href":"https:\/\/www.europesays.com\/es\/wp-json\/wp\/v2\/posts\/319160","targetHints":{"allow":["GET"]}}],"collection":[{"href":"https:\/\/www.europesays.com\/es\/wp-json\/wp\/v2\/posts"}],"about":[{"href":"https:\/\/www.europesays.com\/es\/wp-json\/wp\/v2\/types\/post"}],"author":[{"embeddable":true,"href":"https:\/\/www.europesays.com\/es\/wp-json\/wp\/v2\/users\/2"}],"replies":[{"embeddable":true,"href":"https:\/\/www.europesays.com\/es\/wp-json\/wp\/v2\/comments?post=319160"}],"version-history":[{"count":0,"href":"https:\/\/www.europesays.com\/es\/wp-json\/wp\/v2\/posts\/319160\/revisions"}],"wp:featuredmedia":[{"embeddable":true,"href":"https:\/\/www.europesays.com\/es\/wp-json\/wp\/v2\/media\/319161"}],"wp:attachment":[{"href":"https:\/\/www.europesays.com\/es\/wp-json\/wp\/v2\/media?parent=319160"}],"wp:term":[{"taxonomy":"category","embeddable":true,"href":"https:\/\/www.europesays.com\/es\/wp-json\/wp\/v2\/categories?post=319160"},{"taxonomy":"post_tag","embeddable":true,"href":"https:\/\/www.europesays.com\/es\/wp-json\/wp\/v2\/tags?post=319160"}],"curies":[{"name":"wp","href":"https:\/\/api.w.org\/{rel}","templated":true}]}}