{"id":319168,"date":"2026-01-02T13:39:09","date_gmt":"2026-01-02T13:39:09","guid":{"rendered":"https:\/\/www.europesays.com\/es\/319168\/"},"modified":"2026-01-02T13:39:09","modified_gmt":"2026-01-02T13:39:09","slug":"los-reyes-magos-tendran-el-lunes-una-intensa-jornada-en-la-linea-con-la-tradicional-recepcion-oficial-y-la-gran-cabalgata","status":"publish","type":"post","link":"https:\/\/www.europesays.com\/es\/319168\/","title":{"rendered":"Los Reyes Magos tendr\u00e1n el lunes una intensa jornada en La L\u00ednea con la tradicional recepci\u00f3n oficial y la Gran Cabalgata"},"content":{"rendered":"<p><img fetchpriority=\"high\" decoding=\"async\" class=\"alignnone size-medium wp-image-33270\" src=\"https:\/\/www.europesays.com\/es\/wp-content\/uploads\/2026\/01\/Reyes-Cabalgata-240x300.jpeg\" alt=\"\" width=\"240\" height=\"300\"  \/><\/p>\n<p>El programa institucional comenzar\u00e1 a las 10.30 horas en el Museo Cruz Herrera y concluir\u00e1 con la tradicional ofrenda a la Patrona en el Santuario de la Inmaculada<\/p>\n<p>La programaci\u00f3n para la jornada de la v\u00edspera de Reyes, el lunes 5 de enero, se iniciar\u00e1 a las 10.30 horas en el Museo Cruz Herrera. Sus Majestades los Reyes Magos de Oriente acudir\u00e1n a este espacio para el encuentro con los menores del municipio, donde ser\u00e1n recibidos formalmente por el alcalde de la ciudad, Juan Franco. Durante este acto, los asistentes podr\u00e1n entregar sus cartas personalmente. Tras la recepci\u00f3n, la comitiva realizar\u00e1 diversas visitas a centros sociales de la ciudad antes del inicio de la cabalgata, seg\u00fan el siguiente horario:<br \/>11.30 h. Capilla Hdad. de los dolores (barriada Sacra)<br \/>12.00 h. Centro de la ciudad calle San Pablo<br \/>13.000 h. Hogar Carmen Herrero Nuevo Futuro<br \/>13.30 h. Barriada San Jos\u00e9 (Peria\u00f1ez) c\/ Padre Pandelo<br \/>16.00 h. Hospital Comarcal de La L\u00ednea<br \/>17.00 h. Parroquia Nta. Sra. del Carmen<br \/>17.15 h. Junquillos parroquia Hdad. Del Abandono.<br \/>La Gran Cabalgata de la Ilusi\u00f3n saldr\u00e1 a las 18.00 horas desde la avenida del Ej\u00e9rcito, a la altura del monolito de Asansull. El itinerario recorrer\u00e1 la avenida de Espa\u00f1a y finalizar\u00e1 en la intersecci\u00f3n con la calle Rafael de Le\u00f3n. La estructura del cortejo integra cinco carrozas de madera y corcho con decoraci\u00f3n art\u00edstica, destinadas a Melchor, Gaspar, Baltasar, el Cartero Real y la Estrella de Oriente, junto a sus respectivos pajes.<br \/>La concejal de Fiestas, Mercedes Atanet, ha confirmado que el dispositivo contar\u00e1 con la participaci\u00f3n de cinco charangas y bandas de m\u00fasica, tres pasacalles, academias de baile locales, el trenecito tur\u00edstico, veh\u00edculos cl\u00e1sicos y diversos figurantes que integrar\u00e1n la comitiva oficial durante todo el recorrido urbano.<br \/>Una vez finalizada la cabalgata, la jornada concluir\u00e1 en el Santuario de la Inmaculada Concepci\u00f3n, donde se desarrollar\u00e1 la ofrenda a la Patrona de la ciudad, acto que cerrar\u00e1 la agenda prevista para el 5 de enero.<\/p>\n","protected":false},"excerpt":{"rendered":"El programa institucional comenzar\u00e1 a las 10.30 horas en el Museo Cruz Herrera y concluir\u00e1 con la tradicional&hellip;\n","protected":false},"author":2,"featured_media":319169,"comment_status":"","ping_status":"","sticky":false,"template":"","format":"standard","meta":{"footnotes":""},"categories":[8],"tags":[17,18,25,24,13,14,11,19,20,9,10,15,16,23,12,21,22],"class_list":{"0":"post-319168","1":"post","2":"type-post","3":"status-publish","4":"format-standard","5":"has-post-thumbnail","7":"category-espana","8":"tag-breaking-news","9":"tag-breakingnews","10":"tag-es","11":"tag-espana","12":"tag-featured-news","13":"tag-featurednews","14":"tag-headlines","15":"tag-latest-news","16":"tag-latestnews","17":"tag-news","18":"tag-noticias","19":"tag-noticias-destacadas","20":"tag-noticiasdestacadas","21":"tag-spain","22":"tag-titulares","23":"tag-ultimas-noticias","24":"tag-ultimasnoticias"},"share_on_mastodon":{"url":"https:\/\/pubeurope.com\/@es\/115825787830747543","error":""},"_links":{"self":[{"href":"https:\/\/www.europesays.com\/es\/wp-json\/wp\/v2\/posts\/319168","targetHints":{"allow":["GET"]}}],"collection":[{"href":"https:\/\/www.europesays.com\/es\/wp-json\/wp\/v2\/posts"}],"about":[{"href":"https:\/\/www.europesays.com\/es\/wp-json\/wp\/v2\/types\/post"}],"author":[{"embeddable":true,"href":"https:\/\/www.europesays.com\/es\/wp-json\/wp\/v2\/users\/2"}],"replies":[{"embeddable":true,"href":"https:\/\/www.europesays.com\/es\/wp-json\/wp\/v2\/comments?post=319168"}],"version-history":[{"count":0,"href":"https:\/\/www.europesays.com\/es\/wp-json\/wp\/v2\/posts\/319168\/revisions"}],"wp:featuredmedia":[{"embeddable":true,"href":"https:\/\/www.europesays.com\/es\/wp-json\/wp\/v2\/media\/319169"}],"wp:attachment":[{"href":"https:\/\/www.europesays.com\/es\/wp-json\/wp\/v2\/media?parent=319168"}],"wp:term":[{"taxonomy":"category","embeddable":true,"href":"https:\/\/www.europesays.com\/es\/wp-json\/wp\/v2\/categories?post=319168"},{"taxonomy":"post_tag","embeddable":true,"href":"https:\/\/www.europesays.com\/es\/wp-json\/wp\/v2\/tags?post=319168"}],"curies":[{"name":"wp","href":"https:\/\/api.w.org\/{rel}","templated":true}]}}