{"id":319172,"date":"2026-01-02T13:45:11","date_gmt":"2026-01-02T13:45:11","guid":{"rendered":"https:\/\/www.europesays.com\/es\/319172\/"},"modified":"2026-01-02T13:45:11","modified_gmt":"2026-01-02T13:45:11","slug":"felipe-virgili-cierra-el-ano-sumando-dos-puntos-atp-y-apuntando-alto","status":"publish","type":"post","link":"https:\/\/www.europesays.com\/es\/319172\/","title":{"rendered":"Felipe Virgili cierra el a\u00f1o sumando dos puntos ATP y apuntando alto"},"content":{"rendered":"<p>El tenista de Ma\u00f3 <a href=\"https:\/\/www.menorca.info\/etiqueta\/Felipe+Virgili.html?utm_source=Inline-tag&amp;utm_medium=internal\" rel=\"nofollow noopener\" target=\"_blank\">Felipe Virgili<\/a><strong> logra cerrar el 2025 con dos puntos ATP m\u00e1s en el bolsillo y lo m\u00e1s importante, \u00abcon muy buenas sensaciones<\/strong> tras una semana exigente y con mucha motivaci\u00f3n para 2026\u00bb, se\u00f1ala a este diario, despu\u00e9s de un a\u00f1o marcado por su grave lesi\u00f3n.<\/p>\n<p>\u00abEs especialmente importante <strong>despu\u00e9s de la baja de este verano por la luxaci\u00f3n de hombro<\/strong> y que confirma que el proceso de recuperaci\u00f3n y regreso a la competici\u00f3n van por el buen camino\u00bb, abunda el raqueta menorqu\u00edn, quien en nada empieza la pretemporada, \u00abcon el objetivo de llegar en las mejores condiciones al Challenger de Menorca\u00bb.<\/p>\n<p>Marat\u00f3n desde T\u00fanez<\/p>\n<p><strong>Virgili cerr\u00f3 a\u00f1o en el ITF Monastir con seis partidos individuales y tres de dobles en cinco d\u00edas.<\/strong> En dobles, junto a Stefano Papagno, fue una semana muy positiva, alcanzando la final tras jugar con solidez. El t\u00edtulo se decidi\u00f3 y perdi\u00f3 por peque\u00f1os detalles (7\/5 6\/7 11\/9) en un partido largo y duro.<\/p>\n<p>En individual lleg\u00f3 a cuartos, cediendo ante el potente galo, Mo\u00efse Kouam\u00e9, en un partido muy exigente. Antes, gan\u00f3 a Sebastian Papp (USA) 6\/3 y 6\/0, con grandes sensaciones; y a Alessandro Barbieri (ITA) 6\/2 y 6\/0. En el decisivo partido, venci\u00f3 con importancia a Saveliy Ivanov, cabeza de serie n\u00ba1, 6\/4 y 6\/1 Ya en el cuadro final, gan\u00f3 a Dimitris Sakellaridis (GRE) el n\u00ba6, confirmando las buenas sensaciones. Y en segunda ronda, a Tobia Baragiola Mordin (ITA) en un partido muy igualado.<\/p>\n","protected":false},"excerpt":{"rendered":"El tenista de Ma\u00f3 Felipe Virgili logra cerrar el 2025 con dos puntos ATP m\u00e1s en el bolsillo&hellip;\n","protected":false},"author":2,"featured_media":319173,"comment_status":"","ping_status":"","sticky":false,"template":"","format":"standard","meta":{"footnotes":""},"categories":[274],"tags":[168,25,24,48117,744,23,167,327,326],"class_list":{"0":"post-319172","1":"post","2":"type-post","3":"status-publish","4":"format-standard","5":"has-post-thumbnail","7":"category-tenis","8":"tag-deportes","9":"tag-es","10":"tag-espana","11":"tag-felipe-virgili","12":"tag-polideportivo","13":"tag-spain","14":"tag-sports","15":"tag-tenis","16":"tag-tennis"},"share_on_mastodon":{"url":"https:\/\/pubeurope.com\/@es\/115825811417848916","error":""},"_links":{"self":[{"href":"https:\/\/www.europesays.com\/es\/wp-json\/wp\/v2\/posts\/319172","targetHints":{"allow":["GET"]}}],"collection":[{"href":"https:\/\/www.europesays.com\/es\/wp-json\/wp\/v2\/posts"}],"about":[{"href":"https:\/\/www.europesays.com\/es\/wp-json\/wp\/v2\/types\/post"}],"author":[{"embeddable":true,"href":"https:\/\/www.europesays.com\/es\/wp-json\/wp\/v2\/users\/2"}],"replies":[{"embeddable":true,"href":"https:\/\/www.europesays.com\/es\/wp-json\/wp\/v2\/comments?post=319172"}],"version-history":[{"count":0,"href":"https:\/\/www.europesays.com\/es\/wp-json\/wp\/v2\/posts\/319172\/revisions"}],"wp:featuredmedia":[{"embeddable":true,"href":"https:\/\/www.europesays.com\/es\/wp-json\/wp\/v2\/media\/319173"}],"wp:attachment":[{"href":"https:\/\/www.europesays.com\/es\/wp-json\/wp\/v2\/media?parent=319172"}],"wp:term":[{"taxonomy":"category","embeddable":true,"href":"https:\/\/www.europesays.com\/es\/wp-json\/wp\/v2\/categories?post=319172"},{"taxonomy":"post_tag","embeddable":true,"href":"https:\/\/www.europesays.com\/es\/wp-json\/wp\/v2\/tags?post=319172"}],"curies":[{"name":"wp","href":"https:\/\/api.w.org\/{rel}","templated":true}]}}