{"id":319180,"date":"2026-01-02T13:50:08","date_gmt":"2026-01-02T13:50:08","guid":{"rendered":"https:\/\/www.europesays.com\/es\/319180\/"},"modified":"2026-01-02T13:50:08","modified_gmt":"2026-01-02T13:50:08","slug":"irene-paredes-y-lucia-ybarra-dan-la-bienvenida-al-2026-anunciando-su-segundo-hijo-se-viene-un-ano-divertido","status":"publish","type":"post","link":"https:\/\/www.europesays.com\/es\/319180\/","title":{"rendered":"Irene Paredes y Luc\u00eda Ybarra dan la bienvenida al 2026 anunciando su segundo hijo: \u00abSe viene un a\u00f1o divertido\u00bb"},"content":{"rendered":"<p>La exfutbolista de la Real Sociedad y capitana de la selecci\u00f3n espa\u00f1ola, Irene Paredes, junto a su pareja Luc\u00eda Ybarra, exjugadora de hockey internacional, han  &#8230; anunciado este jueves que ser\u00e1n madres por segunda vez.<\/p>\n<p class=\"v-p\">As\u00ed lo han hecho oficial ambas mediante una foto en el perfil de Instagram de la actual jugadora del <a href=\"https:\/\/www.diariovasco.com\/temas\/entidades\/fc-barcelona.html\" title=\"FC Barcelona\" data-voc-vtm-id=\"in-text-traffic\" data-mrf-link=\"www.diariovasco.com\" rel=\"nofollow noopener\" target=\"_blank\">FC Barcelona<\/a>: \u00abUrte berri on. Vamos a por otro a\u00f1o, que se viene divertido\u00bb, adjuntaba en la descripci\u00f3n del &#8216;post&#8217;.<\/p>\n<p class=\"v-p\">Ser\u00e1 el segundo hijo que tengan las guipuzcoanas, siendo Mateo el primer descendiente que tuvieron el 21 de septiembre de 2021. La jugadora se encuentra pasando sus d\u00edas de descanso por el par\u00f3n navide\u00f1o en Gipuzkoa antes de reincorporarse con el club catal\u00e1n para retomar el trabajo y afrontar su pr\u00f3ximo choque ante el Madrid CFF el pr\u00f3ximo 10 de enero.<\/p>\n<p class=\"v-p\">Desde luego que 2025 fue un gran a\u00f1o para la central del FC Barcelona. Adem\u00e1s de conocer que volver\u00e1 a ser madre, en mayo el club catal\u00e1n anunci\u00f3 su renovaci\u00f3n por dos a\u00f1os, hasta 2027. Asimismo, la azulgrana fue campeona de la Liga, la Copa de la Reina y de la Supercopa de Espa\u00f1a. Por otro lado, logr\u00f3 la medalla de plata en la reciente Eurocopa. El broche de oro lo puso con la UEFA Nations League, recientemente ganada por la selecci\u00f3n espa\u00f1ola el pasado mes de diciembre.<\/p>\n","protected":false},"excerpt":{"rendered":"La exfutbolista de la Real Sociedad y capitana de la selecci\u00f3n espa\u00f1ola, Irene Paredes, junto a su pareja&hellip;\n","protected":false},"author":2,"featured_media":319181,"comment_status":"","ping_status":"","sticky":false,"template":"","format":"standard","meta":{"footnotes":""},"categories":[174],"tags":[255,929,146,147,25,24,256,54681,74431,3622,47574,23],"class_list":{"0":"post-319180","1":"post","2":"type-post","3":"status-publish","4":"format-standard","5":"has-post-thumbnail","7":"category-famosos","8":"tag-celebrities","9":"tag-embarazo","10":"tag-entertainment","11":"tag-entretenimiento","12":"tag-es","13":"tag-espana","14":"tag-famosos","15":"tag-irene-paredes","16":"tag-lucia-ybarra","17":"tag-madres","18":"tag-segundo-hijo","19":"tag-spain"},"share_on_mastodon":{"url":"https:\/\/pubeurope.com\/@es\/115825831137286259","error":""},"_links":{"self":[{"href":"https:\/\/www.europesays.com\/es\/wp-json\/wp\/v2\/posts\/319180","targetHints":{"allow":["GET"]}}],"collection":[{"href":"https:\/\/www.europesays.com\/es\/wp-json\/wp\/v2\/posts"}],"about":[{"href":"https:\/\/www.europesays.com\/es\/wp-json\/wp\/v2\/types\/post"}],"author":[{"embeddable":true,"href":"https:\/\/www.europesays.com\/es\/wp-json\/wp\/v2\/users\/2"}],"replies":[{"embeddable":true,"href":"https:\/\/www.europesays.com\/es\/wp-json\/wp\/v2\/comments?post=319180"}],"version-history":[{"count":0,"href":"https:\/\/www.europesays.com\/es\/wp-json\/wp\/v2\/posts\/319180\/revisions"}],"wp:featuredmedia":[{"embeddable":true,"href":"https:\/\/www.europesays.com\/es\/wp-json\/wp\/v2\/media\/319181"}],"wp:attachment":[{"href":"https:\/\/www.europesays.com\/es\/wp-json\/wp\/v2\/media?parent=319180"}],"wp:term":[{"taxonomy":"category","embeddable":true,"href":"https:\/\/www.europesays.com\/es\/wp-json\/wp\/v2\/categories?post=319180"},{"taxonomy":"post_tag","embeddable":true,"href":"https:\/\/www.europesays.com\/es\/wp-json\/wp\/v2\/tags?post=319180"}],"curies":[{"name":"wp","href":"https:\/\/api.w.org\/{rel}","templated":true}]}}