{"id":319182,"date":"2026-01-02T13:51:23","date_gmt":"2026-01-02T13:51:23","guid":{"rendered":"https:\/\/www.europesays.com\/es\/319182\/"},"modified":"2026-01-02T13:51:23","modified_gmt":"2026-01-02T13:51:23","slug":"un-reportaje-social-de-pepe-lamarca-abre-la-actividad-expositiva-2026-de-casyc-photo","status":"publish","type":"post","link":"https:\/\/www.europesays.com\/es\/319182\/","title":{"rendered":"Un reportaje social de Pepe Lamarca abre la actividad expositiva 2026 de Casyc PHoto"},"content":{"rendered":"<p> \u00abEstamos ante un acontecimiento fotogr\u00e1fico porque este proyecto que ahora se nos revela nos transporta a un nuevo y desconocido mundo. Es retrato, es  &#8230; documento y es antropolog\u00eda\u00bb. Las palabras de Eva Ranea, ex directora general de Cultura, definen la primera propuesta expositiva de 2026 en Casyc PHoto. El espacio Pablo Hojas acoger\u00e1 desde el pr\u00f3ximo d\u00eda 8 la exposici\u00f3n de Pepe Lamarca: &#8216;Juan Eichler: Caravana de la alegr\u00eda&#8217;. Un trabajo de reportaje social que quiso hacer en torno a esa figura y su peque\u00f1a revoluci\u00f3n con los j\u00f3venes del barrio Dock Sud de Buenos Aires, a trav\u00e9s de una iniciativa l\u00fadica. Quince im\u00e1genes para \u00abel recuerdo de tiempos que ya no volver\u00e1n\u00bb. Ser\u00e1 el pr\u00f3ximo jueves, d\u00eda 8, cuando Lamarca inaugure en Casyc PHoto (19.00 horas) esta cita que estar\u00e1 abierta al p\u00fablico hasta el pr\u00f3ximo 27 de marzo, en horario de lunes a viernes, de 18.00 a 20.00 horas.<\/p>\n<p class=\"v-p\">En las fotograf\u00edas de Lamarca se revela Janus Eichler (Polonia 1923 &#8211; Buenos Aires 2002), \u00abuna persona de aspecto apacible, simp\u00e1tico, con un bagaje vital duro\u00bb. Deportado a Siberia, sufri\u00f3 con su familia persecuciones, campos de concentraci\u00f3n, maltratos y una agria lucha por la supervivencia. Sali\u00f3 de su pa\u00eds debido a la Segunda Guerra Mundial y despu\u00e9s de su largo y muy duro periplo, en 1951 llega a Argentina, donde encuentra su lugar y desarrolla toda su trayectoria art\u00edstica como pintor. En su otra faceta de ilustrador realiz\u00f3 trabajos para la editorial Codex sobre obras de Borges, El Quijote y las Tradiciones peruanas de Ricardo Palma.<\/p>\n<p class=\"v-p\">Eva Ranea cuenta que el protagonista se establece en un barrio marginal porte\u00f1o, El Dock Sud, apodado como &#8216;Los inundados darseneros&#8217;, en la desembocadura del Riachuelo al R\u00edo de la Plata. \u00abUn barrio muy deprimido, olvidado, donde la supervivencia y la miseria son protagonistas, al que ning\u00fan extra\u00f1o se acerca con confianza. All\u00ed, Eichler se interesa por sus gentes y sus formas de vida, convive con ellos, entre paisajes portuarios, con buques petroleros e industrias. Es dif\u00edcil imaginar en este entorno una vida cotidiana\u00bb. <\/p>\n<p class=\"v-p\">Janos (Juan) se implic\u00f3 con sus vecinos, particip\u00f3 en sus caracter\u00edsticas Murgas, y juntos crean la \u00abcaravana de la alegr\u00eda\u00bb; y fruto de esa convivencia, Lamarca lo capta con su c\u00e1mara. La exposici\u00f3n tiene as\u00ed una triple mirada a juicio de Ranea: \u00abLa del fot\u00f3grafo que convive con los retratados, la de darnos a conocer al artista Janos Eichler, y adem\u00e1s la visi\u00f3n de la vida de un barrio que, entre las miserias, inventa la felicidad con sus disfraces, su expresividad y la m\u00fasica de sus murgas, con las herramientas que tiene\u00bb.<\/p>\n<p class=\"v-p\"> Lamarca (Buenos Aires, 1939) inici\u00f3 su andadura profesional en los sesenta, realizando reportajes gr\u00e1ficos para los sindicatos sobre trabajos insalubres. En esa \u00e9poca entabla relaci\u00f3n profesional con el fot\u00f3grafo Humberto Rivas, retrata a numerosos escritores y artistas argentinos y conoce en la capital porte\u00f1a a Paco de Luc\u00eda, Camar\u00f3n y Antonio Gades. Estaba trabajando en las fotograf\u00edas de los carteles que deb\u00edan anunciar la actuaci\u00f3n del bailaor cuando la polic\u00eda allan\u00f3 su estudio y lo detuvo. A su salida de prisi\u00f3n, en 1971, decidi\u00f3 salir del pa\u00eds en direcci\u00f3n a Madrid.<\/p>\n<p class=\"v-p\">Ya en Espa\u00f1a, firma los carteles de la brillante etapa de Gades al frente del Ballet Nacional y del espect\u00e1culo Carmen. Y retrata a Camar\u00f3n de la Isla, Paco de Luc\u00eda y numerosas portadas de discos y trabajos fotogr\u00e1ficos para Jos\u00e9 Menese, Rafael Romero, El Lebrijano, Carmen Linares, Jos\u00e9 Merc\u00e9, Fosforito, Terremoto y los guitarristas Ni\u00f1o Miguel, Enrique Melchor, Juan y Pepe Habichuela y Tomatito. <\/p>\n","protected":false},"excerpt":{"rendered":"\u00abEstamos ante un acontecimiento fotogr\u00e1fico porque este proyecto que ahora se nos revela nos transporta a un nuevo&hellip;\n","protected":false},"author":2,"featured_media":319183,"comment_status":"","ping_status":"","sticky":false,"template":"","format":"standard","meta":{"footnotes":""},"categories":[173],"tags":[3076,490,3382,229,233,231,230,74434,232,234,146,147,25,24,74433,74432,13311,27871,13698,2930,23],"class_list":{"0":"post-319182","1":"post","2":"type-post","3":"status-publish","4":"format-standard","5":"has-post-thumbnail","7":"category-arte-y-diseno","8":"tag-3076","9":"tag-abre","10":"tag-actividad","11":"tag-arte","12":"tag-arte-y-diseno","13":"tag-arts","14":"tag-arts-and-design","15":"tag-casyc","16":"tag-design","17":"tag-diseno","18":"tag-entertainment","19":"tag-entretenimiento","20":"tag-es","21":"tag-espana","22":"tag-expositiva","23":"tag-lamarca","24":"tag-pepe","25":"tag-photo","26":"tag-reportaje","27":"tag-social","28":"tag-spain"},"share_on_mastodon":{"url":"https:\/\/pubeurope.com\/@es\/115825834878733668","error":""},"_links":{"self":[{"href":"https:\/\/www.europesays.com\/es\/wp-json\/wp\/v2\/posts\/319182","targetHints":{"allow":["GET"]}}],"collection":[{"href":"https:\/\/www.europesays.com\/es\/wp-json\/wp\/v2\/posts"}],"about":[{"href":"https:\/\/www.europesays.com\/es\/wp-json\/wp\/v2\/types\/post"}],"author":[{"embeddable":true,"href":"https:\/\/www.europesays.com\/es\/wp-json\/wp\/v2\/users\/2"}],"replies":[{"embeddable":true,"href":"https:\/\/www.europesays.com\/es\/wp-json\/wp\/v2\/comments?post=319182"}],"version-history":[{"count":0,"href":"https:\/\/www.europesays.com\/es\/wp-json\/wp\/v2\/posts\/319182\/revisions"}],"wp:featuredmedia":[{"embeddable":true,"href":"https:\/\/www.europesays.com\/es\/wp-json\/wp\/v2\/media\/319183"}],"wp:attachment":[{"href":"https:\/\/www.europesays.com\/es\/wp-json\/wp\/v2\/media?parent=319182"}],"wp:term":[{"taxonomy":"category","embeddable":true,"href":"https:\/\/www.europesays.com\/es\/wp-json\/wp\/v2\/categories?post=319182"},{"taxonomy":"post_tag","embeddable":true,"href":"https:\/\/www.europesays.com\/es\/wp-json\/wp\/v2\/tags?post=319182"}],"curies":[{"name":"wp","href":"https:\/\/api.w.org\/{rel}","templated":true}]}}