{"id":319184,"date":"2026-01-02T13:53:07","date_gmt":"2026-01-02T13:53:07","guid":{"rendered":"https:\/\/www.europesays.com\/es\/319184\/"},"modified":"2026-01-02T13:53:07","modified_gmt":"2026-01-02T13:53:07","slug":"esto-sabemos-del-nuevo-spin-off-que-preparan-los-hermanos-duffer","status":"publish","type":"post","link":"https:\/\/www.europesays.com\/es\/319184\/","title":{"rendered":"esto sabemos del nuevo spin-off que preparan los hermanos Duffer"},"content":{"rendered":"<p class=\"c-paragraph\">El pr\u00f3ximo 1 de enero, el streaming vivir\u00e1 un momento hist\u00f3rico con el <b>final <\/b>de <b><a href=\"https:\/\/www.20minutos.es\/cinemania\/series\/stranger-things-5-album-fotos-detras-camaras_6906026_0.html\" rel=\"nofollow noopener\" target=\"_blank\">Stranger Things<\/a><\/b>. La ficci\u00f3n insignia de <b>Netflix <\/b>celebra su d\u00e9cimo aniversario despidi\u00e9ndose a lo grande de los espectadores, despu\u00e9s de convertirse en una de las producciones originales m\u00e1s aclamadas por el p\u00fablico y la cr\u00edtica, alcanzando a <b>millones de espectadores de todo el mundo<\/b>. Aunque este podr\u00eda no ser el final realmente.<\/p>\n<p class=\"c-paragraph\">En los \u00faltimos meses, se ha especulado mucho sobre la posibilidad de una continuaci\u00f3n o alguna historia relacionada,\u00a0especialmente para aquellos que se niegan a despedirse de la pandilla de Hawkins y sus desventuras en el Mundo del Rev\u00e9s. Ahora, los<b> hermanos Duffer, creadores de la serie, han hablado <\/b>sobre el <b>nuevo spin-off<\/b> en el que est\u00e1n trabajando.\u00a0<\/p>\n<p class=\"c-paragraph\">\u00abCon el final intentamos responder, en la medida de lo posible, a todas las preguntas relacionadas con los personajes y la mitolog\u00eda de Hawkins en el Mundo del Rev\u00e9s. Realmente estamos cerrando la puerta. <b>El spin-off se relaciona en algunos aspectos, pero en realidad es una historia completamente diferente, con una ubicaci\u00f3n distinta, con actores y personajes nuevos<\/b>. As\u00ed que es \u00fanico. Tiene una entidad propia\u00bb, han confesado para <a href=\"https:\/\/screenrant.com\/stranger-things-spinoff-series-story-duffer-brothers-tease\/\" rel=\"nofollow noreferrer noopener\" target=\"_blank\">ScreenRant<\/a>.\u00a0<\/p>\n<p>El futuro de &#8216;Stranger Things&#8217;: la obra de teatro, el libro y el nuevo spin-off<\/p>\n<p class=\"c-paragraph\">Este nuevo trabajo se sumar\u00eda a la <b>obra teatral <\/b>que actualmente est\u00e1 en cartel en Broadway,\u00a0<a href=\"https:\/\/broadway.strangerthingsonstage.com\/\" rel=\"nofollow noreferrer noopener\" target=\"_blank\"><b>Stranger Things: The First Shadow<\/b>\u00a0<\/a>(La Primera Sombra), la cual est\u00e1 teniendo una enorme relevancia en el desenlace de la serie. Una historia en la que somos testigos de\u00a0<b>c\u00f3mo eran los a\u00f1os del instituto de Henry Creel <\/b>(001, Vecna, Mr. Whatsit), antes de convertirse en el monstruo en el que todos conocemos, y que estos d\u00edas contaba con el cameo del propio\u00a0<b><b>Jamie Campbell Bower.<\/b><\/b><\/p>\n<p class=\"c-paragraph\">A esto se sumar\u00e1 el<b> libro <a href=\"\">Stranger Things: Cueste lo que cueste<\/a><\/b><a href=\"\">,<\/a> que aterrizar\u00e1 en Espa\u00f1a en febrero de 2026. En \u00e9l conocemos de una mayor manera la vida de\u00a0<b>Nancy Wheeler (Natalia Dyer, en la serie). Ambientado en los meses posteriores a la cuarta temporada de la serie de Netflix<\/b>, su sinopsis narra c\u00f3mo\u00a0Nancy ha dedicado cada minuto de su vida a encontrar a Vecna sin \u00e9xito.\u00a0<\/p>\n<p class=\"c-paragraph\">Cuando su compa\u00f1ero de clase <b>Joey Taft empieza a actuar de forma sospechosa<\/b>, Nancy est\u00e1 convencida de que Vecna ha encontrado a su nueva v\u00edctima. Junto con su amiga Robin Buckley (Maya Hawke), Nancy se pone a\u00a0investigar.\u00a0Las dos se embarcan en la peligrosa b\u00fasqueda de la verdad.<\/p>\n<p class=\"c-paragraph\">A pesar de todo, este<b> spin-off literario podr\u00eda ser diferente al que los hermanos Duffer mencionan<\/b>, teniendo en cuenta que estos hablan de personajes diferentes a los que ya conoc\u00edamos. \u00abSeguimos adelante con este trabajo. <b>En Netflix, por fin saben de qu\u00e9 se trata. Lo retuvimos. Estaban muy frustrados.<\/b> Simplemente no se lo dijimos. <b>Finn [Wolfhard] adivin\u00f3 de qu\u00e9 se trataba<\/b>. As\u00ed que \u00e9l era el \u00fanico que lo sab\u00eda\u00bb, revelan.<\/p>\n<p class=\"c-paragraph\">En agosto de este mismo a\u00f1o, el actor que da vida a Mike Wheeler especulaba que el final\u00a0Stranger Things ser\u00eda como Twin Peaks,\u00a0de David Lynch, pero con un giro antol\u00f3gico y un universo similar, vinculado a la mitolog\u00eda del Mundo del Rev\u00e9s. Adem\u00e1s, el joven suger\u00eda que<b> el spin-off<\/b> podr\u00eda centrarse en\u00a0<b>un laboratorio en Rusia.<\/b><\/p>\n<p class=\"c-paragraph\"><b>\u00abEso es lo curioso, porque todos se asustaron cuando revel\u00f3 de qu\u00e9 se trataba el spin-off\u00bb<\/b>, agregaba Matt Duffer para Variety, sin confirmar ni desmentir esta informaci\u00f3n. \u00abCreo que se le olvid\u00f3. Necesito hablar con \u00e9l al respecto, pero ahora todo el mundo en Netflix lo sabe. Est\u00e1n muy entusiasmados. Estamos muy emocionados con el equipo que hemos reunido, del que no puedo hablar sin meterme en problemas, pero pronto publicaremos m\u00e1s informaci\u00f3n. Estamos intentando que salga adelante r\u00e1pidamente. As\u00ed que espero que sea pronto\u00bb, concluyen los Duffer.<\/p>\n","protected":false},"excerpt":{"rendered":"El pr\u00f3ximo 1 de enero, el streaming vivir\u00e1 un momento hist\u00f3rico con el final de Stranger Things. La&hellip;\n","protected":false},"author":2,"featured_media":319185,"comment_status":"","ping_status":"","sticky":false,"template":"","format":"standard","meta":{"footnotes":""},"categories":[171],"tags":[146,147,25,24,1058,67201,152,23,57225,214],"class_list":{"0":"post-319184","1":"post","2":"type-post","3":"status-publish","4":"format-standard","5":"has-post-thumbnail","7":"category-tv","8":"tag-entertainment","9":"tag-entretenimiento","10":"tag-es","11":"tag-espana","12":"tag-final","13":"tag-hermanos-duffer","14":"tag-netflix","15":"tag-spain","16":"tag-stranger-things","17":"tag-tv"},"share_on_mastodon":{"url":"https:\/\/pubeurope.com\/@es\/115825842745356988","error":""},"_links":{"self":[{"href":"https:\/\/www.europesays.com\/es\/wp-json\/wp\/v2\/posts\/319184","targetHints":{"allow":["GET"]}}],"collection":[{"href":"https:\/\/www.europesays.com\/es\/wp-json\/wp\/v2\/posts"}],"about":[{"href":"https:\/\/www.europesays.com\/es\/wp-json\/wp\/v2\/types\/post"}],"author":[{"embeddable":true,"href":"https:\/\/www.europesays.com\/es\/wp-json\/wp\/v2\/users\/2"}],"replies":[{"embeddable":true,"href":"https:\/\/www.europesays.com\/es\/wp-json\/wp\/v2\/comments?post=319184"}],"version-history":[{"count":0,"href":"https:\/\/www.europesays.com\/es\/wp-json\/wp\/v2\/posts\/319184\/revisions"}],"wp:featuredmedia":[{"embeddable":true,"href":"https:\/\/www.europesays.com\/es\/wp-json\/wp\/v2\/media\/319185"}],"wp:attachment":[{"href":"https:\/\/www.europesays.com\/es\/wp-json\/wp\/v2\/media?parent=319184"}],"wp:term":[{"taxonomy":"category","embeddable":true,"href":"https:\/\/www.europesays.com\/es\/wp-json\/wp\/v2\/categories?post=319184"},{"taxonomy":"post_tag","embeddable":true,"href":"https:\/\/www.europesays.com\/es\/wp-json\/wp\/v2\/tags?post=319184"}],"curies":[{"name":"wp","href":"https:\/\/api.w.org\/{rel}","templated":true}]}}