{"id":319193,"date":"2026-01-02T13:59:07","date_gmt":"2026-01-02T13:59:07","guid":{"rendered":"https:\/\/www.europesays.com\/es\/319193\/"},"modified":"2026-01-02T13:59:07","modified_gmt":"2026-01-02T13:59:07","slug":"apple-acaba-de-declarar-vintage-al-ultimo-macbook-air-con-intel-que-significa-eso-y-por-que-merece-la-pena-o-no-renovarlo","status":"publish","type":"post","link":"https:\/\/www.europesays.com\/es\/319193\/","title":{"rendered":"Apple acaba de declarar \u00abvintage\u00bb al \u00faltimo MacBook Air con Intel. Qu\u00e9 significa eso y por qu\u00e9 merece la pena (o no) renovarlo"},"content":{"rendered":"<p>A m\u00ed me hablan de un ordenador vintage e irremediablemente me imagino algo como un Spectrum o, a lo sumo, un PowerBook, pero nunca me imaginar\u00eda <strong>un MacBook Air de apenas seis a\u00f1os<\/strong>. Sin embargo, a efectos de Apple, lo es. Pero tiene una connotaci\u00f3n distinta a la que pueden tener el Spectrum o el Powerbook.<\/p>\n<p>Cada cierto tiempo, Apple a\u00f1ade productos a sus listas de vintage y obsoletos, pero <strong>nada tiene que ver con que no se pueda usar<\/strong>. Es m\u00e1s, si tienes uno todav\u00eda, no tienes por qu\u00e9 deshacerte de \u00e9l. Aunque en cierto modo, es posible que te interese y sea este el momento id\u00f3neo.<\/p>\n<p>Los obsoletos y vintage de Apple<\/p>\n<p>                   <img class=\"centro_sinmarco\" height=\"900\" width=\"1350\" loading=\"lazy\" decoding=\"async\"  fetchpriority=\"high\"  src=\"https:\/\/i.blogs.es\/61a05c\/powerbook\/450_1000.webp\" alt=\"Powerbook\" onerror=\"this.src=\" https:=\"\" false=\"\"\/><\/p>\n<p>        Claro que hay PowerBook en la lista de obsoletos y vintage de Apple, pero tambi\u00e9n hay dispositivos mucho m\u00e1s recientes<\/p>\n<p>Apple dispone de una <a rel=\"noopener, noreferrer nofollow\" href=\"https:\/\/support.apple.com\/en-us\/102772\" target=\"_blank\">secci\u00f3n en su web<\/a> en la que listan todos sus productos declarados como \u00abosbsoletos\u00bb o \u00abvintage\u00bb, habiendo diferencias importantes entre ambos. En el caso de los <strong>productos obsoletos<\/strong>, se declaran como tal a aquellos que Apple ya no vende desde hace siete o m\u00e1s a\u00f1os y que tampoco reciben nuevas actualizaciones de software. Tampoco se reparan con piezas originales.<\/p>\n<p>Por otro lado, s\u00ed que hay <strong>productos vintage <\/strong>que siguen recibiendo actualizaciones, aunque Apple los declara as\u00ed cuando hace m\u00e1s de cinco a\u00f1os y menos de siete que no se venden en sus tiendas. En este listado puede que reciban a\u00fan soporte t\u00e9cnico con piezas originales, aunque no en todos los casos.<\/p>\n<p>    <a href=\"https:\/\/www.applesfera.com\/rumores\/calendario-apple-2026-todos-productos-filtrados-su-posible-fecha-lanzamiento\" class=\"pivot-outboundlink\" data-vars-post-title=\"Calendario Apple 2026: todos los productos filtrados y su posible fecha de lanzamiento \" rel=\"nofollow noopener\" target=\"_blank\"><br \/>\n     <img loading=\"lazy\" decoding=\"async\" alt=\"Calendario Apple 2026: todos los productos filtrados y su posible fecha de lanzamiento \" width=\"375\" height=\"142\" src=\"https:\/\/i.blogs.es\/e8fa3b\/apple-2026\/375_142.webp\" onerror=\"this.src=\" https:=\"\"\/><br \/>\n    <\/a><\/p>\n<p>Como imaginar\u00e1s, en el listado hay decenas de productos de todo tipo: iPhone, iPod, iPad, Mac&#8230; Hace exactamente un mes que <a class=\"text-outboundlink\" href=\"https:\/\/www.applesfera.com\/iphone\/apple-acaba-nombrar-obsoleto-al-primer-iphone-se-hay-buenas-noticias-tienes-uno-casa\" data-vars-post-title=\"Apple acaba de nombrar &quot;obsoleto&quot; al primer iPhone SE. Pero hay buenas noticias si a\u00fan tienes uno en casa\" data-vars-post-url=\"https:\/\/www.applesfera.com\/iphone\/apple-acaba-nombrar-obsoleto-al-primer-iphone-se-hay-buenas-noticias-tienes-uno-casa\" rel=\"nofollow noopener\" target=\"_blank\">se sumaba a la lista de obsoletos<\/a> el <a class=\"text-outboundlink\" href=\"https:\/\/www.applesfera.com\/analisis\/analisis-iphone-se\" data-vars-post-title=\"An\u00e1lisis iPhone SE\" data-vars-post-url=\"https:\/\/www.applesfera.com\/analisis\/analisis-iphone-se\" rel=\"nofollow noopener\" target=\"_blank\">iPhone SE original<\/a> y varias versiones de iPad Pro y <a class=\"text-outboundlink\" href=\"https:\/\/www.applesfera.com\/analisis\/apple-watch-series-4-analisis-competicion-sube-nivel\" data-vars-post-title=\"Apple Watch Series 4, an\u00e1lisis: la competici\u00f3n sube de nivel\" data-vars-post-url=\"https:\/\/www.applesfera.com\/analisis\/apple-watch-series-4-analisis-competicion-sube-nivel\" rel=\"nofollow noopener\" target=\"_blank\">Apple Watch Series 4<\/a>.<\/p>\n<p>Los \u00faltimos modelos de Apple declarados vintage<\/p>\n<p>                   <img class=\"centro_sinmarco\" height=\"900\" width=\"1350\" loading=\"lazy\" decoding=\"async\"  fetchpriority=\"high\"  src=\"https:\/\/i.blogs.es\/9a8a2f\/vintage-apple\/450_1000.webp\" alt=\"Vintage Apple\" onerror=\"this.src=\" https:=\"\" false=\"\"\/><\/p>\n<p>En los \u00faltimos d\u00edas se ha a\u00f1adido a la lista de vintage al <strong>MacBook Air de principios de 2020 <\/strong>(el \u00faltimo con chip de Intel), as\u00ed como todas las versiones de <strong>Apple Watch Series 5<\/strong>. Cumplen en ambos casos con la condici\u00f3n de haberse dejado de vender hace m\u00e1s de cinco a\u00f1os y menos de siete.\u00a0<\/p>\n<p>El <a class=\"text-outboundlink\" href=\"https:\/\/www.applesfera.com\/analisis\/analisis-macbook-air-2020-evolucionando-statu-quo\" data-vars-post-title=\"An\u00e1lisis MacBook Air (2020), evolucionando el statu quo\" data-vars-post-url=\"https:\/\/www.applesfera.com\/analisis\/analisis-macbook-air-2020-evolucionando-statu-quo\" rel=\"nofollow noopener\" target=\"_blank\">MacBook Air 2020<\/a> sali\u00f3 de la venta en noviembre del mismo a\u00f1o y ya no recibe actualizaciones nuevas de software (se qued\u00f3 en <a class=\"text-outboundlink\" href=\"https:\/\/www.applesfera.com\/nuevo\/macos-sequoia-novedades-caracteristicas-compatibilidad\" data-vars-post-title=\"macOS Sequoia - Dispositivos compatibles, c\u00f3mo instalarlo y principales novedades\" data-vars-post-url=\"https:\/\/www.applesfera.com\/nuevo\/macos-sequoia-novedades-caracteristicas-compatibilidad\" rel=\"nofollow noopener\" target=\"_blank\">macOS 15 Sequoia<\/a>), aunque a\u00fan puede recibir algunas reparaciones si quedan piezas disponibles.<\/p>\n<p>El <a class=\"text-outboundlink\" href=\"https:\/\/www.applesfera.com\/analisis\/apple-watch-series-5-analisis-siempre-activo\" data-vars-post-title=\"Apple Watch Series 5, an\u00e1lisis: siempre activo\" data-vars-post-url=\"https:\/\/www.applesfera.com\/analisis\/apple-watch-series-5-analisis-siempre-activo\" rel=\"nofollow noopener\" target=\"_blank\">Apple Watch Series 5<\/a>, por su parte, se dej\u00f3 de vender en septiembre de 2020 y tampoco recibe actualizaciones (se qued\u00f3 en <a class=\"text-outboundlink\" href=\"https:\/\/www.applesfera.com\/juegos-para-ios\/watchos-10-novedades-caracteristicas-fecha-lanzamiento\" data-vars-post-title=\"Nuevo watchOS 10: no decepciona el mayor cambio visual en la historia para los Apple Watch\" data-vars-post-url=\"https:\/\/www.applesfera.com\/juegos-para-ios\/watchos-10-novedades-caracteristicas-fecha-lanzamiento\" rel=\"nofollow noopener\" target=\"_blank\">watchOS 10<\/a>). Y, como sucede con el anterior, a\u00fan puede llegar a recibir reparaciones con piezas oficiales por parte de Apple y los servicios t\u00e9cnicos autorizados, aunque dependiendo del stock de piezas disponible, por lo que no se garantiza tampoco que pueda producirse.<\/p>\n<p>Aunque sea lejos de los servicios autorizados y sin piezas originales, a\u00fan son reparables<\/p>\n<p>Eso s\u00ed, en ambos casos, al igual que con cualquier producto obsoleto que s\u00ed carece de soporte oficial alguno, <strong>pueden seguir repar\u00e1ndose por terceros <\/strong>con piezas que podr\u00edan no ser oficiales. Es por ello por lo que Apple no se hace responsable de las mismas, aunque a estas alturas ya, la garant\u00eda de estos dispositivos est\u00e1 m\u00e1s que caducada.<\/p>\n<p>El asunto <strong>cambia en Espa\u00f1a con <\/strong><strong>productos comprados a partir de enero de 2022<\/strong>, dado que es cuando entr\u00f3 en vigor una ley que obliga a que las compa\u00f1\u00edas como Apple ofrezcan piezas originales durante al menos diez a\u00f1os. Pero no es el caso de ninguno de estos, dado que dejaron de estar a la venta dos a\u00f1os antes de esta legislaci\u00f3n.<\/p>\n<p>Nada indica que vayan a dejar de ser funcionales<\/p>\n<p>No negaremos que perderse las <a class=\"text-outboundlink\" href=\"https:\/\/www.applesfera.com\/nuevo\/versiones-macos-lista-completa-todas-versiones-e-historia-sistema-operativo-mac\" data-vars-post-title=\"Apple macOS: todas las versiones hasta la fecha, c\u00f3mo saber la que est\u00e1s usando y c\u00f3mo actualizar el sistema operativo\" data-vars-post-url=\"https:\/\/www.applesfera.com\/nuevo\/versiones-macos-lista-completa-todas-versiones-e-historia-sistema-operativo-mac\" rel=\"nofollow noopener\" target=\"_blank\">\u00faltimas actualizaciones de macOS<\/a> o watchOS es algo a tener en cuenta, pues se pierden algunas funciones interesantes que se estrenan solo para modelos m\u00e1s recientes. Aunque esto no quiere decir que no puedan llegar a tener <strong>actualizaciones de seguridad<\/strong>, dado que suele ser habitual que cuando se detecta una brecha importante, Apple lance parches tambi\u00e9n para modelos antiguos.<\/p>\n<p>                   <img class=\"centro_sinmarco\" height=\"900\" width=\"1350\" loading=\"lazy\" decoding=\"async\"  fetchpriority=\"high\"  src=\"https:\/\/i.blogs.es\/6fb12f\/series-5\/450_1000.webp\" alt=\"Series 5\" onerror=\"this.src=\" https:=\"\" false=\"\"\/><\/p>\n<p>El caso es que, a efectos funcionales, <strong>pueden seguir siendo dispositivos muy \u00fatiles<\/strong>. Que se declaren obsoletos, o vintage como en este caso, no indica que vayan a dejar de funcionar al instante. Si los dispositivos est\u00e1n en buen estado f\u00edsico, pueden seguir funcionando tantos a\u00f1os como quieras.<\/p>\n<p>El rendimiento no ser\u00e1 el m\u00e1s r\u00e1pido comparado con los nuevos, pero siguen siendo funcionales. En <strong>el caso del MacBook Ai<\/strong>r, sigue siendo buena herramienta para navegar, usar apps ofim\u00e1ticas, guardar archivos importantes y hasta realizar procesos algo m\u00e1s pesados como la edici\u00f3n fotogr\u00e1fica. No tendr\u00e1 tanta fluidez como en uno nuevo, pero sigue siendo bueno para ello.<\/p>\n<p>Para <strong>el Apple Watch Series 5<\/strong>, un poco de lo mismo. Seguir\u00e1 realizando mediciones como las pulsaciones por minuto, midiendo nuestra calidad del sue\u00f1o mientras dormimos y tambi\u00e9n permitiendo <a class=\"text-outboundlink\" href=\"https:\/\/www.applesfera.com\/tutoriales\/como-hacerte-electrocardiograma-tu-apple-watch\" data-vars-post-title=\"C\u00f3mo hacerte un electrocardiograma con tu Apple Watch\" data-vars-post-url=\"https:\/\/www.applesfera.com\/tutoriales\/como-hacerte-electrocardiograma-tu-apple-watch\" rel=\"nofollow noopener\" target=\"_blank\">realizar electrocardiogramas<\/a> de una derivaci\u00f3n. Por supuesto, tambi\u00e9n ser\u00e1 el espejo del iPhone para notificaciones o usar otras aplicaciones y tener datos sincronizados.<\/p>\n<p>\u00bfEs el momento de cambiar?<\/p>\n<p>No suele gustarme que me pidan consejos acerca de si renovar o no un dispositivo. No porque no me guste responder, ya que lo hago encantado y agradecido por la confianza que se deposita en m\u00ed, pero la mayor\u00eda de ocasiones respondo con un <strong>\u00abdepende\u00bb<\/strong>. Y es que cada circunstancia es un mundo.<\/p>\n<p>En el caso del MacBook Air, si es un dispositivo que usas cada d\u00eda, ya sea para trabajar o estudiar, tal vez s\u00ed te interese optar por uno de los m\u00e1s recientes con Apple Silicon. E incluso, como es mi caso, <a class=\"text-outboundlink\" href=\"https:\/\/www.applesfera.com\/portatil\/nadie-ha-logrado-convencerme-cambiar-mi-macbook-air-m1-ahora-tengo-candidato-para-2026-barato\" data-vars-post-title=\"Nadie ha logrado convencerme de cambiar mi MacBook Air M1. Ahora tengo un candidato para 2026 y es el m\u00e1s barato\" data-vars-post-url=\"https:\/\/www.applesfera.com\/portatil\/nadie-ha-logrado-convencerme-cambiar-mi-macbook-air-m1-ahora-tengo-candidato-para-2026-barato\" rel=\"nofollow noopener\" target=\"_blank\">esperar al MacBook econ\u00f3mico<\/a> que saldr\u00e1 este a\u00f1o. Sobre todo si sientes que el rendimiento ya se te queda corto.<\/p>\n<p>    <a href=\"https:\/\/www.applesfera.com\/tutoriales\/quieres-comprar-mac-esta-guia-actualizada-para-saber-cuando-se-renovara-cada-gama\" class=\"pivot-outboundlink\" data-vars-post-title=\"Si quieres comprar un Mac, esta es la gu\u00eda actualizada para saber cu\u00e1ndo se renovar\u00e1 cada gama\" rel=\"nofollow noopener\" target=\"_blank\"><br \/>\n     <img loading=\"lazy\" decoding=\"async\" alt=\"Si quieres comprar un Mac, esta es la gu\u00eda actualizada para saber cu\u00e1ndo se renovar\u00e1 cada gama\" width=\"375\" height=\"142\" src=\"https:\/\/i.blogs.es\/463ef6\/macbook\/375_142.webp\" onerror=\"this.src=\" https:=\"\"\/><br \/>\n    <\/a><\/p>\n<p>Con el Apple Watch es algo distinto. Pienso que es un dispositivo que no necesita renovarse de forma frecuente. De hecho, soy de aquellos que lo aguanta hasta que se rompe. Ahora bien, los m\u00e1s recientes tienen mejor pantalla (m\u00e1s grande y brillante), mayor autonom\u00eda y nuevas funciones de salud como la <a class=\"text-outboundlink\" href=\"https:\/\/www.applesfera.com\/tutoriales\/como-medir-nivel-oxigeno-sangre-tu-apple-watch\" data-vars-post-title=\"C\u00f3mo medir la el nivel de ox\u00edgeno en sangre con tu Apple Watch \" data-vars-post-url=\"https:\/\/www.applesfera.com\/tutoriales\/como-medir-nivel-oxigeno-sangre-tu-apple-watch\" rel=\"nofollow noopener\" target=\"_blank\">medici\u00f3n de ox\u00edgeno en sangre<\/a>, <a class=\"text-outboundlink\" href=\"https:\/\/www.applesfera.com\/tutoriales\/como-se-trata-apnea-sueno-como-mide-apple-watch\" data-vars-post-title=\"Apnea del sue\u00f1o en Apple Watch: qu\u00e9 es, c\u00f3mo se detecta y c\u00f3mo debe tratarse\" data-vars-post-url=\"https:\/\/www.applesfera.com\/tutoriales\/como-se-trata-apnea-sueno-como-mide-apple-watch\" rel=\"nofollow noopener\" target=\"_blank\">detecci\u00f3n de apnea del sue\u00f1o<\/a> y <a class=\"text-outboundlink\" href=\"https:\/\/www.applesfera.com\/apple-watch\/que-apple-watch-detecten-hipertension-importante-mejor-que-solo-paso-ambicioso-plan-salud-apple\" data-vars-post-title=\"Que los Apple Watch detecten hipertensi\u00f3n es importante. Y lo mejor es que solo es un paso m\u00e1s en el ambicioso plan de salud de Apple\" data-vars-post-url=\"https:\/\/www.applesfera.com\/apple-watch\/que-apple-watch-detecten-hipertension-importante-mejor-que-solo-paso-ambicioso-plan-salud-apple\" rel=\"nofollow noopener\" target=\"_blank\">hasta hipertension<\/a>. As\u00ed que es un valor seguro apostar por uno m\u00e1s reciente tras tantos a\u00f1os con el tuyo.<\/p>\n<p>Ahora bien, si realmente no sientes necesidad y su rendimiento sigue siendo bueno para tu uso, los motivos para actualizar responden puramente a una cuesti\u00f3n de presupuesto. Si tienes el dinero, adelante. \u00bfEs un capricho? Tal vez, aunque en vistas del tiempo que los has mantenido, dir\u00eda que es m\u00e1s bien una inversi\u00f3n.<\/p>\n<p>Y a buen seguro que podr\u00e1s <strong>encontrar una segunda vida digna <\/strong>para los dispositivos. Bien sea para su uso secundario o de emergencias, como para regalar a un familiar o amigo cuyo perfil de usuario no sea el m\u00e1s exigente. Y ahora que llegan los Reyes Magos, esta \u00faltima opci\u00f3n gana enteros.<\/p>\n<p>En Applesfera |\u00a0<a class=\"text-outboundlink\" href=\"https:\/\/www.applesfera.com\/nuevo\/apple-macbook-pro-oled-informacion\" data-vars-post-title=\"Nuevo MacBook Pro t\u00e1ctil con pantalla OLED - Todo lo que creemos saber sobre el pr\u00f3ximo port\u00e1til profesional de Apple\" data-vars-post-url=\"https:\/\/www.applesfera.com\/nuevo\/apple-macbook-pro-oled-informacion\" rel=\"nofollow noopener\" target=\"_blank\">Nuevo MacBook Pro t\u00e1ctil con pantalla OLED &#8211; Todo lo que creemos saber sobre el pr\u00f3ximo port\u00e1til profesional de Apple<\/a><\/p>\n<p>En Applesfera | <a class=\"text-outboundlink\" href=\"https:\/\/www.applesfera.com\/nuevo\/apple-macos-27-informacion\" data-vars-post-title=\"Nuevo macOS 27 - Todo lo que creemos saber sobre \u00e9l\" data-vars-post-url=\"https:\/\/www.applesfera.com\/nuevo\/apple-macos-27-informacion\" rel=\"nofollow noopener\" target=\"_blank\">Nuevo macOS 27 &#8211; Todo lo que creemos saber sobre \u00e9l<\/a><\/p>\n","protected":false},"excerpt":{"rendered":"A m\u00ed me hablan de un ordenador vintage e irremediablemente me imagino algo como un Spectrum o, a&hellip;\n","protected":false},"author":2,"featured_media":319194,"comment_status":"","ping_status":"","sticky":false,"template":"","format":"standard","meta":{"footnotes":""},"categories":[81],"tags":[119,123,124,25,24,117,121,122,23,118,120],"class_list":{"0":"post-319193","1":"post","2":"type-post","3":"status-publish","4":"format-standard","5":"has-post-thumbnail","7":"category-ciencia-y-tecnologia","8":"tag-ciencia","9":"tag-ciencia-y-tecnologia","10":"tag-cienciaytecnologia","11":"tag-es","12":"tag-espana","13":"tag-science","14":"tag-science-and-technology","15":"tag-scienceandtechnology","16":"tag-spain","17":"tag-technology","18":"tag-tecnologia"},"share_on_mastodon":{"url":"https:\/\/pubeurope.com\/@es\/115825866562711533","error":""},"_links":{"self":[{"href":"https:\/\/www.europesays.com\/es\/wp-json\/wp\/v2\/posts\/319193","targetHints":{"allow":["GET"]}}],"collection":[{"href":"https:\/\/www.europesays.com\/es\/wp-json\/wp\/v2\/posts"}],"about":[{"href":"https:\/\/www.europesays.com\/es\/wp-json\/wp\/v2\/types\/post"}],"author":[{"embeddable":true,"href":"https:\/\/www.europesays.com\/es\/wp-json\/wp\/v2\/users\/2"}],"replies":[{"embeddable":true,"href":"https:\/\/www.europesays.com\/es\/wp-json\/wp\/v2\/comments?post=319193"}],"version-history":[{"count":0,"href":"https:\/\/www.europesays.com\/es\/wp-json\/wp\/v2\/posts\/319193\/revisions"}],"wp:featuredmedia":[{"embeddable":true,"href":"https:\/\/www.europesays.com\/es\/wp-json\/wp\/v2\/media\/319194"}],"wp:attachment":[{"href":"https:\/\/www.europesays.com\/es\/wp-json\/wp\/v2\/media?parent=319193"}],"wp:term":[{"taxonomy":"category","embeddable":true,"href":"https:\/\/www.europesays.com\/es\/wp-json\/wp\/v2\/categories?post=319193"},{"taxonomy":"post_tag","embeddable":true,"href":"https:\/\/www.europesays.com\/es\/wp-json\/wp\/v2\/tags?post=319193"}],"curies":[{"name":"wp","href":"https:\/\/api.w.org\/{rel}","templated":true}]}}