{"id":319197,"date":"2026-01-02T14:01:07","date_gmt":"2026-01-02T14:01:07","guid":{"rendered":"https:\/\/www.europesays.com\/es\/319197\/"},"modified":"2026-01-02T14:01:07","modified_gmt":"2026-01-02T14:01:07","slug":"gobierno-impulsa-reorganizacion-de-petroperu-con-una-gestion-eficiente-y-fin-de-privilegios-noticias-presidencia-del-consejo-de-ministros","status":"publish","type":"post","link":"https:\/\/www.europesays.com\/es\/319197\/","title":{"rendered":"Gobierno impulsa reorganizaci\u00f3n de Petroper\u00fa con una gesti\u00f3n eficiente y fin de privilegios &#8211; Noticias &#8211; Presidencia del Consejo de Ministros"},"content":{"rendered":"<p>Tras la publicaci\u00f3n del Decreto de Urgencia que establece medidas extraordinarias para la reorganizaci\u00f3n patrimonial y operativa de Petroper\u00fa S.A, el presidente del Consejo de Ministros, Ernesto \u00c1lvarez, precis\u00f3 que la medida no implica la privatizaci\u00f3n ni la liquidaci\u00f3n de Petroper\u00fa, sino una soluci\u00f3n intermedia y responsable frente a la situaci\u00f3n de insolvencia que atraviesa la empresa estatal.<\/p>\n<p>En ese sentido, \u00c1lvarez Miranda detall\u00f3 que Proinversi\u00f3n ser\u00e1 la entidad encargada de realizar una evaluaci\u00f3n t\u00e9cnica, imparcial e integral de las distintas unidades productivas de Petroper\u00fa, a fin de recomendar las acciones m\u00e1s adecuadas para cada una de ellas.<\/p>\n<p>\u201cLa premisa es que Petroper\u00fa debe mantenerse como empresa p\u00fablica, pero con una gesti\u00f3n eficiente, solvente y transparente\u201d, sostuvo el jefe del Gabinete Ministerial, al remarcar que algunas unidades podr\u00edan requerir inversi\u00f3n privada bajo esquemas de asociaci\u00f3n p\u00fablico-privada, otras ser liquidadas y otras fortalecidas dentro del \u00e1mbito estatal.<\/p>\n<p>Con relaci\u00f3n al tema de asegurar el abastecimiento de combustible en regiones donde opera Petroper\u00fa y no hay empresas privadas, Ernesto \u00c1lvarez detall\u00f3 que la intenci\u00f3n es mantener los servicios p\u00fablicos que realiza Petroper\u00fa, garantizar los derechos leg\u00edtimos de los trabajadores, que no se van a ver afectados en ning\u00fan caso, y al mismo tiempo garantizar tambi\u00e9n que no se rompa la cadena de pagos.<\/p>\n<p>El titular de la PCM tambi\u00e9n inform\u00f3 que se destinaron recursos p\u00fablicos para un eventual proceso de reducci\u00f3n y reconversi\u00f3n de personal, el cual ser\u00e1 definido exclusivamente con criterios t\u00e9cnicos, garantizando los derechos laborales y evitando decisiones pol\u00edticas arbitrarias.<\/p>\n<p>En ese sentido, Ernesto \u00c1lvarez respald\u00f3 las declaraciones de la ministra de Econom\u00eda, Denisse Miralles, quien remarc\u00f3 que m\u00e1s de la mitad del dinero de gastos corrientes no se van en sueldos, sino a privilegios los altos funcionarios.<\/p>\n<p>En otro momento, el premier se refiri\u00f3 a los hechos de violencia registrados en la provincia de Pataz, regi\u00f3n La Libertad, precisando que se trat\u00f3 de un enfrentamiento entre grupos vinculados a la miner\u00eda ilegal. Confirm\u00f3 que el saldo fue de tres fallecidos y dos detenidos, y sostuvo que las fuerzas del orden actuaron de manera inmediata para controlar la situaci\u00f3n e iniciar las investigaciones correspondientes.<\/p>\n<p>Finalmente, reafirm\u00f3 el compromiso del Ejecutivo de enfrentar la miner\u00eda ilegal y fortalecer la presencia del Estado en las zonas afectadas, subrayando que se trata de un problema estructural que se arrastra desde hace d\u00e9cadas y que requiere una intervenci\u00f3n integral y sostenida.<\/p>\n","protected":false},"excerpt":{"rendered":"Tras la publicaci\u00f3n del Decreto de Urgencia que establece medidas extraordinarias para la reorganizaci\u00f3n patrimonial y operativa de&hellip;\n","protected":false},"author":2,"featured_media":319198,"comment_status":"","ping_status":"","sticky":false,"template":"","format":"standard","meta":{"footnotes":""},"categories":[42],"tags":[17,18,13,14,11,61,62,63,64,19,20,9,10,15,16,12,21,22,65,66,67],"class_list":{"0":"post-319197","1":"post","2":"type-post","3":"status-publish","4":"format-standard","5":"has-post-thumbnail","7":"category-internacional","8":"tag-breaking-news","9":"tag-breakingnews","10":"tag-featured-news","11":"tag-featurednews","12":"tag-headlines","13":"tag-internacional","14":"tag-international","15":"tag-international-news","16":"tag-internationalnews","17":"tag-latest-news","18":"tag-latestnews","19":"tag-news","20":"tag-noticias","21":"tag-noticias-destacadas","22":"tag-noticiasdestacadas","23":"tag-titulares","24":"tag-ultimas-noticias","25":"tag-ultimasnoticias","26":"tag-world","27":"tag-world-news","28":"tag-worldnews"},"share_on_mastodon":{"url":"https:\/\/pubeurope.com\/@es\/115825874286162502","error":""},"_links":{"self":[{"href":"https:\/\/www.europesays.com\/es\/wp-json\/wp\/v2\/posts\/319197","targetHints":{"allow":["GET"]}}],"collection":[{"href":"https:\/\/www.europesays.com\/es\/wp-json\/wp\/v2\/posts"}],"about":[{"href":"https:\/\/www.europesays.com\/es\/wp-json\/wp\/v2\/types\/post"}],"author":[{"embeddable":true,"href":"https:\/\/www.europesays.com\/es\/wp-json\/wp\/v2\/users\/2"}],"replies":[{"embeddable":true,"href":"https:\/\/www.europesays.com\/es\/wp-json\/wp\/v2\/comments?post=319197"}],"version-history":[{"count":0,"href":"https:\/\/www.europesays.com\/es\/wp-json\/wp\/v2\/posts\/319197\/revisions"}],"wp:featuredmedia":[{"embeddable":true,"href":"https:\/\/www.europesays.com\/es\/wp-json\/wp\/v2\/media\/319198"}],"wp:attachment":[{"href":"https:\/\/www.europesays.com\/es\/wp-json\/wp\/v2\/media?parent=319197"}],"wp:term":[{"taxonomy":"category","embeddable":true,"href":"https:\/\/www.europesays.com\/es\/wp-json\/wp\/v2\/categories?post=319197"},{"taxonomy":"post_tag","embeddable":true,"href":"https:\/\/www.europesays.com\/es\/wp-json\/wp\/v2\/tags?post=319197"}],"curies":[{"name":"wp","href":"https:\/\/api.w.org\/{rel}","templated":true}]}}