{"id":319238,"date":"2026-01-02T14:37:09","date_gmt":"2026-01-02T14:37:09","guid":{"rendered":"https:\/\/www.europesays.com\/es\/319238\/"},"modified":"2026-01-02T14:37:09","modified_gmt":"2026-01-02T14:37:09","slug":"el-guggenheim-registra-13-millones-de-visitantes-impulsado-por-el-tiron-extranjero-en-2025","status":"publish","type":"post","link":"https:\/\/www.europesays.com\/es\/319238\/","title":{"rendered":"El Guggenheim registra 1,3 millones de visitantes impulsado por el tir\u00f3n extranjero en 2025"},"content":{"rendered":"<p>El Museo Guggenheim Bilbao cierra 2025 con 1.305.003 visitantes, 3.660 m\u00e1s que en 2024, lo que supone un ligero incremento del 0, &#8230; 2% y confirma la tendencia de estabilidad tras los a\u00f1os r\u00e9cord. El dato sit\u00faa 2025 como el cuarto mejor ejercicio de su historia, por detr\u00e1s de 2023, 2017 y 1998, y por delante de 2024.<\/p>\n<p class=\"v-p\">El buen resultado llega en pleno proceso de cambios, un balance que desde el museo califican de \u00abmuy positivo\u00bb, m\u00e1s si cabe en un a\u00f1o en el que ha echado andar la nueva direcci\u00f3n que encabeza Miren Arzalluz. Mayo, junio y julio marcaron cifras in\u00e9ditas y permitieron registrar el segundo mejor verano del museo, solo superado por el de 2023.<\/p>\n<p class=\"v-p\">El factor clave ha sido el turismo internacional. El 69% del p\u00fablico es extranjero (frente al 67% en 2024), es decir, siete de cada diez visitantes. En cuanto al origen geogr\u00e1fico, Francia lidera el origen (15%), seguida de Alemania (9%), Gran Breta\u00f1a (9%), Estados Unidos (6%) e Italia (5%). <\/p>\n<p class=\"v-p\">Por el contrario, el p\u00fablico del Pa\u00eds Vasco se sit\u00faa en el 10% (un punto menos que en el balance anterior), mientras que el porcentaje de visitantes del resto del pa\u00eds es del 21%, destacando como en a\u00f1os anteriores Catalu\u00f1a (4%) y Madrid (4%).<\/p>\n<p>La m\u00e1s visitada de la historia<\/p>\n<p class=\"v-p\">El principal atractivo para el p\u00fablico ha sido la ambiciosa y variada programaci\u00f3n art\u00edstica. La exposici\u00f3n &#8216;in situ: Refik Anadol&#8217;, se convirti\u00f3 en la muestra m\u00e1s vista de la historia del museo por n\u00famero total de visitantes, con 891.460 personas entre marzo y octubre. Tarsila do Amaral con &#8216;Pintando el Brasil moderno&#8217; reuni\u00f3 a 354.872 personas; &#8216;Obras maestras sobre papel de Budapest&#8217;, a 340.043; Helen Frankenthaler con &#8216;Pintura sin reglas&#8217;, sum\u00f3 810.145 visitas. Tambi\u00e9n destacaron &#8216;Vito Acconci \/ Sergio Prego. YOU&#8217; (750.233), Barbara Kruger con \u00abAnother Day. Another Nignt\u00bb (657.086) y Maria Helena Vieira da Silva con &#8216;Anatom\u00eda del espacio&#8217;, que reuni\u00f3 201.589 visitas desde su inauguraci\u00f3n en octubre. A todo ello se suman las presentaciones de &#8216;Obras de la Colecci\u00f3n&#8217;, incluidas en el c\u00f3mputo global.<\/p>\n<p><img decoding=\"async\" loading=\"lazy\" src=\"https:\/\/www.europesays.com\/es\/wp-content\/uploads\/2026\/01\/DAMBin-U230752081810ZB--1920x1344@El Correo.jpg\" class=\"v-a-img\" width=\"1920\" height=\"1344\" alt=\"\" data-voc-vtm-id=\"in-text-traffic\"\/><\/p>\n<p><img loading=\"lazy\" decoding=\"async\" src=\"https:\/\/www.europesays.com\/es\/wp-content\/uploads\/2026\/01\/DAMBin-U230752081810ZB--1920x1344@El Correo.jpg\" class=\"v-mdl__img-z\" width=\"1920\" height=\"1344\" alt=\"\"\/><\/p>\n<p>Motor econ\u00f3mico<\/p>\n<p class=\"v-p\">En los programas sociales, 3.047 personas en situaci\u00f3n de vulnerabilidad o con discapacidad participaron en actividades espec\u00edficas. La comunidad general Community suma ya 426.143 miembros: 24.393 Amigos del Museo \u2014m\u00e1ximo hist\u00f3rico\u2014 y 401.127 Seguidores. El Programa solidario Erdu permiti\u00f3 el acceso gratuito a 623 personas desempleadas.<\/p>\n<p class=\"v-p\">En clave econ\u00f3mica, el museo volvi\u00f3 a actuar como motor del territorio: su actividad gener\u00f3 una demanda de 782,3 millones de euros en Euskadi, aport\u00f3 676,7 millones al PIB y report\u00f3 106,1 millones adicionales a las Haciendas vascas, contribuyendo al mantenimiento de 14.319 empleos. Unos indicadores que consolidan el peso cultural y econ\u00f3mico del Guggenheim en un a\u00f1o marcado por el tir\u00f3n del visitante extranjero y por la consolidaci\u00f3n de su nueva etapa.<\/p>\n","protected":false},"excerpt":{"rendered":"El Museo Guggenheim Bilbao cierra 2025 con 1.305.003 visitantes, 3.660 m\u00e1s que en 2024, lo que supone un&hellip;\n","protected":false},"author":2,"featured_media":319239,"comment_status":"","ping_status":"","sticky":false,"template":"","format":"standard","meta":{"footnotes":""},"categories":[173],"tags":[45,229,233,231,230,25982,232,234,146,147,25,24,983,4724,2269,52832,23,19329,739],"class_list":{"0":"post-319238","1":"post","2":"type-post","3":"status-publish","4":"format-standard","5":"has-post-thumbnail","7":"category-arte-y-diseno","8":"tag-45","9":"tag-arte","10":"tag-arte-y-diseno","11":"tag-arts","12":"tag-arts-and-design","13":"tag-ascendente","14":"tag-design","15":"tag-diseno","16":"tag-entertainment","17":"tag-entretenimiento","18":"tag-es","19":"tag-espana","20":"tag-guggenheim","21":"tag-millones","22":"tag-registra","23":"tag-senda","24":"tag-spain","25":"tag-visitantes","26":"tag-vuelve"},"share_on_mastodon":{"url":"https:\/\/pubeurope.com\/@es\/115826015804387585","error":""},"_links":{"self":[{"href":"https:\/\/www.europesays.com\/es\/wp-json\/wp\/v2\/posts\/319238","targetHints":{"allow":["GET"]}}],"collection":[{"href":"https:\/\/www.europesays.com\/es\/wp-json\/wp\/v2\/posts"}],"about":[{"href":"https:\/\/www.europesays.com\/es\/wp-json\/wp\/v2\/types\/post"}],"author":[{"embeddable":true,"href":"https:\/\/www.europesays.com\/es\/wp-json\/wp\/v2\/users\/2"}],"replies":[{"embeddable":true,"href":"https:\/\/www.europesays.com\/es\/wp-json\/wp\/v2\/comments?post=319238"}],"version-history":[{"count":0,"href":"https:\/\/www.europesays.com\/es\/wp-json\/wp\/v2\/posts\/319238\/revisions"}],"wp:featuredmedia":[{"embeddable":true,"href":"https:\/\/www.europesays.com\/es\/wp-json\/wp\/v2\/media\/319239"}],"wp:attachment":[{"href":"https:\/\/www.europesays.com\/es\/wp-json\/wp\/v2\/media?parent=319238"}],"wp:term":[{"taxonomy":"category","embeddable":true,"href":"https:\/\/www.europesays.com\/es\/wp-json\/wp\/v2\/categories?post=319238"},{"taxonomy":"post_tag","embeddable":true,"href":"https:\/\/www.europesays.com\/es\/wp-json\/wp\/v2\/tags?post=319238"}],"curies":[{"name":"wp","href":"https:\/\/api.w.org\/{rel}","templated":true}]}}