{"id":319246,"date":"2026-01-02T14:42:09","date_gmt":"2026-01-02T14:42:09","guid":{"rendered":"https:\/\/www.europesays.com\/es\/319246\/"},"modified":"2026-01-02T14:42:09","modified_gmt":"2026-01-02T14:42:09","slug":"fernando-alonso-piloto-de-aston-martin-f1-revela-que-sufrio-mas-presion-en-el-karting-que-en-la-f1","status":"publish","type":"post","link":"https:\/\/www.europesays.com\/es\/319246\/","title":{"rendered":"Fernando Alonso, piloto de Aston Martin F1, revela que sufri\u00f3 m\u00e1s presi\u00f3n en el Karting que en la F1"},"content":{"rendered":"<p data-journey-content=\"true\" data-node-id=\"2\" class=\"css-6wxqfj emevuu60\">Fernando Alonso se ha sincerado y ha hablado sobre su etapa en el karting. Asegura que fue el momento en el que m\u00e1s presi\u00f3n tuvo que soportar. Cuando lleg\u00f3 a la F\u00f3rmula 1, esa presi\u00f3n evolucion\u00f3.<\/p>\n<p><strong data-node-id=\"4.0\">Fernando Alonso y la presi\u00f3n del karting<\/strong><\/p>\n<p data-journey-content=\"true\" data-node-id=\"6\" class=\"css-6wxqfj emevuu60\">Antes de debutar en monoplazas, los ni\u00f1os que aspiran a convertirse en pilotos de carreras deben pasar primero por el karting. En esas competiciones, cuanto m\u00e1s arriba quedes, mejor te ir\u00e1, no solo porque ascender\u00e1s de categor\u00eda, sino tambi\u00e9n porque atraer\u00e1s patrocinadores o equipos que quieran apoyarte.<\/p>\n<blockquote data-theme-key=\"pullquote\" class=\"css-1eiql25 e1pe3zr91\">\n<blockquote class=\"css-fetnbk e1pe3zr90\"><p>\u00abPens\u00e9 que no iba a correr m\u00e1s en karting. Me dieron una carrera para demostrar lo que sab\u00eda hacer\u00bb<\/p><\/blockquote>\n<\/blockquote>\n<p data-journey-content=\"true\" data-node-id=\"9\" class=\"css-6wxqfj emevuu60\">Sin embargo, el principal problema es el dinero. Competir en karts es caro, especialmente si no se cuentan con recursos suficientes para el kart, los viajes, la comida o el estacionamiento. Por ello, en el documental de DAZN llamado Bravissimo, el piloto asturiano explic\u00f3 por qu\u00e9 en esa \u00e9poca sent\u00eda mucha m\u00e1s presi\u00f3n.<\/p>\n<p data-journey-content=\"true\" data-node-id=\"13\" class=\"css-6wxqfj emevuu60\">\u00abPens\u00e9 que no iba a correr m\u00e1s en karting porque ten\u00eda que correr en Italia. Me dieron una carrera como oportunidad para demostrar qu\u00e9 pod\u00eda hacer. Luego me dijeron: \u2018el a\u00f1o que viene no vas a tener que pagar nada, te vamos a hacer como piloto oficial de karting a ver qu\u00e9 tal te va\u201d, declar\u00f3. <\/p>\n<p data-journey-content=\"true\" data-node-id=\"15\" class=\"css-6wxqfj emevuu60\">A\u00f1adi\u00f3: \u00abPara m\u00ed la presi\u00f3n siempre fue en esos a\u00f1os, cuando era ni\u00f1o. Me daban una carrera y ten\u00eda que ganarla si quer\u00eda seguir corriendo\u201d.<\/p>\n<p data-journey-content=\"true\" data-node-id=\"17\" class=\"css-6wxqfj emevuu60\">Finalmente, super\u00f3 la prueba y Fernando Alonso comenz\u00f3 a subir de categor\u00eda, recibiendo apoyo financiero para seguir progresando. Comenz\u00f3 a ganar en las categor\u00edas inferiores y, finalmente, debut\u00f3 en la F1 en 2001, con el equipo Minardi.<\/p>\n<p><img draggable=\"true\" alt=\"f1 grand prix of abu dhabi 2025\" title=\"F1 Grand Prix Of Abu Dhabi 2025\" loading=\"lazy\" width=\"4800\" height=\"3200\" decoding=\"async\" data-nimg=\"1\" style=\"color:transparent;width:100%;height:auto;\"   src=\"https:\/\/www.europesays.com\/es\/wp-content\/uploads\/2026\/01\/fernando-alonso-of-spain-driving-the-f1-race-car-no-14-the-news-photo-1767356372.pjpeg.jpeg\" class=\"css-0 e1g79fud0\"\/><a target=\"_blank\" rel=\"noopener nofollow\" data-theme-key=\"base-link\" href=\"https:\/\/pinterest.com\/pin\/create\/button\/?url=https:\/\/www.caranddriver.com\/es\/formula-1\/a69902636\/alonso-revela-mas-presion-karting-f1\/&amp;description=&amp;media=https:\/\/hips.hearstapps.com\/hmg-prod\/images\/fernando-alonso-of-spain-driving-the-f1-race-car-no-14-the-news-photo-1767356372.pjpeg?resize=1600:*\" class=\"pinterest css-on9hn5 e1c1bym14\"><img decoding=\"async\" data-dynamic-svg=\"true\" src=\"https:\/\/www.caranddriver.com\/_assets\/design-tokens\/fre\/static\/icons\/social\/pinterest.e8cf655.svg?primary=%2523ffffff\" loading=\"lazy\" data-testid=\"dynamic-svg-base\" height=\"auto\" width=\"auto\" alt=\"pinterest\" class=\"css-4lml0h e1mlxuuw1\"\/><\/a><\/p>\n<p>NurPhoto\/\/Getty Images<\/p>\n<p data-journey-content=\"true\" data-node-id=\"20\" class=\"css-6wxqfj emevuu60\">En 2003, Renault le dio la oportunidad de convertirse en piloto titular, y no la desaprovech\u00f3: gan\u00f3 dos campeonatos con ellos, en 2005 y 2006, los \u00fanicos de Fernando Alonso y los \u00faltimos de Renault en la F\u00f3rmula 1. Estuvo en tres etapas en la escuder\u00eda francesa: 2003\u20132006, 2008\u20132009 y 2021\u20132022. Tambi\u00e9n pas\u00f3 por McLaren y Ferrari, y ahora compite en Aston Martin, donde espera volver a ganar en la temporada 2026.<\/p>\n<p data-journey-content=\"true\" data-node-id=\"22\" class=\"css-6wxqfj emevuu60\">Para concluir, el piloto asturiano explic\u00f3 porque en la F1 no sent\u00eda esa presi\u00f3n que si que vivi\u00f3 en los kartings: \u00abDe repente estaba en Renault, estaba bien posicionado, todo el mundo hablaba bien de m\u00ed, ten\u00eda contrato para varios a\u00f1os, ten\u00eda mi sueldo\u2026 No me parec\u00eda que tuviese presi\u00f3n. Era un regalo para m\u00ed estar en la lucha por el Mundial de F1\u00bb<\/p>\n<p><strong data-node-id=\"23.0\">2026 \u00bfLa \u00faltima oportunidad?<\/strong><\/p>\n<p data-journey-content=\"true\" data-node-id=\"25\" class=\"css-6wxqfj emevuu60\">La temporada 2026 podr\u00eda ser el a\u00f1o en el que Fernando Alonso vuelva a ganar una carrera. Seg\u00fan los rumores, hay esperanzas de que Aston Martin sea competitivo y se convierta en uno de los favoritos para la lucha por las victorias. Incluso algunos apuntan a que el piloto asturiano podr\u00eda volver a pelear por el Mundial.<\/p>\n<p data-journey-content=\"true\" data-node-id=\"27\" class=\"css-6wxqfj emevuu60\">Lawrence Stroll ha invertido mucho tiempo y recursos para convertir a Aston Martin en un proyecto ganador. Ha mejorado la f\u00e1brica en los \u00faltimos a\u00f1os y ha contratado a los mejores ingenieros, como Adrian Newey, para intentar lograr su primer campeonato en la F\u00f3rmula 1.<\/p>\n<p data-journey-content=\"true\" data-node-id=\"29\" class=\"css-6wxqfj emevuu60\">El piloto espa\u00f1ol lleva m\u00e1s de diez a\u00f1os sin ganar una carrera. Su \u00faltima victoria fue en el Gran Premio de Espa\u00f1a de 2013, hace trece a\u00f1os, mientras que su \u00faltimo podio es m\u00e1s reciente: el Gran Premio de Brasil de 2023. Por otro lado, su \u00faltima temporada luchando por el Mundial fue hace catorce a\u00f1os, cuando pele\u00f3 con el alem\u00e1n Sebastian Vettel por el t\u00edtulo de 2012.<\/p>\n<p data-journey-content=\"true\" data-node-id=\"31\" class=\"css-6wxqfj emevuu60\">Fernando Alonso lleva m\u00e1s de veinte a\u00f1os en la categor\u00eda y ha logrado dos t\u00edtulos mundiales. Siempre ha recalcado que su objetivo es alcanzar tres campeonatos, como su \u00eddolo Ayrton Senna. La temporada 2026 podr\u00eda ser su \u00faltima oportunidad, ya que su retirada podr\u00eda estar cerca.<\/p>\n","protected":false},"excerpt":{"rendered":"Fernando Alonso se ha sincerado y ha hablado sobre su etapa en el karting. Asegura que fue el&hellip;\n","protected":false},"author":2,"featured_media":319247,"comment_status":"","ping_status":"","sticky":false,"template":"","format":"standard","meta":{"footnotes":""},"categories":[93],"tags":[168,253,25,24,23,167],"class_list":{"0":"post-319246","1":"post","2":"type-post","3":"status-publish","4":"format-standard","5":"has-post-thumbnail","7":"category-deportes","8":"tag-deportes","9":"tag-discover","10":"tag-es","11":"tag-espana","12":"tag-spain","13":"tag-sports"},"share_on_mastodon":{"url":"https:\/\/pubeurope.com\/@es\/115826035695641194","error":""},"_links":{"self":[{"href":"https:\/\/www.europesays.com\/es\/wp-json\/wp\/v2\/posts\/319246","targetHints":{"allow":["GET"]}}],"collection":[{"href":"https:\/\/www.europesays.com\/es\/wp-json\/wp\/v2\/posts"}],"about":[{"href":"https:\/\/www.europesays.com\/es\/wp-json\/wp\/v2\/types\/post"}],"author":[{"embeddable":true,"href":"https:\/\/www.europesays.com\/es\/wp-json\/wp\/v2\/users\/2"}],"replies":[{"embeddable":true,"href":"https:\/\/www.europesays.com\/es\/wp-json\/wp\/v2\/comments?post=319246"}],"version-history":[{"count":0,"href":"https:\/\/www.europesays.com\/es\/wp-json\/wp\/v2\/posts\/319246\/revisions"}],"wp:featuredmedia":[{"embeddable":true,"href":"https:\/\/www.europesays.com\/es\/wp-json\/wp\/v2\/media\/319247"}],"wp:attachment":[{"href":"https:\/\/www.europesays.com\/es\/wp-json\/wp\/v2\/media?parent=319246"}],"wp:term":[{"taxonomy":"category","embeddable":true,"href":"https:\/\/www.europesays.com\/es\/wp-json\/wp\/v2\/categories?post=319246"},{"taxonomy":"post_tag","embeddable":true,"href":"https:\/\/www.europesays.com\/es\/wp-json\/wp\/v2\/tags?post=319246"}],"curies":[{"name":"wp","href":"https:\/\/api.w.org\/{rel}","templated":true}]}}