{"id":319268,"date":"2026-01-02T14:59:08","date_gmt":"2026-01-02T14:59:08","guid":{"rendered":"https:\/\/www.europesays.com\/es\/319268\/"},"modified":"2026-01-02T14:59:08","modified_gmt":"2026-01-02T14:59:08","slug":"yolanda-diaz-celebro-la-nochevieja-por-todo-lo-alto-menu-de-lujo-y-cambio-de-estilismo","status":"publish","type":"post","link":"https:\/\/www.europesays.com\/es\/319268\/","title":{"rendered":"Yolanda D\u00edaz celebr\u00f3 la Nochevieja por todo lo alto: men\u00fa de lujo y cambio de estilismo"},"content":{"rendered":"<p><a href=\"https:\/\/www.libertaddigital.com\/personajes\/yolanda-diaz\/\" rel=\"noreferrer noopener nofollow\" target=\"_blank\"><strong>Yolanda D\u00edaz<\/strong><\/a> dio la bienvenida al 2026 en La Coru\u00f1a, su ciudad natal, <strong>celebrando la Nochevieja en el hotel NH Finisterre<\/strong>, el \u00fanico establecimiento de cinco estrellas de la ciudad. La vicepresidenta segunda del Gobierno y ministra de Trabajo y Econom\u00eda Social acudi\u00f3 acompa\u00f1ada de una amiga y disfrut\u00f3 del men\u00fa especial de fin de a\u00f1o, con un <strong>precio aproximado de 279 euros<\/strong> m\u00e1s IVA por persona, seg\u00fan desvela el diario ABC.<\/p>\n<p>El <strong>men\u00fa inclu\u00eda una selecci\u00f3n de entrantes de cocina gallega<\/strong>, como pulpo, zamburi\u00f1as y empanada, adem\u00e1s de bogavante, turr\u00f3n con foie y jam\u00f3n ib\u00e9rico. Como platos principales se sirvieron lubina con almejas y solomillo con setas y foie, y la velada concluy\u00f3 con postres, las tradicionales uvas, una amplia selecci\u00f3n de vinos de la bodega y barra libre para dar la bienvenida a 2026 por todo lo alto.<\/p>\n<p>La ministra asisti\u00f3 al evento con un <strong>vestido rojo largo que ya luci\u00f3 el pasado mes de mayo en el Festival de Cine de Cannes<\/strong>, donde destaca un gran escote en la espalda adornado por un colgante dorado. Tambi\u00e9n decidi\u00f3 lucir los mismos pendientes largos de fiesta y recogerse el cabello en un mo\u00f1o. Tras la cena, decidi\u00f3 hacer un cambio de vestuario para continuar con la fiesta. Su presencia no pas\u00f3 desapercibida entre los comensales y apenas fue abordada durante la cena. \u00abEstuvo tranquila con su amiga\u00bb, se\u00f1al\u00f3 uno de los asistentes al citado diario.<\/p>\n<p>    Relacionado<\/p>\n<p>El NH Finisterre es un hotel emblem\u00e1tico de la ciudad y un habitual punto de encuentro de la alta sociedad coru\u00f1esa. Entre sus clientes frecuentes figura <strong>Amancio Ortega<\/strong> y su familia, que lo utiliza para alojar a personal de Inditex durante los eventos del grupo empresarial.<\/p>\n","protected":false},"excerpt":{"rendered":"Yolanda D\u00edaz dio la bienvenida al 2026 en La Coru\u00f1a, su ciudad natal, celebrando la Nochevieja en el&hellip;\n","protected":false},"author":2,"featured_media":319269,"comment_status":"","ping_status":"","sticky":false,"template":"","format":"standard","meta":{"footnotes":""},"categories":[174],"tags":[255,146,147,25,24,256,5199,23,4454],"class_list":{"0":"post-319268","1":"post","2":"type-post","3":"status-publish","4":"format-standard","5":"has-post-thumbnail","7":"category-famosos","8":"tag-celebrities","9":"tag-entertainment","10":"tag-entretenimiento","11":"tag-es","12":"tag-espana","13":"tag-famosos","14":"tag-nochevieja","15":"tag-spain","16":"tag-yolanda-diaz"},"share_on_mastodon":{"url":"","error":""},"_links":{"self":[{"href":"https:\/\/www.europesays.com\/es\/wp-json\/wp\/v2\/posts\/319268","targetHints":{"allow":["GET"]}}],"collection":[{"href":"https:\/\/www.europesays.com\/es\/wp-json\/wp\/v2\/posts"}],"about":[{"href":"https:\/\/www.europesays.com\/es\/wp-json\/wp\/v2\/types\/post"}],"author":[{"embeddable":true,"href":"https:\/\/www.europesays.com\/es\/wp-json\/wp\/v2\/users\/2"}],"replies":[{"embeddable":true,"href":"https:\/\/www.europesays.com\/es\/wp-json\/wp\/v2\/comments?post=319268"}],"version-history":[{"count":0,"href":"https:\/\/www.europesays.com\/es\/wp-json\/wp\/v2\/posts\/319268\/revisions"}],"wp:featuredmedia":[{"embeddable":true,"href":"https:\/\/www.europesays.com\/es\/wp-json\/wp\/v2\/media\/319269"}],"wp:attachment":[{"href":"https:\/\/www.europesays.com\/es\/wp-json\/wp\/v2\/media?parent=319268"}],"wp:term":[{"taxonomy":"category","embeddable":true,"href":"https:\/\/www.europesays.com\/es\/wp-json\/wp\/v2\/categories?post=319268"},{"taxonomy":"post_tag","embeddable":true,"href":"https:\/\/www.europesays.com\/es\/wp-json\/wp\/v2\/tags?post=319268"}],"curies":[{"name":"wp","href":"https:\/\/api.w.org\/{rel}","templated":true}]}}