{"id":319270,"date":"2026-01-02T15:00:07","date_gmt":"2026-01-02T15:00:07","guid":{"rendered":"https:\/\/www.europesays.com\/es\/319270\/"},"modified":"2026-01-02T15:00:07","modified_gmt":"2026-01-02T15:00:07","slug":"anna-devis-y-daniel-rueda-la-pareja-de-fotografos-que-ha-conquistado-a-netflix-y-disney-con-su-ingenio-y-creatividad","status":"publish","type":"post","link":"https:\/\/www.europesays.com\/es\/319270\/","title":{"rendered":"Anna Devi\u0301s y Daniel Rueda, la pareja de fot\u00f3grafos que ha conquistado a Netflix y Disney con su ingenio y creatividad"},"content":{"rendered":"<p class=\"c-paragraph\">La fotograf\u00eda es un elemento esencial en la vida cotidiana. Aunque no solo sirve para plasmar un recuerdo o dar una informaci\u00f3n,<b> tambi\u00e9n puede ser una forma de demostrar la creatividad.<\/b> Las im\u00e1genes unidas de ingenio pueden dejar sin palabras a miles de personas y prueba de ello es el trabajo de Anna Devi\u0301s y Daniel Rueda.\u00a0<\/p>\n<p class=\"c-paragraph\">La pareja de fot\u00f3grafos espa\u00f1oles se conocieron en la <a href=\"https:\/\/www.20minutos.es\/tags\/temas\/universidad-politecnica-de-valencia.html\" title=\"Universidad Polit\u00e9cnica de Valencia\" rel=\"nofollow noopener\" target=\"_blank\">Universidad Polit\u00e9cnica de Valencia<\/a>, donde ambos se graduaron en la Escuela T\u00e9cnica Superior de Arquitectura, y <b>desde entonces no se han separado<\/b>. En sus trabajos, basados en jugar con las formas, ellos mismos se convierten en protagonistas creando estampas de lo m\u00e1s llamativas.\u00a0<\/p>\n<p class=\"c-paragraph\">Su estilo es simple, pero efectivo. <b>Utilizando sus propias figuras y de manera minimalista, recrean todo tipo de elementos<\/b> solo con formas geom\u00e9tricas o elementos que encuentran por la ciudad. As\u00ed la estampa de Anna sentada en una tumbona puede convertirse en un reloj, un vestido pasar a ser una manzana o una cama en una copa de vino.\u00a0<\/p>\n<p class=\"c-paragraph\">La pareja define su marca como Fun-damental, haciendo un juego de palabras entre \u00abfun\u00bb, el t\u00e9rmino en ingl\u00e9s para divertido, y \u00abfundamental\u00bb. \u00abLas de Daniel Rueda y Anna Dev\u00eds son fotograf\u00edas que indudablemente transmiten alegr\u00eda y optimismo, anim\u00e1ndonos, como cantaban los Monty Python, a mirar el lado bueno de la vida. <b>Ambientadas en ciudades de todo el mundo y llenas de estructuras llamativas, formas sencillas y colores pastel, <\/b>estas fotograf\u00edas no solo hablan de abstracci\u00f3n, elegancia y simpleza. Adem\u00e1s de subrayar arquitecturas hermosas de todas partes del planeta, nos muestran una forma \u00fanica de interactuar con nuestro entorno m\u00e1s cercano gracias al poder de la imaginaci\u00f3n\u00bb, aseguran en su <a href=\"https:\/\/www.boekvisual.com\/anna-devis-y-daniel-rueda\" target=\"_blank\" rel=\"nofollow noreferrer noopener\">web <\/a>oficial.\u00a0<\/p>\n<p class=\"c-paragraph\">De hecho, tal es su peso que trabajaron con todo tipo de empresas internacionales. Desde <a href=\"https:\/\/www.20minutos.es\/tags\/temas\/netflix.html\" title=\"Netflix\" rel=\"nofollow noopener\" target=\"_blank\">Netflix <\/a>pasando por <a href=\"https:\/\/www.20minutos.es\/tags\/instituciones-empresas\/coca-cola.html\" title=\"Coca-Cola\" rel=\"nofollow noopener\" target=\"_blank\">Coca-cola<\/a> o <a href=\"https:\/\/www.20minutos.es\/tags\/instituciones-empresas\/disney.html\" title=\"Disney\" rel=\"nofollow noopener\" target=\"_blank\">Disney <\/a>a premios internacionales y revistas como Glamour, <a href=\"https:\/\/www.20minutos.es\/tags\/instituciones-empresas\/the-new-york-times.html\" title=\"The New York Times\" rel=\"nofollow noopener\" target=\"_blank\">The New York Times Style<\/a> o <a href=\"https:\/\/www.20minutos.es\/tags\/temas\/el-pais.html\" title=\"El pa\u00eds\" rel=\"nofollow noopener\" target=\"_blank\">El Pa\u00eds. <\/a>En su cuenta de <a href=\"https:\/\/www.20minutos.es\/tags\/temas\/instagram.html\" title=\"Instagram\" rel=\"nofollow noopener\" target=\"_blank\">Instagram<\/a>, donde publican sus proyectos,<b> cada uno acumula m\u00e1s de 576.000 seguidores.<\/b> Adem\u00e1s, no es de extra\u00f1ar que sus im\u00e1genes se vuelvan virales en apenas horas. \u00abQu\u00e9 chulo\u00bb, \u00abme encanta\u00bb, \u00abqu\u00e9 original\u00bb o \u00abfant\u00e1stico, siempre me sorprende ver c\u00f3mo prepar\u00e1is el montaje para la creaci\u00f3n de vuestras obras\u00bb, son algunos de los mensajes m\u00e1s destacados en sus publicaciones.<\/p>\n","protected":false},"excerpt":{"rendered":"La fotograf\u00eda es un elemento esencial en la vida cotidiana. Aunque no solo sirve para plasmar un recuerdo&hellip;\n","protected":false},"author":2,"featured_media":319271,"comment_status":"","ping_status":"","sticky":false,"template":"","format":"standard","meta":{"footnotes":""},"categories":[173],"tags":[229,233,231,230,11236,232,234,146,147,25,24,10115,74465,9537,23,20899],"class_list":{"0":"post-319270","1":"post","2":"type-post","3":"status-publish","4":"format-standard","5":"has-post-thumbnail","7":"category-arte-y-diseno","8":"tag-arte","9":"tag-arte-y-diseno","10":"tag-arts","11":"tag-arts-and-design","12":"tag-cuerpos","13":"tag-design","14":"tag-diseno","15":"tag-entertainment","16":"tag-entretenimiento","17":"tag-es","18":"tag-espana","19":"tag-figuras","20":"tag-geometricas","21":"tag-propios","22":"tag-spain","23":"tag-sus"},"share_on_mastodon":{"url":"https:\/\/pubeurope.com\/@es\/115826106225523919","error":""},"_links":{"self":[{"href":"https:\/\/www.europesays.com\/es\/wp-json\/wp\/v2\/posts\/319270","targetHints":{"allow":["GET"]}}],"collection":[{"href":"https:\/\/www.europesays.com\/es\/wp-json\/wp\/v2\/posts"}],"about":[{"href":"https:\/\/www.europesays.com\/es\/wp-json\/wp\/v2\/types\/post"}],"author":[{"embeddable":true,"href":"https:\/\/www.europesays.com\/es\/wp-json\/wp\/v2\/users\/2"}],"replies":[{"embeddable":true,"href":"https:\/\/www.europesays.com\/es\/wp-json\/wp\/v2\/comments?post=319270"}],"version-history":[{"count":0,"href":"https:\/\/www.europesays.com\/es\/wp-json\/wp\/v2\/posts\/319270\/revisions"}],"wp:featuredmedia":[{"embeddable":true,"href":"https:\/\/www.europesays.com\/es\/wp-json\/wp\/v2\/media\/319271"}],"wp:attachment":[{"href":"https:\/\/www.europesays.com\/es\/wp-json\/wp\/v2\/media?parent=319270"}],"wp:term":[{"taxonomy":"category","embeddable":true,"href":"https:\/\/www.europesays.com\/es\/wp-json\/wp\/v2\/categories?post=319270"},{"taxonomy":"post_tag","embeddable":true,"href":"https:\/\/www.europesays.com\/es\/wp-json\/wp\/v2\/tags?post=319270"}],"curies":[{"name":"wp","href":"https:\/\/api.w.org\/{rel}","templated":true}]}}