{"id":31929,"date":"2025-08-07T16:13:11","date_gmt":"2025-08-07T16:13:11","guid":{"rendered":"https:\/\/www.europesays.com\/es\/31929\/"},"modified":"2025-08-07T16:13:11","modified_gmt":"2025-08-07T16:13:11","slug":"cayetana-guillen-cuenta-detalles-de-la-agresion-sexual-que-sufrio-de-nina","status":"publish","type":"post","link":"https:\/\/www.europesays.com\/es\/31929\/","title":{"rendered":"Cayetana Guill\u00e9n cuenta detalles de la agresi\u00f3n sexual que sufri\u00f3 de ni\u00f1a"},"content":{"rendered":"<p class=\"voc-p\" style=\"\"><a href=\"https:\/\/www.abc.es\/gente\/cayetana-guillencuervo-legado-artistico-trayectoria-vida-familiar-20250115135611-nt.html\" target=\"_self\" data-voc-vtm-id=\"in-text-traffic\" title=\"Cayetana Guill\u00e9n\" data-mrf-link=\"www.abc.es\" rel=\"nofollow noopener\">Cayetana Guill\u00e9n<\/a> (56 a\u00f1os) ha construido su carrera profesional en torno a la actuaci\u00f3n, pero es tambi\u00e9n periodista, <a href=\"https:\/\/www.abc.es\/gente\/comunicado-urgente-cayetana-guillen-cuervo-tras-confirmar-20250423075049-nt.html\" target=\"_self\" data-voc-vtm-id=\"in-text-traffic\" title=\"presentadora de televisi\u00f3n\" data-mrf-link=\"www.abc.es\" rel=\"nofollow noopener\">presentadora de televisi\u00f3n<\/a> y directora de la Academia de las Artes Esc\u00e9nicas de Espa\u00f1a. Recientemente <strong>inici\u00f3 un proyecto de p\u00f3dcast<\/strong> en formato de entrevista &#8211; conversaci\u00f3n llamado &#8216;No te lo Cayes&#8217; en el que habla de <strong>salud mental y bienestar sexual<\/strong>. La \u00faltima entrega del programa fue con la divulgadora de ciencia Alba Moreno. En la que hablaron entre otras cosas de sus historias de vida, del abuso y c\u00f3mo aprender a vivir con ello.<\/p>\n<p class=\"voc-p\" style=\"\"><a href=\"https:\/\/www.abc.es\/gente\/amaia-montero-cayetana-guillen-cuervo-amistad-anos-20250427150000-nt.html\" target=\"_self\" data-voc-vtm-id=\"in-text-traffic\" title=\"La actriz\" data-mrf-link=\"www.abc.es\" rel=\"nofollow noopener\">La actriz<\/a> expuso el tema de manera muy natural cuando Alba le contaba sobre <strong>una experiencia similar<\/strong> que le ha afectado en todos los \u00e1mbitos de su vida, a lo que Cayetana coment\u00f3: \u00abCuando te pones a reflexionar y tienes esos apartados, casi todo lo que te pasa en la vida tiene que ver con eso&#8230; No lo hab\u00eda hablado nunca, pero hace poco, despu\u00e9s de un evento <strong>cont\u00e9 que a los seis a\u00f1os sufr\u00ed una violaci\u00f3n<\/strong>. Fue como la manada, ocho t\u00edos. Se quitaron un cintur\u00f3n que ten\u00edan y me hostiaron\u00bb.<\/p>\n<p class=\"voc-p\" style=\"\">Eventos como \u00e9ste impactan la vida para siempre, algo que la actriz confirm\u00f3 con sus palabras: \u00abTe hace sentir necesidad de aprobaci\u00f3n enfermiza, necesidad de afecto enfermiza y dependencias enfermizas&#8230; <strong>La psic\u00f3loga me dijo que yo lo hab\u00eda disociado<\/strong> y lo hab\u00eda apartado para poder vivir. Las cosas que son muy dolorosas tu mente las aparta porque si no, no puedes vivir. Yo solt\u00e9 eso. Se me coloc\u00f3 en alg\u00fan lugar del cuerpo, empec\u00e9 a atar cabos y <strong>todo en mi vida ha estado marcado por eso<\/strong>\u00bb. <\/p>\n<p class=\"voc-p\" style=\"\">La conversaci\u00f3n entre las dos mujeres result\u00f3 un aporte valioso para quienes atraviesan situaciones parecidas, porque como ellas mismas lo afirmaron, son la muestra de que se puede salir de las profundas aguas en las que se sumerge la mayor\u00eda cuando vive algo as\u00ed. <\/p>\n<p><img decoding=\"async\" loading=\"lazy\" src=\"https:\/\/www.europesays.com\/es\/wp-content\/uploads\/2025\/08\/programa-cayetana-U41615567058Qed-760x427@diario_abc.jpg\" class=\"voc-img\" width=\"760\" height=\"427\" alt=\"Cayetana Guill\u00e9n y Alba Moreno\" data-voc-vtm-id=\"in-text-traffic\"\/><\/p>\n<p>Cayetana Guill\u00e9n y Alba Moreno<\/p>\n<p>redes<\/p>\n<p class=\"voc-p\" style=\"\">Guill\u00e9n tambi\u00e9n agreg\u00f3: \u00abHe estado una temporada con un cabreo con la vida de decir todo esto me ha pasado por eso. Ten\u00eda tanta inseguridad con mi f\u00edsico, <strong>odiaba mi cuerpo, sent\u00eda que no le pod\u00eda gustar a nadie<\/strong> y me dediqu\u00e9 fue a estudiar y a trabajar para sentirme ocupada y \u00fatil\u00bb.<\/p>\n<p class=\"voc-p\" style=\"\">Sobre los espacios en los que se habla de estos temas, la hija de Gemma Cuervo acot\u00f3: \u00abA m\u00ed me gustar\u00eda que la gente entendiera que no somos bandera de nada, que no vamos a ir con una pancarta diciendo nada de esto, estamos aqu\u00ed entre dos personas que han decidido hablarlo, pero <strong>que no nos hagan hablarlo donde no queremos<\/strong>\u00bb. <\/p>\n<p class=\"voc-p\" style=\"\">Por \u00faltimo, Alba y Cayetana hicieron una importante reflexi\u00f3n: \u00abSe puede salir, hay soluci\u00f3n. T\u00fa no ser\u00edas quien eres, si no te hubiera pasado\u00bb.<\/p>\n<p>Reportar un error<\/p>\n","protected":false},"excerpt":{"rendered":"Cayetana Guill\u00e9n (56 a\u00f1os) ha construido su carrera profesional en torno a la actuaci\u00f3n, pero es tambi\u00e9n periodista,&hellip;\n","protected":false},"author":2,"featured_media":31930,"comment_status":"","ping_status":"","sticky":false,"template":"","format":"standard","meta":{"footnotes":""},"categories":[91],"tags":[11971,16629,2196,7510,146,147,25,24,16630,1388,9129,23,16631],"class_list":{"0":"post-31929","1":"post","2":"type-post","3":"status-publish","4":"format-standard","5":"has-post-thumbnail","7":"category-entretenimiento","8":"tag-agresion","9":"tag-cayetana","10":"tag-cuenta","11":"tag-detalles","12":"tag-entertainment","13":"tag-entretenimiento","14":"tag-es","15":"tag-espana","16":"tag-guillen","17":"tag-nina","18":"tag-sexual","19":"tag-spain","20":"tag-sufrio"},"share_on_mastodon":{"url":"","error":""},"_links":{"self":[{"href":"https:\/\/www.europesays.com\/es\/wp-json\/wp\/v2\/posts\/31929","targetHints":{"allow":["GET"]}}],"collection":[{"href":"https:\/\/www.europesays.com\/es\/wp-json\/wp\/v2\/posts"}],"about":[{"href":"https:\/\/www.europesays.com\/es\/wp-json\/wp\/v2\/types\/post"}],"author":[{"embeddable":true,"href":"https:\/\/www.europesays.com\/es\/wp-json\/wp\/v2\/users\/2"}],"replies":[{"embeddable":true,"href":"https:\/\/www.europesays.com\/es\/wp-json\/wp\/v2\/comments?post=31929"}],"version-history":[{"count":0,"href":"https:\/\/www.europesays.com\/es\/wp-json\/wp\/v2\/posts\/31929\/revisions"}],"wp:featuredmedia":[{"embeddable":true,"href":"https:\/\/www.europesays.com\/es\/wp-json\/wp\/v2\/media\/31930"}],"wp:attachment":[{"href":"https:\/\/www.europesays.com\/es\/wp-json\/wp\/v2\/media?parent=31929"}],"wp:term":[{"taxonomy":"category","embeddable":true,"href":"https:\/\/www.europesays.com\/es\/wp-json\/wp\/v2\/categories?post=31929"},{"taxonomy":"post_tag","embeddable":true,"href":"https:\/\/www.europesays.com\/es\/wp-json\/wp\/v2\/tags?post=31929"}],"curies":[{"name":"wp","href":"https:\/\/api.w.org\/{rel}","templated":true}]}}