{"id":319292,"date":"2026-01-02T15:18:08","date_gmt":"2026-01-02T15:18:08","guid":{"rendered":"https:\/\/www.europesays.com\/es\/319292\/"},"modified":"2026-01-02T15:18:08","modified_gmt":"2026-01-02T15:18:08","slug":"un-ciclista-entreno-escoltado-por-una-guacamaya-y-el-video-exploto-en-redes","status":"publish","type":"post","link":"https:\/\/www.europesays.com\/es\/319292\/","title":{"rendered":"un ciclista entren\u00f3 \u201cescoltado\u201d por una guacamaya y el video explot\u00f3 en redes"},"content":{"rendered":"<p>Diego Pescador cerr\u00f3 el 2025 con una postal inesperada: en plena ruta de entrenamiento por Calarc\u00e1, en el departamento colombiano del Quind\u00edo, <strong>una guacamaya se sum\u00f3 al recorrido y vol\u00f3 junto a su bicicleta<\/strong>, en un video que se viraliz\u00f3 en cuesti\u00f3n de horas.<\/p>\n<p>Las im\u00e1genes fueron captadas por un compa\u00f1ero que rodaba con \u00e9l a alta velocidad y muestra al ave \u201cpegada\u201d al ritmo de los pedalazos. Pescador, oriundo de Quimbaya y corredor del Movistar Team, comparti\u00f3 la llamativa escena en sus historias de Instagram.<\/p>\n<p>La secuencia dura menos de un minuto y deja escuchar la reacci\u00f3n del acompa\u00f1ante, entre risas y sorpresa: \u201c\u00a1Severa toma, papi!\u201d y \u201cquiere cacao\u201d, mientras la guacamaya azul y amarilla (Ara ararauna) se mantiene a la par del ciclista como si fuera un gregario.<\/p>\n<p>En los comentarios, adem\u00e1s del impacto por la escena, apareci\u00f3 un dato que termin\u00f3 de darle \u201cpersonaje\u201d a la historia:<strong> el ave se llama Lupe y, seg\u00fan usuarios que la conocen, es \u201cmuy social y juguetona\u201d, por lo que recomendaron precauci\u00f3n porque suele volar bajo sobre la carretera.<\/strong><\/p>\n<p>El episodio tambi\u00e9n dispar\u00f3 una comparaci\u00f3n inevitable para fan\u00e1ticos del ciclismo: varios recordaron a Michele Scarponi, el italiano ganador del Giro 2011, y a Frankie, el ave que se hab\u00eda vuelto parte de sus entrenamientos. Incluso el ex ciclista Alessandro Proni dej\u00f3 un mensaje alusivo, imaginando a Scarponi \u201capareciendo\u201d para augurarle una gran temporada a Pescador.<\/p>\n<p>Scarponi muri\u00f3 en 2017, a los 37 a\u00f1os, tras ser atropellado por una camioneta mientras entrenaba cerca de su casa, en Filottrano, Italia, un hecho que conmocion\u00f3 al pelot\u00f3n internacional.<\/p>\n","protected":false},"excerpt":{"rendered":"Diego Pescador cerr\u00f3 el 2025 con una postal inesperada: en plena ruta de entrenamiento por Calarc\u00e1, en el&hellip;\n","protected":false},"author":2,"featured_media":319293,"comment_status":"","ping_status":"","sticky":false,"template":"","format":"standard","meta":{"footnotes":""},"categories":[273],"tags":[313,1803,312,168,25,37915,24,23,167,1018],"class_list":{"0":"post-319292","1":"post","2":"type-post","3":"status-publish","4":"format-standard","5":"has-post-thumbnail","7":"category-ciclismo","8":"tag-ciclismo","9":"tag-colombia","10":"tag-cycling","11":"tag-deportes","12":"tag-es","13":"tag-es-viral","14":"tag-espana","15":"tag-spain","16":"tag-sports","17":"tag-videos"},"share_on_mastodon":{"url":"https:\/\/pubeurope.com\/@es\/115826176972619638","error":""},"_links":{"self":[{"href":"https:\/\/www.europesays.com\/es\/wp-json\/wp\/v2\/posts\/319292","targetHints":{"allow":["GET"]}}],"collection":[{"href":"https:\/\/www.europesays.com\/es\/wp-json\/wp\/v2\/posts"}],"about":[{"href":"https:\/\/www.europesays.com\/es\/wp-json\/wp\/v2\/types\/post"}],"author":[{"embeddable":true,"href":"https:\/\/www.europesays.com\/es\/wp-json\/wp\/v2\/users\/2"}],"replies":[{"embeddable":true,"href":"https:\/\/www.europesays.com\/es\/wp-json\/wp\/v2\/comments?post=319292"}],"version-history":[{"count":0,"href":"https:\/\/www.europesays.com\/es\/wp-json\/wp\/v2\/posts\/319292\/revisions"}],"wp:featuredmedia":[{"embeddable":true,"href":"https:\/\/www.europesays.com\/es\/wp-json\/wp\/v2\/media\/319293"}],"wp:attachment":[{"href":"https:\/\/www.europesays.com\/es\/wp-json\/wp\/v2\/media?parent=319292"}],"wp:term":[{"taxonomy":"category","embeddable":true,"href":"https:\/\/www.europesays.com\/es\/wp-json\/wp\/v2\/categories?post=319292"},{"taxonomy":"post_tag","embeddable":true,"href":"https:\/\/www.europesays.com\/es\/wp-json\/wp\/v2\/tags?post=319292"}],"curies":[{"name":"wp","href":"https:\/\/api.w.org\/{rel}","templated":true}]}}