{"id":319298,"date":"2026-01-02T15:22:10","date_gmt":"2026-01-02T15:22:10","guid":{"rendered":"https:\/\/www.europesays.com\/es\/319298\/"},"modified":"2026-01-02T15:22:10","modified_gmt":"2026-01-02T15:22:10","slug":"la-razon-por-la-que-millie-bobby-brown-se-perdio-el-reencuentro-final-con-sus-companeros-de-stranger-things","status":"publish","type":"post","link":"https:\/\/www.europesays.com\/es\/319298\/","title":{"rendered":"La raz\u00f3n por la que Millie Bobby Brown se perdi\u00f3 el reencuentro final con sus compa\u00f1eros de &#8216;Stranger Things&#8217;"},"content":{"rendered":"<p id=\"eig_RY_aswn\" data-wc=\"74\">La ficci\u00f3n Stranger Things, que combina terror, suspense y drama, ha llegado a su fin y, como es habitual en muchas producciones, los protagonistas se reunieron para ver el cap\u00edtulo final, y el reparto de esta serie no ha sido diferente. Los actores coincidieron para ver el desenlace en el <strong>Teatro Par\u00eds de Nueva York\u00a0<\/strong>el viernes 26 de diciembre, sin embargo, hubo <strong>una ausencia<\/strong> que no pas\u00f3 desapercibida: la de <a class=\"hm-link ho-link\" href=\"https:\/\/www.hola.com\/belleza\/20251229875080\/millie-bobby-brown-rumores-retoques-esteticos-lloraba-todos-los-dias\/\" data-mrf-recirculation=\"article-body-link\" rel=\"nofollow noopener\" target=\"_blank\">Millie Bobby Brown<\/a>.<\/p>\n<p> <img src=\"https:\/\/www.europesays.com\/es\/wp-content\/uploads\/2026\/01\/98959623cbf4-saveclipapp481886389184185542351146776312019339656792024n.jpg\"   width=\"819\" height=\"1024\" loading=\"lazy\" decoding=\"async\" alt=\"Millie Bobby Brown en Madrid\" fetchpriority=\"auto\" class=\"image ho-image\"\/>\u00a9 @milliebobbybrown<\/p>\n<p id=\"eLUtHmKjDL_\" data-wc=\"79\">La protagonista del film, que ha logrado mantenernos a todos enganchados desde su arranque hace diez a\u00f1os, no acudi\u00f3 con el resto de sus compa\u00f1eros \u2014Gaten Matarazzo, Finn Wolfhard, Charlie Heaton o Jamie Campbell Bower\u2014. La actriz, que se pone en la piel de Eleven, <strong>\u201ctodav\u00eda se encuentra en casa\u201d<\/strong> <strong>con el hombro\u00a0<\/strong><strong>dislocado<\/strong>, como afirma una fuente a la revista People. Sin embargo, tambi\u00e9n afirman que \u201cconsigui\u00f3 un enlace para verla al mismo tiempo\u201d junto a sus compa\u00f1eros.<\/p>\n<p> <img src=\"https:\/\/www.europesays.com\/es\/wp-content\/uploads\/2026\/01\/631887c9fdd5-growing-glowing-2025-is-the-year-to-be-unapologetically-ourselves-whos-with.jpg\"   width=\"1080\" height=\"1800\" loading=\"lazy\" decoding=\"async\" alt=\"Millie Bobby Brown con sus parches para granos\" fetchpriority=\"auto\" class=\"image ho-image\"\/>\u00a9 milliebobbybrown<\/p>\n<p id=\"eYe2ZnNFPgm\" data-wc=\"159\">No es de extra\u00f1ar este suceso de la estrella del s\u00e9ptimo arte si tenemos en cuenta que no es la primera ausencia que ha protagonizado por la lesi\u00f3n que sufri\u00f3. Recapitulemos: el d\u00eda 15 de diciembre de 2025 la actriz deber\u00eda haber aparecido junto a su compa\u00f1ero Noah Schnapp en Good Morning America para promocionar la serie. La artista, que no acudi\u00f3 a la entrevista, s\u00ed apareci\u00f3 en un v\u00eddeo en el que explicaba el motivo de su ausencia: \u201c<strong>Hola a todos en GMA, lamento mucho no haber podido estar all\u00ed con vosotros.\u00a0<\/strong><a class=\"hm-link ho-link\" href=\"https:\/\/www.hola.com\/actualidad\/20251219873898\/millie-bobby-brown-y-david-harbour-involucrados-en-un-asunto-de-acoso-alegan-distintos-motivos-para-su-ausencia-en-un-evento-de-stranger-things\/\" data-mrf-recirculation=\"article-body-link\" rel=\"nofollow noopener\" target=\"_blank\">Me ca\u00ed<\/a>\u201d, afirmaba mientras aparec\u00eda en pantalla con un cabestrillo en su brazo izquierdo. En esa misma entrevista, el actor Schnapp afirmaba estar muy nervioso por ver el \u00faltimo episodio de la producci\u00f3n. Adem\u00e1s, el int\u00e9rprete ten\u00eda alg\u00fan que otro plan, como \u201calquilar un teatro y verlo como elenco juntos\u201d, para disfrutar del final con todos sus compa\u00f1eros de reparto, tal y como explic\u00f3 a People.<\/p>\n<p> <img src=\"https:\/\/www.europesays.com\/es\/wp-content\/uploads\/2026\/01\/d0183ba87a47-thx-parishilton-for-the-lewk.jpg\"   width=\"1080\" height=\"1800\" loading=\"lazy\" decoding=\"async\" alt=\"Millie Bobby Brown corte de pelo\" fetchpriority=\"auto\" class=\"image ho-image\"\/>\u00a9 milliebobbybrown<\/p>\n<p id=\"eZirwz0s6SY\" data-wc=\"120\">Adem\u00e1s, tambi\u00e9n recordemos que su ausencia fue notable en otro evento realizado posteriormente en el Paley Center, donde tampoco acudi\u00f3 para promocionar la \u00faltima temporada de la serie \u2014<a class=\"hm-link ho-link\" href=\"https:\/\/www.hola.com\/actualidad\/20251107866239\/millie-bobby-brown-david-harbour-abrazos-denuncia-acoso\/\" data-mrf-recirculation=\"article-body-link\" rel=\"nofollow noopener\" target=\"_blank\">David Harbour<\/a> tampoco asisti\u00f3 a dicho evento\u2014, como afirmaba en su momento una fuente del Paley Center: \u201c<strong>Desafortunadamente, debido a una lesi\u00f3n reciente, Millie ya no puede asistir a la alfombra roja ni al debate\u201d<\/strong>. Sin duda alguna, la actriz de Netflix, que suma casi 70 millones de seguidores y se convirti\u00f3 en madre por primera vez junto a Jake Bongiovi a finales del verano del a\u00f1o pasado, ha sufrido una lesi\u00f3n que, por desgracia, la ha obligado a perderse varias alfombras rojas de la producci\u00f3n de Ross Duffer y Matt Duffer.<\/p>\n","protected":false},"excerpt":{"rendered":"La ficci\u00f3n Stranger Things, que combina terror, suspense y drama, ha llegado a su fin y, como es&hellip;\n","protected":false},"author":2,"featured_media":319299,"comment_status":"","ping_status":"","sticky":false,"template":"","format":"standard","meta":{"footnotes":""},"categories":[174],"tags":[517,255,146,147,25,24,256,26025,23,57225],"class_list":{"0":"post-319298","1":"post","2":"type-post","3":"status-publish","4":"format-standard","5":"has-post-thumbnail","7":"category-famosos","8":"tag-actualidad","9":"tag-celebrities","10":"tag-entertainment","11":"tag-entretenimiento","12":"tag-es","13":"tag-espana","14":"tag-famosos","15":"tag-millie-bobby-brown","16":"tag-spain","17":"tag-stranger-things"},"share_on_mastodon":{"url":"https:\/\/pubeurope.com\/@es\/115826193511051021","error":""},"_links":{"self":[{"href":"https:\/\/www.europesays.com\/es\/wp-json\/wp\/v2\/posts\/319298","targetHints":{"allow":["GET"]}}],"collection":[{"href":"https:\/\/www.europesays.com\/es\/wp-json\/wp\/v2\/posts"}],"about":[{"href":"https:\/\/www.europesays.com\/es\/wp-json\/wp\/v2\/types\/post"}],"author":[{"embeddable":true,"href":"https:\/\/www.europesays.com\/es\/wp-json\/wp\/v2\/users\/2"}],"replies":[{"embeddable":true,"href":"https:\/\/www.europesays.com\/es\/wp-json\/wp\/v2\/comments?post=319298"}],"version-history":[{"count":0,"href":"https:\/\/www.europesays.com\/es\/wp-json\/wp\/v2\/posts\/319298\/revisions"}],"wp:featuredmedia":[{"embeddable":true,"href":"https:\/\/www.europesays.com\/es\/wp-json\/wp\/v2\/media\/319299"}],"wp:attachment":[{"href":"https:\/\/www.europesays.com\/es\/wp-json\/wp\/v2\/media?parent=319298"}],"wp:term":[{"taxonomy":"category","embeddable":true,"href":"https:\/\/www.europesays.com\/es\/wp-json\/wp\/v2\/categories?post=319298"},{"taxonomy":"post_tag","embeddable":true,"href":"https:\/\/www.europesays.com\/es\/wp-json\/wp\/v2\/tags?post=319298"}],"curies":[{"name":"wp","href":"https:\/\/api.w.org\/{rel}","templated":true}]}}