{"id":319300,"date":"2026-01-02T15:23:19","date_gmt":"2026-01-02T15:23:19","guid":{"rendered":"https:\/\/www.europesays.com\/es\/319300\/"},"modified":"2026-01-02T15:23:19","modified_gmt":"2026-01-02T15:23:19","slug":"casa-aislada-en-tskneti-wunderwerk","status":"publish","type":"post","link":"https:\/\/www.europesays.com\/es\/319300\/","title":{"rendered":"Casa aislada en Tskneti \/ Wunderwerk"},"content":{"rendered":"<p><a class=\"js-image-size__link \" href=\"https:\/\/www.archdaily.cl\/cl\/1037441\/casa-aislada-en-tskneti-wunderwerk\/691efbfd4d20ca0001de5c3d-detached-house-in-tskneti-wunderwerk-photo\" rel=\"attachment nofollow noopener\" style=\"width: 100%; height: 100%;\" target=\"_blank\"><img decoding=\"async\" alt=\"Casa aislada en Tskneti  \/ Wunderwerk - Fotograf\u00eda exterior, Madera, Bosque\" data-nr-picture-id=\"691efbfd4d20ca0001de5c3d\" fetchpriority=\"high\" height=\"320\" itemprop=\"image\" loading=\"eager\" longdesc=\"https:\/\/www.archdaily.cl\/cl\/1037441\/casa-aislada-en-tskneti-wunderwerk\/691efbfd4d20ca0001de5c3d-detached-house-in-tskneti-wunderwerk-photo\" src=\"https:\/\/www.europesays.com\/es\/wp-content\/uploads\/2026\/01\/Perspective_View___Angus_Leadley_Brown.jpg\" style=\"min-height: var(--featured-height, auto); aspect-ratio: auto 640 \/ 320\" width=\"640\"\/><\/a>\u00a9 Angus Leadley Brown<\/p>\n<p class=\"thumbs afd-desktop-e clearfix\"><a class=\"thumbs__link\" data-nr-picture-id=\"691efbfa4d20ca0001de5c37\" href=\"https:\/\/www.archdaily.cl\/cl\/1037441\/casa-aislada-en-tskneti-wunderwerk\/691efbfa4d20ca0001de5c37-detached-house-in-tskneti-wunderwerk-photo\" rel=\"attachment nofollow noopener\" target=\"_blank\"><img loading=\"lazy\" decoding=\"async\" alt=\"Casa aislada en Tskneti  \/ Wunderwerk - Fotograf\u00eda exterior\" class=\"thumbs__img b-lazy\" data-nr-picture-id=\"691efbfa4d20ca0001de5c37\" data-pin-nopin=\"true\" src=\"https:\/\/www.europesays.com\/es\/wp-content\/uploads\/2026\/01\/Front_Facade___Angus_Leadley_Brown.jpg\" height=\"125\" longdesc=\"https:\/\/www.archdaily.cl\/cl\/1037441\/casa-aislada-en-tskneti-wunderwerk\/691efbfa4d20ca0001de5c37-detached-house-in-tskneti-wunderwerk-photo\" title=\"\u00a9 Angus Leadley Brown\" width=\"125\"\/><\/a><a class=\"thumbs__link\" data-nr-picture-id=\"691efbfa4d20ca0001de5c34\" href=\"https:\/\/www.archdaily.cl\/cl\/1037441\/casa-aislada-en-tskneti-wunderwerk\/691efbfa4d20ca0001de5c34-detached-house-in-tskneti-wunderwerk-photo\" rel=\"attachment nofollow noopener\" target=\"_blank\"><img loading=\"lazy\" decoding=\"async\" alt=\"Casa aislada en Tskneti  \/ Wunderwerk - Fotograf\u00eda interior, Cocina, Madera, Fijaci\u00f3n Vigas\" class=\"thumbs__img b-lazy\" data-nr-picture-id=\"691efbfa4d20ca0001de5c34\" data-pin-nopin=\"true\" src=\"https:\/\/www.europesays.com\/es\/wp-content\/uploads\/2026\/01\/Living_Room___Angus_Leadley_Brown.jpg\" height=\"125\" longdesc=\"https:\/\/www.archdaily.cl\/cl\/1037441\/casa-aislada-en-tskneti-wunderwerk\/691efbfa4d20ca0001de5c34-detached-house-in-tskneti-wunderwerk-photo\" title=\"\u00a9 Angus Leadley Brown\" width=\"125\"\/><\/a><a class=\"thumbs__link\" data-nr-picture-id=\"691efbfb4d20ca0001de5c39\" href=\"https:\/\/www.archdaily.cl\/cl\/1037441\/casa-aislada-en-tskneti-wunderwerk\/691efbfb4d20ca0001de5c39-detached-house-in-tskneti-wunderwerk-photo\" rel=\"attachment nofollow noopener\" target=\"_blank\"><img loading=\"lazy\" decoding=\"async\" alt=\"Casa aislada en Tskneti  \/ Wunderwerk - Fotograf\u00eda interior, Sala de estar, Sillas\" class=\"thumbs__img b-lazy\" data-nr-picture-id=\"691efbfb4d20ca0001de5c39\" data-pin-nopin=\"true\" src=\"https:\/\/www.europesays.com\/es\/wp-content\/uploads\/2026\/01\/Living_Room____Angus_Leadley_Brown.jpg\" height=\"125\" longdesc=\"https:\/\/www.archdaily.cl\/cl\/1037441\/casa-aislada-en-tskneti-wunderwerk\/691efbfb4d20ca0001de5c39-detached-house-in-tskneti-wunderwerk-photo\" title=\"\u00a9 Angus Leadley Brown\" width=\"125\"\/><\/a><a class=\"thumbs__link\" data-nr-picture-id=\"691efbfd4d20ca0001de5c43\" href=\"https:\/\/www.archdaily.cl\/cl\/1037441\/casa-aislada-en-tskneti-wunderwerk\/691efbfd4d20ca0001de5c43-detached-house-in-tskneti-wunderwerk-photo\" rel=\"attachment nofollow noopener\" target=\"_blank\"><img loading=\"lazy\" decoding=\"async\" alt=\"Casa aislada en Tskneti  \/ Wunderwerk - Fotograf\u00eda interior\" class=\"thumbs__img b-lazy\" data-nr-picture-id=\"691efbfd4d20ca0001de5c43\" data-pin-nopin=\"true\" src=\"https:\/\/www.europesays.com\/es\/wp-content\/uploads\/2026\/01\/Terrace___Angus_Leadley_Brown3.jpg\" height=\"125\" longdesc=\"https:\/\/www.archdaily.cl\/cl\/1037441\/casa-aislada-en-tskneti-wunderwerk\/691efbfd4d20ca0001de5c43-detached-house-in-tskneti-wunderwerk-photo\" title=\"\u00a9 Angus Leadley Brown\" width=\"125\"\/><\/a><a class=\"gallery-link afd-desktop-e\" href=\"https:\/\/www.archdaily.cl\/cl\/1037441\/casa-aislada-en-tskneti-wunderwerk\/691efbfd4d20ca0001de5c3d-detached-house-in-tskneti-wunderwerk-photo\" rel=\"nofollow noopener\" target=\"_blank\"><img decoding=\"async\" alt=\"Casa aislada en Tskneti  \/ Wunderwerk - M\u00e1s Im\u00e1genes\" class=\"thumbs__img b-lazy\" src=\"https:\/\/www.europesays.com\/es\/wp-content\/uploads\/2026\/01\/Perspective_View___Angus_Leadley_Brown.jpg\" itemprop=\"image\" bad-src=\"data:image\/gif;base64,R0lGODlhAQABAIAAAAUEBAAAACwAAAAAAQABAAACAkQBADs=\"\/>+ 22<\/a><\/p>\n<p>    Compartir<\/p>\n<p>Compartir<\/p>\n<ul class=\"afd-share__networks clearfix\">\n<li class=\"afd-share__social\"><a aria-label=\"Facebook\" class=\"afd-share__button\" data-insights-category=\"share\" data-insights-label=\"facebook_sharing_options\" data-insights-value=\"1037441\" data-social=\"facebook\" href=\"https:\/\/www.facebook.com\/sharer\/sharer.php?u=https:\/\/www.archdaily.cl\/cl\/1037441\/casa-aislada-en-tskneti-wunderwerk\" rel=\"nofollow noopener\" target=\"_blank\"><\/a>\n<p>Facebook<\/p>\n<\/li>\n<li class=\"afd-share__social\"><a aria-label=\"Twitter\" class=\"afd-share__button\" data-insights-category=\"share\" data-insights-label=\"twitter_sharing_options\" data-insights-value=\"1037441\" data-social=\"twitter\" href=\"https:\/\/twitter.com\/intent\/tweet?text=Casa%20aislada%20en%20Tskneti%20%20%2F%20Wunderwerk&amp;url=https:\/\/www.archdaily.cl\/cl\/1037441\/casa-aislada-en-tskneti-wunderwerk&amp;via=parq\" rel=\"nofollow noopener\" target=\"_blank\"><\/a>\n<p>Twitter<\/p>\n<\/li>\n<li class=\"afd-share__social\"><a class=\"afd-share__button\" data-insights-category=\"share\" data-insights-label=\"email_sharing_options\" data-insights-value=\"1037441\" data-social=\"email\" href=\"mailto:?subject=Casa aislada en Tskneti  \/ Wunderwerk&amp;body=https:\/\/www.archdaily.cl\/cl\/1037441\/casa-aislada-en-tskneti-wunderwerk\"><\/a>\n<p>Mail<\/p>\n<\/li>\n<li class=\"afd-share__social\"><a aria-label=\"Pinterest\" class=\"afd-share__button\" data-insights-category=\"share\" data-insights-label=\"pinterest_sharing_options\" data-insights-value=\"1037441\" data-social=\"pinterest\" href=\"https:\/\/pinterest.com\/pin\/create\/button\/?url=https%3A%2F%2Fwww.archdaily.cl%2Fcl%2F1037441%2Fcasa-aislada-en-tskneti-wunderwerk&amp;media=https%3A%2F%2Fimages.adsttc.com%2Fmedia%2Fimages%2F691e%2Ffbfd%2F4d20%2Fca00%2F01de%2F5c3d%2Flarge_jpg%2FPerspective_View___Angus_Leadley_Brown.jpg%3F1763638328&amp;description=Casa%20aislada%20en%20Tskneti%20%20%2F%20Wunderwerk\" rel=\"nofollow noopener\" target=\"_blank\"><\/a>\n<p>Pinterest<\/p>\n<\/li>\n<li class=\"afd-share__social\"><a aria-label=\"Whatsapp\" class=\"afd-share__button\" data-action=\"share\/whatsapp\/share\" data-insights-category=\"share\" data-insights-label=\"whatsapp_sharing_options\" data-insights-value=\"1037441\" data-social=\"whatsapp\" href=\"whatsapp:\/\/send?text=Casa+aislada+en+Tskneti++%2F+Wunderwerk+%7C+https%3A%2F%2Fwww.archdaily.cl%2Fcl%2F1037441%2Fcasa-aislada-en-tskneti-wunderwerk%3Futm_source%3DWhatsapp%26utm_medium%3DIM%26utm_campaign%3Dshare-button\" rel=\"nofollow\"><\/a>\n<p>Whatsapp<\/p>\n<\/li>\n<\/ul>\n<p>O<\/p>\n<p>https:\/\/www.archdaily.cl\/cl\/1037441\/casa-aislada-en-tskneti-wunderwerk<\/p>\n<p>  Portapapeles<\/p>\n<p>              \u00abCOPY\u00bb<\/p>\n<p>Copiar<br \/>\n<a class=\"js-image-size__link lazy-anchor\" href=\"https:\/\/www.archdaily.cl\/cl\/1037441\/casa-aislada-en-tskneti-wunderwerk\/691efbfd4d20ca0001de5c3e-detached-house-in-tskneti-wunderwerk-photo\" rel=\"nofollow noopener\" target=\"_blank\"><img decoding=\"async\" alt=\"Casa aislada en Tskneti  \/ Wunderwerk - Fotograf\u00eda exterior, Bosque\" data-nr-picture-id=\"691efbfd4d20ca0001de5c3e\" height=\"427\" itemprop=\"image\" loading=\"lazy\" longdesc=\"https:\/\/www.archdaily.cl\/cl\/1037441\/casa-aislada-en-tskneti-wunderwerk\/691efbfd4d20ca0001de5c3e-detached-house-in-tskneti-wunderwerk-photo\" src=\"https:\/\/www.europesays.com\/es\/wp-content\/uploads\/2026\/01\/Perspective_View_2___Angus_Leadley_Brown.jpg\" width=\"640\"\/>\u00a9 Angus Leadley Brown<\/a><a class=\"js-image-size__link lazy-anchor\" href=\"https:\/\/www.archdaily.cl\/cl\/1037441\/casa-aislada-en-tskneti-wunderwerk\/691efbfd4d20ca0001de5c41-detached-house-in-tskneti-wunderwerk-photo\" rel=\"nofollow noopener\" target=\"_blank\"><img decoding=\"async\" alt=\"Casa aislada en Tskneti  \/ Wunderwerk - Fotograf\u00eda exterior, Madera, Concreto\" data-nr-picture-id=\"691efbfd4d20ca0001de5c41\" height=\"427\" itemprop=\"image\" loading=\"lazy\" longdesc=\"https:\/\/www.archdaily.cl\/cl\/1037441\/casa-aislada-en-tskneti-wunderwerk\/691efbfd4d20ca0001de5c41-detached-house-in-tskneti-wunderwerk-photo\" src=\"https:\/\/www.europesays.com\/es\/wp-content\/uploads\/2026\/01\/Perspective_View_6___Angus_Leadley_Brown.jpg\" width=\"640\"\/>\u00a9 Angus Leadley Brown<\/a><\/p>\n<p>Descripci\u00f3n enviada por el equipo del proyecto. Durante siglos, la cadena monta\u00f1osa que rodea Tiflis ha actuado como filtro natural y refugio de la ciudad. Entre estas elevaciones destaca Tskneti, situada en la ladera oriental de la cordillera de Trialeti, donde la densa trama urbana se disuelve en bosques de robles y pinos. Hist\u00f3ricamente percibido como un lugar de escape, Tskneti ofrec\u00eda una alternativa al ruido de Tiflis, un entorno en el que la arquitectura mediaba la coexistencia con la naturaleza.<\/p>\n<p><a class=\"js-image-size__link lazy-anchor\" href=\"https:\/\/www.archdaily.cl\/cl\/1037441\/casa-aislada-en-tskneti-wunderwerk\/691efbfa4d20ca0001de5c37-detached-house-in-tskneti-wunderwerk-photo\" rel=\"nofollow noopener\" target=\"_blank\"><img decoding=\"async\" alt=\"Casa aislada en Tskneti  \/ Wunderwerk - Fotograf\u00eda exterior\" data-nr-picture-id=\"691efbfa4d20ca0001de5c37\" height=\"427\" itemprop=\"image\" loading=\"lazy\" longdesc=\"https:\/\/www.archdaily.cl\/cl\/1037441\/casa-aislada-en-tskneti-wunderwerk\/691efbfa4d20ca0001de5c37-detached-house-in-tskneti-wunderwerk-photo\" src=\"https:\/\/www.europesays.com\/es\/wp-content\/uploads\/2026\/01\/1767367395_986_Front_Facade___Angus_Leadley_Brown.jpg\" width=\"640\"\/>\u00a9 Angus Leadley Brown<\/a><\/p>\n<p>Durante la era sovi\u00e9tica, Tskneti se convirti\u00f3 en un centro tur\u00edstico suburbano conformado por sanatorios planificados por el Estado y un bosque plantado artificialmente. Sin embargo, con el tiempo, las dachas privadas formaron un mundo social cerrado, reservado a los funcionarios del partido y a la intelectualidad. El resto de la sociedad segu\u00eda excluida de estas comodidades: el privilegio deb\u00eda estar presente, pero oculto.<\/p>\n<p><a class=\"js-image-size__link lazy-anchor\" href=\"https:\/\/www.archdaily.cl\/cl\/1037441\/casa-aislada-en-tskneti-wunderwerk\/691efbfe4d20ca0001de5c4d-detached-house-in-tskneti-wunderwerk-axonometry\" rel=\"nofollow noopener\" target=\"_blank\"><img decoding=\"async\" alt=\"Casa aislada en Tskneti  \/ Wunderwerk - Imagen 19 de 27\" data-nr-picture-id=\"691efbfe4d20ca0001de5c4d\" height=\"427\" itemprop=\"image\" loading=\"lazy\" longdesc=\"https:\/\/www.archdaily.cl\/cl\/1037441\/casa-aislada-en-tskneti-wunderwerk\/691efbfe4d20ca0001de5c4d-detached-house-in-tskneti-wunderwerk-axonometry\" src=\"https:\/\/www.europesays.com\/es\/wp-content\/uploads\/2026\/01\/9_Axonometry.jpg\" width=\"640\"\/>Axonometr\u00eda<\/a><\/p>\n<p>La d\u00e9cada de 1990 trastoc\u00f3 esta jerarqu\u00eda. A medida que las estructuras estatales se desmoronaban, las villas abandonadas eran ocupadas por familias desplazadas internamente, mientras que una nueva \u00e9lite surg\u00eda tras muros de hormig\u00f3n de cuatro metros de altura. Este cambio produjo dos formas paralelas de aislamiento: los residentes temporales desmantelaron viejas cercas de madera para le\u00f1a, mientras que los ricos fortificaron sus terrenos con barreras s\u00f3lidas. Los muros dejaron de ser elementos arquitect\u00f3nicos; se convirtieron en fronteras sociales, redefiniendo el paisaje y disolviendo el espacio comunitario. A lo largo de las d\u00e9cadas, la cultura del aislamiento se convirti\u00f3 en un instinto heredado, moldeando tanto la percepci\u00f3n como los h\u00e1bitos de construcci\u00f3n.<\/p>\n<p><a class=\"js-image-size__link lazy-anchor\" href=\"https:\/\/www.archdaily.cl\/cl\/1037441\/casa-aislada-en-tskneti-wunderwerk\/691efbfa4d20ca0001de5c34-detached-house-in-tskneti-wunderwerk-photo\" rel=\"nofollow noopener\" target=\"_blank\"><img decoding=\"async\" alt=\"Casa aislada en Tskneti  \/ Wunderwerk - Fotograf\u00eda interior, Cocina, Madera, Fijaci\u00f3n Vigas\" data-nr-picture-id=\"691efbfa4d20ca0001de5c34\" height=\"427\" itemprop=\"image\" loading=\"lazy\" longdesc=\"https:\/\/www.archdaily.cl\/cl\/1037441\/casa-aislada-en-tskneti-wunderwerk\/691efbfa4d20ca0001de5c34-detached-house-in-tskneti-wunderwerk-photo\" src=\"https:\/\/www.europesays.com\/es\/wp-content\/uploads\/2026\/01\/1767367396_316_Living_Room___Angus_Leadley_Brown.jpg\" width=\"640\"\/>\u00a9 Angus Leadley Brown<\/a><a class=\"js-image-size__link lazy-anchor\" href=\"https:\/\/www.archdaily.cl\/cl\/1037441\/casa-aislada-en-tskneti-wunderwerk\/691efbfa4d20ca0001de5c38-detached-house-in-tskneti-wunderwerk-photo\" rel=\"nofollow noopener\" target=\"_blank\"><img decoding=\"async\" alt=\"Casa aislada en Tskneti  \/ Wunderwerk - Fotograf\u00eda interior, Cocina, Madera, Encimera, Sillas\" data-nr-picture-id=\"691efbfa4d20ca0001de5c38\" height=\"427\" itemprop=\"image\" loading=\"lazy\" longdesc=\"https:\/\/www.archdaily.cl\/cl\/1037441\/casa-aislada-en-tskneti-wunderwerk\/691efbfa4d20ca0001de5c38-detached-house-in-tskneti-wunderwerk-photo\" src=\"https:\/\/www.europesays.com\/es\/wp-content\/uploads\/2026\/01\/Kitchen___Angus_Leadley_Brown.jpg\" width=\"640\"\/>\u00a9 Angus Leadley Brown<\/a><\/p>\n<p>Hoy en d\u00eda, el municipio est\u00e1 empezando a regular poco a poco este fen\u00f3meno, imponiendo l\u00edmites a los cercos altos y opacos en un intento por recuperar la apertura que alguna vez caracteriz\u00f3 a la regi\u00f3n. La casa que aqu\u00ed se presenta surge como respuesta a esta larga tradici\u00f3n de retraimiento y separaci\u00f3n, proponiendo una \u00e9tica arquitect\u00f3nica alternativa en Tskneti: vivir sin muros.<\/p>\n<p><a class=\"js-image-size__link lazy-anchor\" href=\"https:\/\/www.archdaily.cl\/cl\/1037441\/casa-aislada-en-tskneti-wunderwerk\/691efbfe4d20ca0001de5c46-detached-house-in-tskneti-wunderwerk-ground-floor-plan\" rel=\"nofollow noopener\" target=\"_blank\"><img decoding=\"async\" alt=\"Casa aislada en Tskneti  \/ Wunderwerk - Imagen 22 de 27\" data-nr-picture-id=\"691efbfe4d20ca0001de5c46\" height=\"427\" itemprop=\"image\" loading=\"lazy\" longdesc=\"https:\/\/www.archdaily.cl\/cl\/1037441\/casa-aislada-en-tskneti-wunderwerk\/691efbfe4d20ca0001de5c46-detached-house-in-tskneti-wunderwerk-ground-floor-plan\" src=\"https:\/\/www.europesays.com\/es\/wp-content\/uploads\/2026\/01\/2_Plan_01.jpg\" width=\"640\"\/>Plan &#8211; Terreno<\/a><\/p>\n<p>Situado en el extremo sureste del asentamiento, el terreno limita con un desfiladero natural que forma parte del sistema ecol\u00f3gico de ventilaci\u00f3n tanto de Tskneti como de Tiflis. Aunque rodeado de bosque, la topograf\u00eda accidentada siempre ha desalentado la ocupaci\u00f3n del lugar. El proyecto parti\u00f3 de una pregunta sencilla: \u00bfc\u00f3mo puede la arquitectura ocupar el sitio sin da\u00f1arlo, permitiendo que el paisaje siga siendo un agente activo? La estrategia adoptada es la del contacto m\u00ednimo. La casa se apoya ligeramente sobre la ladera, en un claro natural, sostenida por esbeltos pilares de hormig\u00f3n anclados en la roca. Estos pilares sostienen un volumen monol\u00edtico de hormig\u00f3n que alberga los espacios privados. Debajo de \u00e9l, una estructura met\u00e1lica suspendida configura la plataforma de la planta baja, donde se encuentra la zona social abierta, definida por una fachada totalmente acristalada que se disuelve en el bosque.<\/p>\n<p><a class=\"js-image-size__link lazy-anchor\" href=\"https:\/\/www.archdaily.cl\/cl\/1037441\/casa-aislada-en-tskneti-wunderwerk\/691efbfb4d20ca0001de5c39-detached-house-in-tskneti-wunderwerk-photo\" rel=\"nofollow noopener\" target=\"_blank\"><img decoding=\"async\" alt=\"Casa aislada en Tskneti  \/ Wunderwerk - Fotograf\u00eda interior, Sala de estar, Sillas\" data-nr-picture-id=\"691efbfb4d20ca0001de5c39\" height=\"427\" itemprop=\"image\" loading=\"lazy\" longdesc=\"https:\/\/www.archdaily.cl\/cl\/1037441\/casa-aislada-en-tskneti-wunderwerk\/691efbfb4d20ca0001de5c39-detached-house-in-tskneti-wunderwerk-photo\" src=\"https:\/\/www.europesays.com\/es\/wp-content\/uploads\/2026\/01\/1767367397_481_Living_Room____Angus_Leadley_Brown.jpg\" width=\"640\"\/>\u00a9 Angus Leadley Brown<\/a><a class=\"js-image-size__link lazy-anchor\" href=\"https:\/\/www.archdaily.cl\/cl\/1037441\/casa-aislada-en-tskneti-wunderwerk\/691efbfc4d20ca0001de5c3c-detached-house-in-tskneti-wunderwerk-photo\" rel=\"nofollow noopener\" target=\"_blank\"><img decoding=\"async\" alt=\"Casa aislada en Tskneti  \/ Wunderwerk - Fotograf\u00eda interior, Madera\" data-nr-picture-id=\"691efbfc4d20ca0001de5c3c\" height=\"427\" itemprop=\"image\" loading=\"lazy\" longdesc=\"https:\/\/www.archdaily.cl\/cl\/1037441\/casa-aislada-en-tskneti-wunderwerk\/691efbfc4d20ca0001de5c3c-detached-house-in-tskneti-wunderwerk-photo\" src=\"https:\/\/www.europesays.com\/es\/wp-content\/uploads\/2026\/01\/Lounge_Room___Angus_Leadley_Brown.jpg\" width=\"640\"\/>\u00a9 Angus Leadley Brown<\/a><\/p>\n<p>El dise\u00f1o paisaj\u00edstico, firmado por Studio Ruderal, extiende la vegetaci\u00f3n existente directamente hacia el interior del terreno, utilizando especies aut\u00f3ctonas para recrear la continuidad del bosque y eliminar la necesidad de muros de cierre. Una amplia terraza act\u00faa como mediadora entre el interior y el exterior, mientras que una fachada angular deslizante difumina a\u00fan m\u00e1s esta frontera.<\/p>\n<p><a class=\"js-image-size__link lazy-anchor\" href=\"https:\/\/www.archdaily.cl\/cl\/1037441\/casa-aislada-en-tskneti-wunderwerk\/691efbfe4d20ca0001de5c47-detached-house-in-tskneti-wunderwerk-1st-floor-plan\" rel=\"nofollow noopener\" target=\"_blank\"><img decoding=\"async\" alt=\"Casa aislada en Tskneti  \/ Wunderwerk - Imagen 23 de 27\" data-nr-picture-id=\"691efbfe4d20ca0001de5c47\" height=\"427\" itemprop=\"image\" loading=\"lazy\" longdesc=\"https:\/\/www.archdaily.cl\/cl\/1037441\/casa-aislada-en-tskneti-wunderwerk\/691efbfe4d20ca0001de5c47-detached-house-in-tskneti-wunderwerk-1st-floor-plan\" src=\"https:\/\/www.europesays.com\/es\/wp-content\/uploads\/2026\/01\/3_Plan_02.jpg\" width=\"640\"\/>Planta &#8211; 1er nivel<\/a><\/p>\n<p>En la planta superior, cada ventana est\u00e1 cuidadosamente enmarcada para capturar el paisaje forestal; en el exterior, las persianas de madera articuladas y el hormig\u00f3n moldeado con encofrados de madera en bruto convergen, con el tiempo, en una textura unificada. En el interior, los detalles retoman este lenguaje mediante elementos de madera similares a persianas, que ocultan los componentes funcionales.<\/p>\n<p><a class=\"js-image-size__link lazy-anchor\" href=\"https:\/\/www.archdaily.cl\/cl\/1037441\/casa-aislada-en-tskneti-wunderwerk\/691efbfd4d20ca0001de5c43-detached-house-in-tskneti-wunderwerk-photo\" rel=\"nofollow noopener\" target=\"_blank\"><img decoding=\"async\" alt=\"Casa aislada en Tskneti  \/ Wunderwerk - Fotograf\u00eda interior\" data-nr-picture-id=\"691efbfd4d20ca0001de5c43\" height=\"427\" itemprop=\"image\" loading=\"lazy\" longdesc=\"https:\/\/www.archdaily.cl\/cl\/1037441\/casa-aislada-en-tskneti-wunderwerk\/691efbfd4d20ca0001de5c43-detached-house-in-tskneti-wunderwerk-photo\" src=\"https:\/\/www.europesays.com\/es\/wp-content\/uploads\/2026\/01\/1767367398_318_Terrace___Angus_Leadley_Brown3.jpg\" width=\"640\"\/>\u00a9 Angus Leadley Brown<\/a><\/p>\n<p>La casa se presenta, as\u00ed, como una reinterpretaci\u00f3n del \u00abmuro de Tskneti\u00bb, ya no como una barrera del miedo, sino como un volumen suspendido y texturizado, asociado a una planta baja abierta y permeable. Su arquitectura busca restablecer la proximidad inmediata entre las personas y el lugar, invitando a la luz, al aire y al bosque a volver a la vida cotidiana.<\/p>\n<p><a class=\"js-image-size__link lazy-anchor\" href=\"https:\/\/www.archdaily.cl\/cl\/1037441\/casa-aislada-en-tskneti-wunderwerk\/691efbfd4d20ca0001de5c3f-detached-house-in-tskneti-wunderwerk-photo\" rel=\"nofollow noopener\" target=\"_blank\"><img decoding=\"async\" alt=\"Casa aislada en Tskneti  \/ Wunderwerk - Fotograf\u00eda exterior, Concreto\" data-nr-picture-id=\"691efbfd4d20ca0001de5c3f\" height=\"427\" itemprop=\"image\" loading=\"lazy\" longdesc=\"https:\/\/www.archdaily.cl\/cl\/1037441\/casa-aislada-en-tskneti-wunderwerk\/691efbfd4d20ca0001de5c3f-detached-house-in-tskneti-wunderwerk-photo\" src=\"https:\/\/www.europesays.com\/es\/wp-content\/uploads\/2026\/01\/Perspective_View_4___Angus_Leadley_Brown.jpg\" width=\"640\"\/>\u00a9 Angus Leadley Brown<\/a><script async src=\"https:\/\/platform.twitter.com\/widgets.js\" charset=\"utf-8\"><\/script><\/p>\n","protected":false},"excerpt":{"rendered":"\u00a9 Angus Leadley Brown + 22 Compartir Compartir Facebook Twitter Mail Pinterest Whatsapp O https:\/\/www.archdaily.cl\/cl\/1037441\/casa-aislada-en-tskneti-wunderwerk Portapapeles \u00abCOPY\u00bb Copiar&hellip;\n","protected":false},"author":2,"featured_media":319301,"comment_status":"","ping_status":"","sticky":false,"template":"","format":"standard","meta":{"footnotes":""},"categories":[173],"tags":[801,802,229,233,231,230,3738,232,234,146,147,25,24,23,64825],"class_list":{"0":"post-319300","1":"post","2":"type-post","3":"status-publish","4":"format-standard","5":"has-post-thumbnail","7":"category-arte-y-diseno","8":"tag-arquitectura","9":"tag-arquitectura-residencial","10":"tag-arte","11":"tag-arte-y-diseno","12":"tag-arts","13":"tag-arts-and-design","14":"tag-casas","15":"tag-design","16":"tag-diseno","17":"tag-entertainment","18":"tag-entretenimiento","19":"tag-es","20":"tag-espana","21":"tag-spain","22":"tag-tbilisi"},"share_on_mastodon":{"url":"https:\/\/pubeurope.com\/@es\/115826197028028833","error":""},"_links":{"self":[{"href":"https:\/\/www.europesays.com\/es\/wp-json\/wp\/v2\/posts\/319300","targetHints":{"allow":["GET"]}}],"collection":[{"href":"https:\/\/www.europesays.com\/es\/wp-json\/wp\/v2\/posts"}],"about":[{"href":"https:\/\/www.europesays.com\/es\/wp-json\/wp\/v2\/types\/post"}],"author":[{"embeddable":true,"href":"https:\/\/www.europesays.com\/es\/wp-json\/wp\/v2\/users\/2"}],"replies":[{"embeddable":true,"href":"https:\/\/www.europesays.com\/es\/wp-json\/wp\/v2\/comments?post=319300"}],"version-history":[{"count":0,"href":"https:\/\/www.europesays.com\/es\/wp-json\/wp\/v2\/posts\/319300\/revisions"}],"wp:featuredmedia":[{"embeddable":true,"href":"https:\/\/www.europesays.com\/es\/wp-json\/wp\/v2\/media\/319301"}],"wp:attachment":[{"href":"https:\/\/www.europesays.com\/es\/wp-json\/wp\/v2\/media?parent=319300"}],"wp:term":[{"taxonomy":"category","embeddable":true,"href":"https:\/\/www.europesays.com\/es\/wp-json\/wp\/v2\/categories?post=319300"},{"taxonomy":"post_tag","embeddable":true,"href":"https:\/\/www.europesays.com\/es\/wp-json\/wp\/v2\/tags?post=319300"}],"curies":[{"name":"wp","href":"https:\/\/api.w.org\/{rel}","templated":true}]}}