{"id":319317,"date":"2026-01-02T15:34:08","date_gmt":"2026-01-02T15:34:08","guid":{"rendered":"https:\/\/www.europesays.com\/es\/319317\/"},"modified":"2026-01-02T15:34:08","modified_gmt":"2026-01-02T15:34:08","slug":"los-reyes-magos-de-oriente-llegaran-a-torrevieja-el-proximo-lunes-5-de-enero","status":"publish","type":"post","link":"https:\/\/www.europesays.com\/es\/319317\/","title":{"rendered":"Los Reyes Magos de Oriente llegar\u00e1n a Torrevieja el pr\u00f3ximo lunes, 5 de enero"},"content":{"rendered":"<p class=\"MsoBodyText text-align-justify\" style=\"margin-right: 21px;\">El Ayuntamiento de Torrevieja est\u00e1 ultimando los detalles para el recibimiento que ofrecer\u00e1 la ciudad como cada a\u00f1o a Sus Majestades los Reyes Magos de Oriente, ayudando as\u00ed a que puedan cumplir con su misi\u00f3n de repartir todo tipo de regalos, especialmente entre los m\u00e1s peque\u00f1os. La concejal de Fiestas, Rosario Mart\u00ednez, informa de que ya han comenzado los preparativos para recibir la visita de los Reyes tanto en Torrevieja como en La Mata.<\/p>\n<p class=\"text-align-justify\">Los pajes y carteros reales estar\u00e1n en Torrevieja a partir de ma\u00f1ana s\u00e1bado, 3 de enero, hasta el 4 de enero, en el Centro Cultural Virgen del Carmen. Desde las 16:30 hasta las 19:30 horas, para recoger las cartas de todos los ni\u00f1os y ni\u00f1as. Tambi\u00e9n, el 4 de enero estar\u00e1n en La Mata, en la puerta de la Parroquia Nuestra Se\u00f1ora del Rosario (Plaza Encarnaci\u00f3n Puchol), de 16:30 horas hasta las 18:30 horas.<\/p>\n<p class=\"text-align-justify\">El Cortejo Real que acompa\u00f1a a los Reyes Magos de Oriente llegar\u00e1 en barco a las inmediaciones en la zona exterior del Real Club N\u00e1utico de Torrevieja. Est\u00e1 previsto que atraquen a las 17:00 horas, donde ser\u00e1n recibidos por el alcalde de Torrevieja, Eduardo Dol\u00f3n, y la edil de Fiestas, Rosario Mart\u00ednez.<\/p>\n<p class=\"text-align-justify\">La esperada Cabalgata de Reyes comenzar\u00e1 en el Paseo Vista Alegre a la altura del Casino de Torrevieja. Desde all\u00ed, los Reyes Magos subir\u00e1n a sus carrozas e iniciar\u00e1n de esta forma su desfile por las calles de la ciudad. El mismo contar\u00e1 con un s\u00e9quito cercano a las 400 personas y cuatro carrozas, las tres destinadas a los Reyes Magos, y una para la Estrella de la Ilusi\u00f3n acompa\u00f1ada por un ballet de estrellas iluminadas.<\/p>\n<p class=\"text-align-justify\">La cabalgata recorrer\u00e1 el Paseo Vista Alegre, para adentrarse despu\u00e9s en la calle Clemente Gos\u00e1lvez y de all\u00ed a la calle Ram\u00f3n Gallud, as\u00ed llegar\u00e1n hasta la intersecci\u00f3n de la calle Moriones, alcanzando despu\u00e9s la calle Caballero de Rodas hasta las puertas de la Iglesia de la Inmaculada Concepci\u00f3n, donde se producir\u00e1 la adoraci\u00f3n al Ni\u00f1o Jes\u00fas con la asistencia del Alcalde de la ciudad, Eduardo Dol\u00f3n. Tambi\u00e9n, en ese momento, el Rey Melchor dirigir\u00e1 unas palabras a todo el p\u00fablico presente.<\/p>\n<p class=\"text-align-justify\">Diferentes espect\u00e1culos conformar\u00e1n esta Cabalgata de Reyes, que abrir\u00e1n los Cuerpos y Fuerzas de Seguridad del Estado, seguidos de una estafeta de correos para recoger las cartas de los m\u00e1s rezagados. El Rey Herodes estar\u00e1 acompa\u00f1ado de una escuadra de romanos, seguidos de la agrupaci\u00f3n de hebreos con burros encargados de repartir banderas para recibir a los Magos de Oriente. Tres bandas de m\u00fasica acompa\u00f1ar\u00e1n a los reyes Melchor, Gaspar y Baltasar. \u00a0<\/p>\n<p class=\"text-align-justify\">Como en cada desfile organizado por la concejal\u00eda de Fiestas, se contar\u00e1 con una zona especialmente destinada a personas con movilidad reducida f\u00edsica, temporal o transitoria que estar\u00e1 emplazada en la calle Ram\u00f3n Gallud, frente al n\u00famero 77, en las inmediaciones de la esquina con la calle Mar\u00eda Parodi.<\/p>\n<p class=\"text-align-justify\">Por \u00faltimo, en La Mata tambi\u00e9n llegar\u00e1n los Reyes Magos, inici\u00e1ndose la cabalgata a las 18:30 horas desde la Avenida de los Europeos recorriendo la calle Mayor hasta las inmediaciones de la Parroquia Virgen del Rosario. Dos carrozas formar\u00e1n parte del s\u00e9quito de los magos de Oriente.<\/p>\n<p class=\"text-align-justify\">La concejal de Fiestas, Rosario Mart\u00ednez, ha se\u00f1alado que se trabaja en distintas opciones como medida preventiva ante la previsi\u00f3n de climatolog\u00eda adversa.<\/p>\n<p class=\"text-align-justify\">\u00a0<\/p>\n<p>CAMBIO DE UBICACI\u00d3N DE RECOGIDA DE CARTAS DE LOS CARTEROS REALES DE SS. MM. LOS REYES MAGOS DE ORIENTES: <\/p>\n<p class=\"text-align-justify\">Los pajes y carteros reales estar\u00e1n en Torrevieja a partir de ma\u00f1ana s\u00e1bado, 3 de enero, hasta el 4 de enero, en el Centro Cultural Virgen del Carmen. Desde las 16:30 hasta las 19:30 horas, para recoger las cartas de todos los ni\u00f1os y ni\u00f1as. Tambi\u00e9n, el 4 de enero estar\u00e1n en La Mata, en la puerta de la Parroquia Virgen del Rosario (Plaza Encarnaci\u00f3n Puchol), de 16:30 horas hasta las 18:30 horas.<\/p>\n","protected":false},"excerpt":{"rendered":"El Ayuntamiento de Torrevieja est\u00e1 ultimando los detalles para el recibimiento que ofrecer\u00e1 la ciudad como cada a\u00f1o&hellip;\n","protected":false},"author":2,"featured_media":319318,"comment_status":"","ping_status":"","sticky":false,"template":"","format":"standard","meta":{"footnotes":""},"categories":[8],"tags":[17,18,25,24,13,14,11,19,20,9,10,15,16,23,12,21,22],"class_list":{"0":"post-319317","1":"post","2":"type-post","3":"status-publish","4":"format-standard","5":"has-post-thumbnail","7":"category-espana","8":"tag-breaking-news","9":"tag-breakingnews","10":"tag-es","11":"tag-espana","12":"tag-featured-news","13":"tag-featurednews","14":"tag-headlines","15":"tag-latest-news","16":"tag-latestnews","17":"tag-news","18":"tag-noticias","19":"tag-noticias-destacadas","20":"tag-noticiasdestacadas","21":"tag-spain","22":"tag-titulares","23":"tag-ultimas-noticias","24":"tag-ultimasnoticias"},"share_on_mastodon":{"url":"https:\/\/pubeurope.com\/@es\/115826239910427324","error":""},"_links":{"self":[{"href":"https:\/\/www.europesays.com\/es\/wp-json\/wp\/v2\/posts\/319317","targetHints":{"allow":["GET"]}}],"collection":[{"href":"https:\/\/www.europesays.com\/es\/wp-json\/wp\/v2\/posts"}],"about":[{"href":"https:\/\/www.europesays.com\/es\/wp-json\/wp\/v2\/types\/post"}],"author":[{"embeddable":true,"href":"https:\/\/www.europesays.com\/es\/wp-json\/wp\/v2\/users\/2"}],"replies":[{"embeddable":true,"href":"https:\/\/www.europesays.com\/es\/wp-json\/wp\/v2\/comments?post=319317"}],"version-history":[{"count":0,"href":"https:\/\/www.europesays.com\/es\/wp-json\/wp\/v2\/posts\/319317\/revisions"}],"wp:featuredmedia":[{"embeddable":true,"href":"https:\/\/www.europesays.com\/es\/wp-json\/wp\/v2\/media\/319318"}],"wp:attachment":[{"href":"https:\/\/www.europesays.com\/es\/wp-json\/wp\/v2\/media?parent=319317"}],"wp:term":[{"taxonomy":"category","embeddable":true,"href":"https:\/\/www.europesays.com\/es\/wp-json\/wp\/v2\/categories?post=319317"},{"taxonomy":"post_tag","embeddable":true,"href":"https:\/\/www.europesays.com\/es\/wp-json\/wp\/v2\/tags?post=319317"}],"curies":[{"name":"wp","href":"https:\/\/api.w.org\/{rel}","templated":true}]}}