{"id":319326,"date":"2026-01-02T15:44:08","date_gmt":"2026-01-02T15:44:08","guid":{"rendered":"https:\/\/www.europesays.com\/es\/319326\/"},"modified":"2026-01-02T15:44:08","modified_gmt":"2026-01-02T15:44:08","slug":"laporta-celebro-el-fin-de-ano-con-mendes-y-zahavi-en-dubai","status":"publish","type":"post","link":"https:\/\/www.europesays.com\/es\/319326\/","title":{"rendered":"Laporta celebr\u00f3 el fin de a\u00f1o con Mendes y Zahavi en Dub\u00e1i"},"content":{"rendered":"<p class=\"ft-text\">Joan Laporta<strong> viaj\u00f3 a Dub\u00e1i la semana pasada <\/strong>junto a varios directivos del Bar\u00e7a para asistir a la gala de los Globe Soccer Awards. El acto reuni\u00f3 a todo tipo de personalidades del mundo del f\u00fatbol en una ciudad que, aunque no destaca por tener una gran afici\u00f3n al f\u00fatbol, <strong>sirvi\u00f3 durante varios d\u00edas como punto de encuentro para mantener contactos<\/strong> y conversaciones en un ambiente m\u00e1s distendido al habitual.<\/p>\n<p class=\"ft-text\">Seg\u00fan ha podido saber SPORT, el presidente azulgrana <strong>pas\u00f3 la noche de fin de a\u00f1o en el sal\u00f3n privado del Restaurante Milos Dubai junto a los agentes Pini Zahavi y Jorge Mendes.<\/strong> El encuentro se celebr\u00f3 a pocos d\u00edas del inicio del mercado y, aunque fue una cena de amistad, fuentes conocedoras de esta reuni\u00f3n aseguran que en la cumbre tambi\u00e9n se pusieron sobre la mesa algunos nombres propios. <a class=\"ft-link ft-link--decoration\" href=\"https:\/\/www.sport.es\/es\/noticias\/barca\/laporta-lamine-destino-dubai-reunirse-125115708\" rel=\"nofollow noopener\" target=\"_blank\">Este peri\u00f3dico ya inform\u00f3 que la reuni\u00f3n entre Mendes y Laporta se iba a producir y al encuentro se termin\u00f3 a\u00f1adiendo el agente israel\u00ed, Pini Zahavi <\/a><\/p>\n<p>Cancelo, protagonista<\/p>\n<p class=\"ft-text\">Jorge Mendes representa al lateral portugu\u00e9s del Al Hilal,<strong> Jo\u00e3o Cancelo, que tiene previsto salir del club saud\u00ed este invierno para regresar a Europa<\/strong>. El Inter de Mil\u00e1n se ha interesado por su situaci\u00f3n y el Bar\u00e7a tambi\u00e9n pregunt\u00f3 por \u00e9l, aunque la operaci\u00f3n es realmente complicada. Cancelo percibe un salario neto cercano a los 15 millones de euros anuales y el club que lo incorpore deber\u00e1 asumir una parte importante de su ficha. Por ahora, el Bar\u00e7a no ha avanzado en su contrataci\u00f3<strong>n y su llegada parece dif\u00edcil.<\/strong> A d\u00eda de hoy, <strong>el Inter mantiene contactos con Mendes para su fichaje<\/strong>, aunque no hay nada cerrado ni avanzado, por lo que, a d\u00eda de hoy, su destino parece una inc\u00f3gnita.<\/p>\n<p>Lewandowski decidir\u00e1 m\u00e1s adelante<\/p>\n<p class=\"ft-text\">Pini Zahavi, por su parte, mantiene una relaci\u00f3n estrecha con Laporta desde hace a\u00f1os y es el representante de Robert Lewandowski. El delantero polaco podr\u00eda salir del Bar\u00e7a este verano, aunque su continuidad tampoco est\u00e1 descartada. <strong>El propio jugador explic\u00f3 hace pocas semanas que su futuro se decidir\u00e1 m\u00e1s adelante<\/strong> y empezar\u00e1 a pensar en ello a medida que vaya avanzando la temporada.<\/p>\n<p class=\"ft-text\">La cena se celebr\u00f3 en el lujoso<strong> restaurante situado frente al Hotel Atlantis, donde tuvo lugar la gala de los Globe Soccer Awards. <\/strong>Adem\u00e1s de Laporta, tambi\u00e9n estuvieron en Dub\u00e1i los directivos <strong>Xavier Puig y Joan Soler,<\/strong> que acompa\u00f1aron al presidente azulgrana durante su estancia y las celebraciones de fin de a\u00f1o.<\/p>\n","protected":false},"excerpt":{"rendered":"Joan Laporta viaj\u00f3 a Dub\u00e1i la semana pasada junto a varios directivos del Bar\u00e7a para asistir a la&hellip;\n","protected":false},"author":2,"featured_media":319327,"comment_status":"","ping_status":"","sticky":false,"template":"","format":"standard","meta":{"footnotes":""},"categories":[268],"tags":[3563,882,168,6802,25,24,280,282,13342,4467,74473,74472,1964,21088,7458,17499,281,23,167],"class_list":{"0":"post-319326","1":"post","2":"type-post","3":"status-publish","4":"format-standard","5":"has-post-thumbnail","7":"category-futbol","8":"tag-cumbre","9":"tag-deco","10":"tag-deportes","11":"tag-dubai","12":"tag-es","13":"tag-espana","14":"tag-football","15":"tag-futbol","16":"tag-hansi-flick","17":"tag-joan-laporta","18":"tag-joao-cancelo","19":"tag-jorge-mendes","20":"tag-mercado-de-fichajes","21":"tag-pini-zahavi","22":"tag-reunion","23":"tag-robert-lewandowski","24":"tag-soccer","25":"tag-spain","26":"tag-sports"},"share_on_mastodon":{"url":"https:\/\/pubeurope.com\/@es\/115826279362314105","error":""},"_links":{"self":[{"href":"https:\/\/www.europesays.com\/es\/wp-json\/wp\/v2\/posts\/319326","targetHints":{"allow":["GET"]}}],"collection":[{"href":"https:\/\/www.europesays.com\/es\/wp-json\/wp\/v2\/posts"}],"about":[{"href":"https:\/\/www.europesays.com\/es\/wp-json\/wp\/v2\/types\/post"}],"author":[{"embeddable":true,"href":"https:\/\/www.europesays.com\/es\/wp-json\/wp\/v2\/users\/2"}],"replies":[{"embeddable":true,"href":"https:\/\/www.europesays.com\/es\/wp-json\/wp\/v2\/comments?post=319326"}],"version-history":[{"count":0,"href":"https:\/\/www.europesays.com\/es\/wp-json\/wp\/v2\/posts\/319326\/revisions"}],"wp:featuredmedia":[{"embeddable":true,"href":"https:\/\/www.europesays.com\/es\/wp-json\/wp\/v2\/media\/319327"}],"wp:attachment":[{"href":"https:\/\/www.europesays.com\/es\/wp-json\/wp\/v2\/media?parent=319326"}],"wp:term":[{"taxonomy":"category","embeddable":true,"href":"https:\/\/www.europesays.com\/es\/wp-json\/wp\/v2\/categories?post=319326"},{"taxonomy":"post_tag","embeddable":true,"href":"https:\/\/www.europesays.com\/es\/wp-json\/wp\/v2\/tags?post=319326"}],"curies":[{"name":"wp","href":"https:\/\/api.w.org\/{rel}","templated":true}]}}