{"id":319338,"date":"2026-01-02T15:52:08","date_gmt":"2026-01-02T15:52:08","guid":{"rendered":"https:\/\/www.europesays.com\/es\/319338\/"},"modified":"2026-01-02T15:52:08","modified_gmt":"2026-01-02T15:52:08","slug":"el-repunte-de-la-hepatitis-a-hace-que-los-pediatras-cambien-el-calendario-vacunal-en-2026","status":"publish","type":"post","link":"https:\/\/www.europesays.com\/es\/319338\/","title":{"rendered":"El repunte de la hepatitis A hace que los pediatras cambien el calendario vacunal en 2026"},"content":{"rendered":"<p>Debido al repunte de la hepatitis A en Espa\u00f1a, el Comit\u00e9 Asesor de Vacunas e Inmunizaciones de la Asociaci\u00f3n Espa\u00f1ola de Pediatr\u00eda (CAV-AEP) incorpora  &#8230; la vacunaci\u00f3n sistem\u00e1tica frente a esta enfermedad hasta el a\u00f1o y medio de vida, en el calendario de vacunaciones e inmunizaciones recomendado para 2026. Publicado el calendario en la revista Anales de Pediatr\u00eda este viernes, los pediatras espa\u00f1oles proponen una pauta de dosis \u00fanica a los 12-15 meses de edad y una de rescate para el resto de la infancia y adolescentes sin vacunar, ya que esta vacuna es efectiva tambi\u00e9n tras la exposici\u00f3n. \u00abHasta la fecha, solo Catalu\u00f1a, Ceuta y Melilla incluyen la vacunaci\u00f3n contra la hepatitis A en el calendario infantil, las dos \u00faltimas por su localizaci\u00f3n geogr\u00e1fica y Catalu\u00f1a como parte de un plan piloto iniciado en la ciudad de Barcelona, que posteriormente se extendi\u00f3 a toda la comunidad y se ha mantenido como permanente\u00bb, mantienen en un comunicado.<\/p>\n<p class=\"v-p\">Los \u00faltimos datos sobre hepatitis A muestran un aumento significativo en los casos de hepatitis A, con 894 casos notificados en 2024. Los datos de consolidados del a\u00f1o pasado todav\u00eda no se conocen. \u00abLa probabilidad de transmisi\u00f3n se considera muy baja para la poblaci\u00f3n general. Sin embargo, la susceptibilidad de la poblaci\u00f3n general es alta debido a los bajos niveles de circulaci\u00f3n de la enfermedad y la falta de vacunaci\u00f3n sistem\u00e1tica\u00bb, dec\u00eda el Ministerio de Sanidad al revelar la tendencia que \u00absupera significativamente los casos acumulados\u00bb de los dos a\u00f1os anteriores.<\/p>\n<p class=\"v-p\">\u00abEspa\u00f1a, hasta ahora, era un pa\u00eds con baja endemicidad de hepatitis A, por lo que la vacunaci\u00f3n estaba recomendada \u00fanicamente para grupos de riesgo, salvo estas tres excepciones\u00bb, asegur\u00f3 Francisco \u00c1lvarez, coordinador del CAV-AEP. \u00abEl aumento de casos en estos dos \u00faltimos a\u00f1os en la mayor\u00eda de las comunidades aut\u00f3nomas nos obliga, sin embargo, a reforzar la vigilancia epidemiol\u00f3gica de esta enfermedad, as\u00ed como a robustecer la prevenci\u00f3n con la vacunaci\u00f3n\u00bb.<\/p>\n<p>Gripe y equidad<\/p>\n<p class=\"v-p\">La Asociaci\u00f3n Espa\u00f1ola de Pediatras tambi\u00e9n recomiendan la vacuna contra la gripe a todos los ni\u00f1os y adolescentes de entre los 6 meses y los 17 a\u00f1os y reforzar \u00ablas coberturas en convivientes y cuidadores de pacientes de riesgo o que conviven con menores de 6 meses, embarazadas\u00bb y otras personas vulnerables.<\/p>\n<p class=\"v-p\">Exigen, as\u00ed mismo, que se garantice la \u00abequidad tanto en la prevenci\u00f3n de las enfermedades como en el acceso a la protecci\u00f3n vacunal en todo el territorio\u00bb. A juicio de los expertos, hay que \u00abdesarrollar un modelo de financiaci\u00f3n que permita un acceso equitativo a las vacunas que actualmente no est\u00e1n incluidas en el calendario del Sistema Nacional de Salud, reduciendo el impacto econ\u00f3mico que esta situaci\u00f3n supone para las familias y redoblar esfuerzos, tanto desde Salud P\u00fablica como desde los equipos de pediatr\u00eda de atenci\u00f3n primaria, para aumentar las coberturas vacunales\u00bb.<\/p>\n","protected":false},"excerpt":{"rendered":"Debido al repunte de la hepatitis A en Espa\u00f1a, el Comit\u00e9 Asesor de Vacunas e Inmunizaciones de la&hellip;\n","protected":false},"author":2,"featured_media":319339,"comment_status":"","ping_status":"","sticky":false,"template":"","format":"standard","meta":{"footnotes":""},"categories":[92],"tags":[3076,6783,74474,25,24,165,6297,11034,1884,166,23,50141],"class_list":{"0":"post-319338","1":"post","2":"type-post","3":"status-publish","4":"format-standard","5":"has-post-thumbnail","7":"category-salud","8":"tag-3076","9":"tag-calendario","10":"tag-cambien","11":"tag-es","12":"tag-espana","13":"tag-health","14":"tag-hepatitis","15":"tag-pediatras","16":"tag-repunte","17":"tag-salud","18":"tag-spain","19":"tag-vacunal"},"share_on_mastodon":{"url":"https:\/\/pubeurope.com\/@es\/115826310738332339","error":""},"_links":{"self":[{"href":"https:\/\/www.europesays.com\/es\/wp-json\/wp\/v2\/posts\/319338","targetHints":{"allow":["GET"]}}],"collection":[{"href":"https:\/\/www.europesays.com\/es\/wp-json\/wp\/v2\/posts"}],"about":[{"href":"https:\/\/www.europesays.com\/es\/wp-json\/wp\/v2\/types\/post"}],"author":[{"embeddable":true,"href":"https:\/\/www.europesays.com\/es\/wp-json\/wp\/v2\/users\/2"}],"replies":[{"embeddable":true,"href":"https:\/\/www.europesays.com\/es\/wp-json\/wp\/v2\/comments?post=319338"}],"version-history":[{"count":0,"href":"https:\/\/www.europesays.com\/es\/wp-json\/wp\/v2\/posts\/319338\/revisions"}],"wp:featuredmedia":[{"embeddable":true,"href":"https:\/\/www.europesays.com\/es\/wp-json\/wp\/v2\/media\/319339"}],"wp:attachment":[{"href":"https:\/\/www.europesays.com\/es\/wp-json\/wp\/v2\/media?parent=319338"}],"wp:term":[{"taxonomy":"category","embeddable":true,"href":"https:\/\/www.europesays.com\/es\/wp-json\/wp\/v2\/categories?post=319338"},{"taxonomy":"post_tag","embeddable":true,"href":"https:\/\/www.europesays.com\/es\/wp-json\/wp\/v2\/tags?post=319338"}],"curies":[{"name":"wp","href":"https:\/\/api.w.org\/{rel}","templated":true}]}}