{"id":319350,"date":"2026-01-02T15:58:09","date_gmt":"2026-01-02T15:58:09","guid":{"rendered":"https:\/\/www.europesays.com\/es\/319350\/"},"modified":"2026-01-02T15:58:09","modified_gmt":"2026-01-02T15:58:09","slug":"el-ayuntamiento-adjudica-dos-actuaciones-para-renovar-540-puntos-de-luz-con-luminarias-led-en-la-cv-905-y-nueva-torrevieja","status":"publish","type":"post","link":"https:\/\/www.europesays.com\/es\/319350\/","title":{"rendered":"El Ayuntamiento adjudica dos actuaciones para renovar 540 puntos de luz con luminarias LED en la CV-905 y Nueva Torrevieja"},"content":{"rendered":"<p class=\"text-align-justify\" style=\"border: medium;\">La Junta de Gobierno Local del Ayuntamiento de Torrevieja ha aprobado la adjudicaci\u00f3n, mediante procedimiento abierto simplificado, de dos actuaciones destinadas a la mejora de la eficiencia energ\u00e9tica del alumbrado p\u00fablico, seg\u00fan ha informado la concejala de Alumbrado P\u00fablico, Concha Sala.<\/p>\n<p class=\"text-align-justify\">Las actuaciones se dividen en dos lotes y permitir\u00e1n la renovaci\u00f3n de un total de 543 puntos de luz en distintas zonas del municipio, sustituyendo las actuales luminarias por tecnolog\u00eda LED, m\u00e1s eficiente y adaptada a los criterios actuales de ahorro energ\u00e9tico y control del consumo.<\/p>\n<p class=\"text-align-justify\">Ambos lotes han sido adjudicados a la mercantil ILUMINACIONES FUTURAS DE LED, S.L., con un importe global de 283.745,00 euros (IVA incluido) y un plazo de ejecuci\u00f3n de tres meses, que comenzar\u00e1 a contar desde la firma del Acta de Inicio de las obras.<\/p>\n<p>NUEVA TORREVIEJA<\/p>\n<p class=\"text-align-justify\">El Lote 2 corresponde a la sustituci\u00f3n de luminarias de alumbrado exterior por nuevas luminarias de tecnolog\u00eda LED y la ampliaci\u00f3n de circuitos en el barrio de Nueva Torrevieja, una actuaci\u00f3n que permitir\u00e1 actualizar la red de alumbrado y mejorar su funcionamiento.<\/p>\n<p class=\"text-align-justify\">Este lote part\u00eda de un presupuesto de licitaci\u00f3n de 281.288,72 euros y ha sido adjudicado por un importe de 165.770,00 euros (IVA incluido). En el marco de esta actuaci\u00f3n se sustituir\u00e1n 321 luminarias, y la direcci\u00f3n facultativa de las obras ser\u00e1 asumida por la mercantil VIELCA INGENIEROS, S.A.<\/p>\n<p>CV-905 Y OTRAS CALLES<\/p>\n<p class=\"text-align-justify\">El Lote 1 se enmarca en el proyecto de adaptaci\u00f3n y mejora de la eficiencia energ\u00e9tica del alumbrado p\u00fablico de la carretera CV-905 y otras calles del t\u00e9rmino municipal de Torrevieja, una de las principales v\u00edas de acceso a la ciudad.<\/p>\n<p class=\"text-align-justify\">En este caso, el presupuesto de licitaci\u00f3n ascend\u00eda a 162.855,00 euros, y la adjudicaci\u00f3n se ha realizado por un importe total de 117.975,00 euros (IVA incluido). La actuaci\u00f3n contempla la sustituci\u00f3n de 222 luminarias, y la direcci\u00f3n facultativa de las obras corresponder\u00e1 a INURBE INGENIER\u00cdA, S.L.<\/p>\n<p>UNA ACTUACI\u00d3N CENTRADA EN LA EFICIENCIA<\/p>\n<p class=\"text-align-justify\">La renovaci\u00f3n del alumbrado p\u00fablico mediante tecnolog\u00eda LED permitir\u00e1 optimizar el consumo energ\u00e9tico, mejorar la gesti\u00f3n del sistema de iluminaci\u00f3n y adaptar las instalaciones a los est\u00e1ndares actuales, sin alterar las condiciones de uso del espacio p\u00fablico.<\/p>\n<p class=\"text-align-justify\">Adem\u00e1s, la adjudicaci\u00f3n incluye, entre otros compromisos, la implantaci\u00f3n de un sistema de telegesti\u00f3n punto a punto totalmente operativo, as\u00ed como la ampliaci\u00f3n de la garant\u00eda de las luminarias en cinco a\u00f1os, lo que refuerza la durabilidad y el control de la instalaci\u00f3n.<\/p>\n<p class=\"text-align-justify\">Con estas actuaciones, el Ayuntamiento de Torrevieja contin\u00faa desarrollando proyectos de modernizaci\u00f3n de las infraestructuras municipales, enfocados a la mejora del servicio p\u00fablico y la eficiencia de las instalaciones.<\/p>\n","protected":false},"excerpt":{"rendered":"La Junta de Gobierno Local del Ayuntamiento de Torrevieja ha aprobado la adjudicaci\u00f3n, mediante procedimiento abierto simplificado, de&hellip;\n","protected":false},"author":2,"featured_media":319351,"comment_status":"","ping_status":"","sticky":false,"template":"","format":"standard","meta":{"footnotes":""},"categories":[5],"tags":[17,18,25,24,13,14,11,19,20,9,10,15,16,23,12,21,22],"class_list":{"0":"post-319350","1":"post","2":"type-post","3":"status-publish","4":"format-standard","5":"has-post-thumbnail","7":"category-titulares","8":"tag-breaking-news","9":"tag-breakingnews","10":"tag-es","11":"tag-espana","12":"tag-featured-news","13":"tag-featurednews","14":"tag-headlines","15":"tag-latest-news","16":"tag-latestnews","17":"tag-news","18":"tag-noticias","19":"tag-noticias-destacadas","20":"tag-noticiasdestacadas","21":"tag-spain","22":"tag-titulares","23":"tag-ultimas-noticias","24":"tag-ultimasnoticias"},"share_on_mastodon":{"url":"https:\/\/pubeurope.com\/@es\/115826334311570676","error":""},"_links":{"self":[{"href":"https:\/\/www.europesays.com\/es\/wp-json\/wp\/v2\/posts\/319350","targetHints":{"allow":["GET"]}}],"collection":[{"href":"https:\/\/www.europesays.com\/es\/wp-json\/wp\/v2\/posts"}],"about":[{"href":"https:\/\/www.europesays.com\/es\/wp-json\/wp\/v2\/types\/post"}],"author":[{"embeddable":true,"href":"https:\/\/www.europesays.com\/es\/wp-json\/wp\/v2\/users\/2"}],"replies":[{"embeddable":true,"href":"https:\/\/www.europesays.com\/es\/wp-json\/wp\/v2\/comments?post=319350"}],"version-history":[{"count":0,"href":"https:\/\/www.europesays.com\/es\/wp-json\/wp\/v2\/posts\/319350\/revisions"}],"wp:featuredmedia":[{"embeddable":true,"href":"https:\/\/www.europesays.com\/es\/wp-json\/wp\/v2\/media\/319351"}],"wp:attachment":[{"href":"https:\/\/www.europesays.com\/es\/wp-json\/wp\/v2\/media?parent=319350"}],"wp:term":[{"taxonomy":"category","embeddable":true,"href":"https:\/\/www.europesays.com\/es\/wp-json\/wp\/v2\/categories?post=319350"},{"taxonomy":"post_tag","embeddable":true,"href":"https:\/\/www.europesays.com\/es\/wp-json\/wp\/v2\/tags?post=319350"}],"curies":[{"name":"wp","href":"https:\/\/api.w.org\/{rel}","templated":true}]}}