{"id":319379,"date":"2026-01-02T16:19:31","date_gmt":"2026-01-02T16:19:31","guid":{"rendered":"https:\/\/www.europesays.com\/es\/319379\/"},"modified":"2026-01-02T16:19:31","modified_gmt":"2026-01-02T16:19:31","slug":"elogio-del-papel-el-diplo","status":"publish","type":"post","link":"https:\/\/www.europesays.com\/es\/319379\/","title":{"rendered":"Elogio del papel \u2013 El Dipl\u00f3"},"content":{"rendered":"<p>EDICI\u00d3N 319 &#8211;<br \/>\n                            ENERO         2026                        <\/p>\n<p>\n                        EL DESTINO DE LA PRENSA LIBRE                    <\/p>\n<p>                Por Beno\u00eet Br\u00e9ville y Pierre Rimbert<a href=\"#nota_pie\"><b>*<\/b><\/a><\/p>\n<p>\u00bfC\u00f3mo evitar el exceso de datos, noticias e im\u00e1genes que invade nuestras pantallas y nubla nuestras mentes? Un m\u00e9todo revolucionario, aunque con dos milenios de antig\u00fcedad, podr\u00eda ofrecer un refugio a los desertores de la guerra de la atenci\u00f3n. <\/p>\n<p><img decoding=\"async\" src=\"https:\/\/www.europesays.com\/es\/wp-content\/uploads\/2026\/01\/32-breville-papel.jpg\" class=\"mx-auto w-full\"\/>Aleksandr Deyneka, Chica con libro, 1934<\/p>\n<p>POST TYPE: post<\/p>\n<p>Atenci\u00f3n, he aqu\u00ed un texto fuera del tiempo, fuera de los flujos y el torbellino digital. Su estructura no obedece a las nuevas reglas adoptadas por periodistas, blogueros, influencers y editores en su intento por sobrevivir a la guerra por la atenci\u00f3n que causa estragos en las pantallas. Empezaremos su&#8230;<\/p>\n<p>Si quer\u00e9s seguir leyendo<\/p>\n<p>Suscribite y acced\u00e9 sin l\u00edmite a todos nuestros contenidos. <\/p>\n<p> Registrate y disfrut\u00e1 gratis de tus primeras lecturas.<\/p>\n<p>        Si ya sos suscriptor,<br \/>\n        <a href=\"https:\/\/www.eldiplo.org\/mi-cuenta\/?form=login&amp;redirect_to=\/319-el-fin-de-la-industria-argentina\/elogio-del-papel\/\" class=\"underline font-bold hover:text-black\" rel=\"nofollow noopener\" target=\"_blank\">entr\u00e1 aqu\u00ed<\/a><\/p>\n<p> M\u00e1s notas de la edici\u00f3n Edici\u00f3n   ENERO 2026 <\/p>\n<p>    <a href=\"https:\/\/www.eldiplo.org\/319-el-fin-de-la-industria-argentina\/\" class=\"text-xs sm:text-sm  font-medium  group uppercase tracking-wide hidden sm:flex items-center justify-center space-x-1\" rel=\"nofollow noopener\" target=\"_blank\">Sumario <\/p>\n<p>                   <\/a><\/p>\n","protected":false},"excerpt":{"rendered":"EDICI\u00d3N 319 &#8211; ENERO 2026 EL DESTINO DE LA PRENSA LIBRE Por Beno\u00eet Br\u00e9ville y Pierre Rimbert* \u00bfC\u00f3mo&hellip;\n","protected":false},"author":2,"featured_media":319380,"comment_status":"","ping_status":"","sticky":false,"template":"","format":"standard","meta":{"footnotes":""},"categories":[42],"tags":[17,18,13,14,11,61,62,63,64,19,20,9,10,15,16,12,21,22,65,66,67],"class_list":{"0":"post-319379","1":"post","2":"type-post","3":"status-publish","4":"format-standard","5":"has-post-thumbnail","7":"category-internacional","8":"tag-breaking-news","9":"tag-breakingnews","10":"tag-featured-news","11":"tag-featurednews","12":"tag-headlines","13":"tag-internacional","14":"tag-international","15":"tag-international-news","16":"tag-internationalnews","17":"tag-latest-news","18":"tag-latestnews","19":"tag-news","20":"tag-noticias","21":"tag-noticias-destacadas","22":"tag-noticiasdestacadas","23":"tag-titulares","24":"tag-ultimas-noticias","25":"tag-ultimasnoticias","26":"tag-world","27":"tag-world-news","28":"tag-worldnews"},"share_on_mastodon":{"url":"https:\/\/pubeurope.com\/@es\/115826416975043425","error":""},"_links":{"self":[{"href":"https:\/\/www.europesays.com\/es\/wp-json\/wp\/v2\/posts\/319379","targetHints":{"allow":["GET"]}}],"collection":[{"href":"https:\/\/www.europesays.com\/es\/wp-json\/wp\/v2\/posts"}],"about":[{"href":"https:\/\/www.europesays.com\/es\/wp-json\/wp\/v2\/types\/post"}],"author":[{"embeddable":true,"href":"https:\/\/www.europesays.com\/es\/wp-json\/wp\/v2\/users\/2"}],"replies":[{"embeddable":true,"href":"https:\/\/www.europesays.com\/es\/wp-json\/wp\/v2\/comments?post=319379"}],"version-history":[{"count":0,"href":"https:\/\/www.europesays.com\/es\/wp-json\/wp\/v2\/posts\/319379\/revisions"}],"wp:featuredmedia":[{"embeddable":true,"href":"https:\/\/www.europesays.com\/es\/wp-json\/wp\/v2\/media\/319380"}],"wp:attachment":[{"href":"https:\/\/www.europesays.com\/es\/wp-json\/wp\/v2\/media?parent=319379"}],"wp:term":[{"taxonomy":"category","embeddable":true,"href":"https:\/\/www.europesays.com\/es\/wp-json\/wp\/v2\/categories?post=319379"},{"taxonomy":"post_tag","embeddable":true,"href":"https:\/\/www.europesays.com\/es\/wp-json\/wp\/v2\/tags?post=319379"}],"curies":[{"name":"wp","href":"https:\/\/api.w.org\/{rel}","templated":true}]}}