{"id":319381,"date":"2026-01-02T16:20:10","date_gmt":"2026-01-02T16:20:10","guid":{"rendered":"https:\/\/www.europesays.com\/es\/319381\/"},"modified":"2026-01-02T16:20:10","modified_gmt":"2026-01-02T16:20:10","slug":"merida-celebrara-el-proximo-5-de-enero-su-tradicional-cabalgata-de-reyes-magos-donde-se-repartiran-7-000-kilos-de-caramelos-entre-las-19-carrozas-y-pasacalles","status":"publish","type":"post","link":"https:\/\/www.europesays.com\/es\/319381\/","title":{"rendered":"M\u00e9rida celebrar\u00e1 el pr\u00f3ximo 5 de enero su tradicional Cabalgata de Reyes Magos, donde se repartir\u00e1n 7.000 kilos de caramelos entre las 19 carrozas y pasacalles"},"content":{"rendered":"<ul class=\"wp-block-list\">\n<li>La concentraci\u00f3n es a las 17:00h siendo la hora prevista de salida las 18:00h desde la Rotonda de Las Tres Fuentes<\/li>\n<li>Las carrozas de los Reyes Magos ser\u00e1n realizadas por la empresa adjudicataria del concurso p\u00fablico e ir\u00e1n acompa\u00f1adas por diferentes pasacalles profesionales<\/li>\n<li>15 colectivos asociativos han recibido cada uno una subvenci\u00f3n municipal de 1.800 euros para elaborar sus carrozas cuya tem\u00e1tica mayoritaria ser\u00e1 de dibujos animados de Disney y de Navidad<\/li>\n<li>Abrir\u00e1 el cortejo las y los patinadores \u201cExtream Rollers\u201d acompa\u00f1ados de \u201cLa Estrella de la Ilusi\u00f3n\u201d que organiza la Asociaci\u00f3n Cultural Pisando Fuerte<\/li>\n<li>Como novedad, el Heraldo Real estar\u00e1 presente en el desfile con una carroza confeccionada por la Federaci\u00f3n de Asociaciones Vecinales Augusta Em\u00e9rita<\/li>\n<\/ul>\n<p><img fetchpriority=\"high\" decoding=\"async\" width=\"1280\" height=\"853\" src=\"https:\/\/www.europesays.com\/es\/wp-content\/uploads\/2026\/01\/xcabalgata-reyes-melchor.jpg.pagespeed.ic.DA0dQuWNQM.jpg\" alt=\"\" class=\"wp-image-144117\"  \/><\/p>\n<p>La ciudad de M\u00e9rida est\u00e1 preparada para recibir el pr\u00f3ximo lunes, 5 de enero, la visita de Sus Majestades los Reyes Magos de Oriente, uno de los eventos m\u00e1s multitudinarios de cuantos se celebran a lo largo del a\u00f1o en la capital extreme\u00f1a.<\/p>\n<p>La Gran Cabalgata de Reyes Magos saldr\u00e1 a las 18:00 horas desde la Rotonda de Las Tres Fuentes para recorrer la ciudad con 16 carrozas, pertenecientes a colectivos asociativos de la ciudad; adem\u00e1s de tres del ayuntamiento y una privada.<\/p>\n<p>Al desfile de carrozas de las diferentes asociaciones participantes, se sumar\u00e1n numerosos pasacalles, entre los que destacan, como novedad, la exhibici\u00f3n de patinadores del Club de Patinaje en L\u00ednea `Extream Rollers\u201d que abrir\u00e1n este m\u00e1gico desfile.<\/p>\n<p>El resto de pasacalles acompa\u00f1ar\u00e1n a las carrozas de las diferentes asociaciones participantes. El ayuntamiento entrega una subvenci\u00f3n de 1.800 euros a cada entidad para hacer frente a los gastos de la preparaci\u00f3n de cada cami\u00f3n.<\/p>\n<p>La Cabalgata de M\u00e9rida este a\u00f1o contar\u00e1, de nuevo, con la participaci\u00f3n de 20\u00a0\u00a0Bomberos del Parque de la Diputaci\u00f3n Provincial que cerrar\u00e1n el desfile, como ya es habitual.<\/p>\n<p><strong>DATOS<\/strong><\/p>\n<p>En esta Cabalgata de 2026 se repartir\u00e1n m\u00e1s de 7.000 kilos de caramelos, repartidos desde el ayuntamiento a todas las entidades participantes. Adem\u00e1s, Sus Majestades Melchor, Gaspar y Baltasar ofrecer\u00e1n a los ni\u00f1os y ni\u00f1as desde el balc\u00f3n del ayuntamiento diferentes obsequios y caramelos.<\/p>\n<p>La tem\u00e1tica este a\u00f1o, en su mayor\u00eda, est\u00e1 centrada en los grandes cl\u00e1sicos de dibujos animados de Disney y de Navidad. A las 17:00h se realizar\u00e1 la concentraci\u00f3n en la calle Antonio D\u00edaz Pintiado para, posteriormente, salir a las 18:00h en este orden:<\/p>\n<p><strong>1. <\/strong><strong>Extream Rollers<\/strong><\/p>\n<p><strong>2. <\/strong><strong>La Estrella de la Ilusi\u00f3n<\/strong><strong>. Asociaci\u00f3n Cultural Pisando Fuerte<\/strong><\/p>\n<p><strong>3. <\/strong><strong>Peter Pan y el Pa\u00eds de Nunca Jam\u00e1s<\/strong><strong>. Plena Inclusi\u00f3n<\/strong><\/p>\n<p><strong>4. <\/strong><strong>La vida del Rantocito P\u00e9rez<\/strong><strong>. Asociaci\u00f3n vecinal Mar\u00eda Auxiliadora<\/strong><\/p>\n<p><strong>5. <\/strong><strong>Heraldo Real<\/strong><strong>. Federaci\u00f3n AA.VV. Augusta Em\u00e9rita<\/strong><\/p>\n<p><strong>6. <\/strong><strong>Cuento del Bosque de las Hadas<\/strong><strong>. Asociaci\u00f3n Ni\u00f1os Felices de Extremadura (ANFEX)<\/strong><\/p>\n<p><strong>7. <\/strong><strong>Carroza del Rey Melchor<\/strong><strong>.<\/strong><\/p>\n<p><strong>8. <\/strong><strong>Todos Somos Superh\u00e9roes<\/strong><strong>. Asociaci\u00f3n vecinal Luis Chamizo (Bda. San Juan)<\/strong><\/p>\n<p><strong>9. La Tribu.\u00a0 Bda. San Andr\u00e9s<\/strong> <strong>(pasacalles)<\/strong><\/p>\n<p><strong>10. <\/strong><strong>Monstruos S.A<\/strong><strong>.\u00a0 Opolorum<\/strong><\/p>\n<p><strong>11. <\/strong><strong>La Casita de Jengibre<\/strong><strong>. Comparsa los Nuevos Cariocas<\/strong><\/p>\n<p><strong>12. <\/strong><strong>Robin Hood<\/strong><strong>.\u00a0 Asociaci\u00f3n vecinal Virgen de F\u00e1tima. Las Abad\u00edas<\/strong><\/p>\n<p><strong>13. S\u00faper Mario Bross. Asociaci\u00f3n Cultural Los san Isidro<\/strong><\/p>\n<p><strong>14. <\/strong><strong>Carroza del Rey Gaspar<\/strong><strong>.<\/strong><\/p>\n<p><strong>15.\u00a0 <\/strong><strong>Ratatouille<\/strong><strong>. Asociaci\u00f3n vecinal La Corchera<\/strong><\/p>\n<p><strong>16.\u00a0 <\/strong><strong>El Tren de la Navidad<\/strong><strong>. Asociaci\u00f3n vecinal de Nueva Ciudad<\/strong><\/p>\n<p><strong>17.\u00a0 <\/strong><strong>Soldadito de Plomo<\/strong><strong>. Asociaci\u00f3n Vecinal Montealto<\/strong><\/p>\n<p><strong>18.\u00a0 <\/strong><strong>Navidad en Minecraft<\/strong><strong>. Asociaci\u00f3n Vecinal Ntra. Sra. de la Antigua<\/strong><\/p>\n<p><strong>19. <\/strong><strong>Carroza del Rey Baltasar<\/strong><strong>.<\/strong><\/p>\n<p><strong>20. <\/strong><strong>Cazafantasmas<\/strong><strong>.<\/strong><\/p>\n<p><strong>21.\u00a0 <\/strong><strong>Los Piratas Plantoneros<\/strong><strong>. Asociaci\u00f3n vecinal Plantonal de Vera<\/strong><\/p>\n<p><strong>22. <\/strong><strong>Bomberos<\/strong><strong>.<\/strong><\/p>\n<p>Este a\u00f1o, como novedad, podremos disfrutar de la presencia del Heraldo Real, que es el encargado de anunciar la llegada de Sus Majestades los Reyes Magos de Oriente, y de recoger la llave de la ciudad para que estos puedan entrar en los hogares de los emeritenses para dejar los regalos para todas las ni\u00f1as y ni\u00f1os.<\/p>\n<p>Por primera vez, el Alcalde de M\u00e9rida, Antonio Rodr\u00edguez Osuna, har\u00e1 entrega de la llave de la ciudad al Heraldo en el Ayuntamiento de M\u00e9rida para que este se la entregue a sus majestades la noche m\u00e1gica del 5 de enero. El Heraldo, que estar\u00e1 presente en el desfile real con una carroza confeccionada por la Federaci\u00f3n de Asociaciones Vecinales Augusta Em\u00e9rita, saludar\u00e1 a toda la ciudadan\u00eda recogiendo los sue\u00f1os y deseos de los m\u00e1s peque\u00f1os y anunciando la inminente llegada de los Reyes Magos de Oriente.<\/p>\n<p>Adem\u00e1s, tras la exhibici\u00f3n de las y los patinadores, abrir\u00e1 como primera carroza el cortejo \u2018La Estrella de la Ilusi\u00f3n\u2019, una iniciativa puesta en marcha el pasado a\u00f1o que tanto colectivos vecinales y socioculturales como el propio ayuntamiento han acordado mantener a\u00f1o tras a\u00f1o. Se trata de una figura femenina que representa el inicio y gu\u00eda de la cabalgata e ilusi\u00f3n de las y los m\u00e1s peque\u00f1os. En esta ocasi\u00f3n, ser\u00e1 la Asociaci\u00f3n Cultural Pisando Fuerte quienes se har\u00e1n cargo de esta primera carroza.<\/p>\n<p><strong>RECORRIDO<\/strong><\/p>\n<p>El\u00a0recorrido\u00a0ser\u00e1 el siguiente: salida desde la Calle Juan Antonio D\u00edaz Pintiado, Avenida Reina Sof\u00eda, Avda. Juan Carlos I, Avenida Extremadura, Calle Marquesa de Pinares, Calle del Ferrocarril, Avda. Jos\u00e9 Fern\u00e1ndez L\u00f3pez, Paseo de Roma, Calle Cava y Plaza del Rastro, desde donde sus Majestades acceder\u00e1n al Ayuntamiento por la Plaza de Espa\u00f1a, continuando el desfile por Plaza del Rastro y Calle Graciano.\u00a0<\/p>\n<p>Durante el recorrido se establecer\u00e1 un\u00a0tramo sin ruido\u00a0que deber\u00e1n respetar todos los colectivos participantes, que se situar\u00e1 en la calle Marquesa de Pinares desde la Rotonda de la Torre hasta haber pasado el Acueducto de Los Milagros. Todo ello, con el fin de hacer accesible la cabalgata a todas las personas sensibles al ruido.<\/p>\n<p><strong>SEGURIDAD<\/strong><\/p>\n<p>Desde Seguridad Ciudadana ya han establecido el dispositivo pertinente que consistir\u00e1 en el control del tr\u00e1fico por las v\u00edas por donde transcurre la Cabalgata y aleda\u00f1as, cortando calles conforme pase el cortejo y estableciendo v\u00edas alternativas.<\/p>\n<p>Las carrozas se concentrar\u00e1n en la antigua urbanizaci\u00f3n de Prointisa a las 17:00h, para, a las 18:00h una vez todas las participantes ordenadas seg\u00fan establece la delegaci\u00f3n de Festejos, comience el cortejo en la Rotonda de las Tres Fuentes.<\/p>\n<p>Ana Aragoneses:<\/p>\n<p><a href=\"https:\/\/merida.es\/wp-content\/uploads\/2025\/12\/2026-cabalgata-reyes.jpg\" rel=\"nofollow noopener\" target=\"_blank\"><img loading=\"lazy\" decoding=\"async\" width=\"1024\" height=\"1280\" src=\"https:\/\/www.europesays.com\/es\/wp-content\/uploads\/2026\/01\/x2026-cabalgata-reyes.jpg.pagespeed.ic.hoUtciHlJF.jpg\" alt=\"\" class=\"wp-image-145390\"  \/><\/a><\/p>\n","protected":false},"excerpt":{"rendered":"La concentraci\u00f3n es a las 17:00h siendo la hora prevista de salida las 18:00h desde la Rotonda de&hellip;\n","protected":false},"author":2,"featured_media":319382,"comment_status":"","ping_status":"","sticky":false,"template":"","format":"standard","meta":{"footnotes":""},"categories":[8],"tags":[17,18,25,24,13,14,11,19,20,9,10,15,16,23,12,21,22],"class_list":{"0":"post-319381","1":"post","2":"type-post","3":"status-publish","4":"format-standard","5":"has-post-thumbnail","7":"category-espana","8":"tag-breaking-news","9":"tag-breakingnews","10":"tag-es","11":"tag-espana","12":"tag-featured-news","13":"tag-featurednews","14":"tag-headlines","15":"tag-latest-news","16":"tag-latestnews","17":"tag-news","18":"tag-noticias","19":"tag-noticias-destacadas","20":"tag-noticiasdestacadas","21":"tag-spain","22":"tag-titulares","23":"tag-ultimas-noticias","24":"tag-ultimasnoticias"},"share_on_mastodon":{"url":"https:\/\/pubeurope.com\/@es\/115826420934462852","error":""},"_links":{"self":[{"href":"https:\/\/www.europesays.com\/es\/wp-json\/wp\/v2\/posts\/319381","targetHints":{"allow":["GET"]}}],"collection":[{"href":"https:\/\/www.europesays.com\/es\/wp-json\/wp\/v2\/posts"}],"about":[{"href":"https:\/\/www.europesays.com\/es\/wp-json\/wp\/v2\/types\/post"}],"author":[{"embeddable":true,"href":"https:\/\/www.europesays.com\/es\/wp-json\/wp\/v2\/users\/2"}],"replies":[{"embeddable":true,"href":"https:\/\/www.europesays.com\/es\/wp-json\/wp\/v2\/comments?post=319381"}],"version-history":[{"count":0,"href":"https:\/\/www.europesays.com\/es\/wp-json\/wp\/v2\/posts\/319381\/revisions"}],"wp:featuredmedia":[{"embeddable":true,"href":"https:\/\/www.europesays.com\/es\/wp-json\/wp\/v2\/media\/319382"}],"wp:attachment":[{"href":"https:\/\/www.europesays.com\/es\/wp-json\/wp\/v2\/media?parent=319381"}],"wp:term":[{"taxonomy":"category","embeddable":true,"href":"https:\/\/www.europesays.com\/es\/wp-json\/wp\/v2\/categories?post=319381"},{"taxonomy":"post_tag","embeddable":true,"href":"https:\/\/www.europesays.com\/es\/wp-json\/wp\/v2\/tags?post=319381"}],"curies":[{"name":"wp","href":"https:\/\/api.w.org\/{rel}","templated":true}]}}