{"id":319388,"date":"2026-01-02T16:29:11","date_gmt":"2026-01-02T16:29:11","guid":{"rendered":"https:\/\/www.europesays.com\/es\/319388\/"},"modified":"2026-01-02T16:29:11","modified_gmt":"2026-01-02T16:29:11","slug":"redick-estalla-y-duras-criticas-a-doncic","status":"publish","type":"post","link":"https:\/\/www.europesays.com\/es\/319388\/","title":{"rendered":"Redick estalla y duras cr\u00edticas a Doncic"},"content":{"rendered":"<p><strong>Los Angeles Lakers<\/strong> atraviesan uno de sus momentos m\u00e1s delicados de la temporada. <strong>Cuatro derrotas en los \u00faltimos cinco partidos<\/strong> han encendido todas las alarmas en una franquicia acostumbrada a vivir bajo la exigencia del \u00e9xito inmediato. Pero lo preocupante es que el equipo dirigido por <strong>JJ Redick<\/strong> no solo pierde, sino que lo hace dejando una sensaci\u00f3n de desconexi\u00f3n colectiva, falta de intensidad y escasa capacidad de reacci\u00f3n. Dentro de la crisis general del equipo, en el centro del debate aparece<strong> Luka Doncic<\/strong>, llamado a ser el gran referente del proyecto, pero ahora se\u00f1alado por su actitud dentro y fuera de la pista.<\/p>\n<p>La<strong> derrota ante los Detroit Pistons<\/strong> fue el \u00faltimo episodio de una din\u00e1mica negativa que empieza a pasar factura. Tanto que Los Lakers, que hace apenas unas semanas ocupaban la segunda posici\u00f3n de la Conferencia Oeste, han ca\u00eddo hasta la <strong>quinta plaza<\/strong> y ven c\u00f3mo rivales directos como los Timberwolves se acercan peligrosamente.<\/p>\n<p><strong>Doncic y los \u00e1rbitros: un mensaje inc\u00f3modo<\/strong><\/p>\n<p>Tras el \u00faltimo tropiezo, <strong>Luka Doncic sorprendi\u00f3 con unas declaraciones poco habituales<\/strong> en \u00e9l cuando las cosas funcionan. El esloveno apunt\u00f3 directamente al criterio arbitral como uno de los factores que explican la derrota: \u00abYa vieron que los \u00e1rbitros lo dejaron pasar, as\u00ed que deber\u00edamos jugar m\u00e1s f\u00edsicos\u00bb, afirm\u00f3, dejando entrever que su equipo no supo adaptarse a un list\u00f3n m\u00e1s permisivo en el contacto.<\/p>\n<p>Doncic insisti\u00f3 en que <strong>no se trat\u00f3 de acciones puntuales<\/strong>, sino de una tendencia sostenida durante todo el encuentro, lo que gener\u00f3 frustraci\u00f3n en la pista y en el banquillo. Un discurso que, lejos de cerrar filas, ha alimentado la <strong>sensaci\u00f3n de nerviosismo<\/strong> y ha abierto el debate sobre su liderazgo en momentos de dificultad.<\/p>\n<p>M\u00e1s all\u00e1 de las palabras de su estrella, la realidad es que los Lakers no est\u00e1n ofreciendo el nivel esperado. La <strong>defensa <\/strong>hace aguas, el <strong>ataque <\/strong>se vuelve previsible en los momentos clave y la sensaci\u00f3n general es que las estrellas no est\u00e1n apareciendo cuando m\u00e1s se las necesita. <strong>Doncic sigue firmando buenos n\u00fameros individuales<\/strong>, pero su impacto no se traduce en victorias, mientras que <strong>LeBron James<\/strong>, aunque aporta soluciones, ya no puede sostener al equipo como en el pasado.<\/p>\n<p>    Relacionado<\/p>\n<p>Por todo ello, la afici\u00f3n comienza a se\u00f1alar una <strong>falta de compromiso y respeto hacia los rivales<\/strong>, una cr\u00edtica que tambi\u00e9n se escucha en los an\u00e1lisis de exjugadores y especialistas. La imagen de un equipo que baja los brazos con facilidad resulta especialmente dolorosa para una franquicia con el peso hist\u00f3rico de los Lakers.<\/p>\n<p><strong>Cr\u00edticas externas: \u00abNo respeta a nadie\u00bb<\/strong><\/p>\n<p>Las declaraciones m\u00e1s duras llegaron desde fuera del vestuario. <strong>Emmanuel Acho<\/strong>, exjugador de la NFL y ahora analista, fue contundente al cuestionar la actitud de Doncic hacia su entrenador. \u00abLuka no respeta a nadie\u00bb, asegur\u00f3, recordando que ya tuvo una <strong>relaci\u00f3n tensa con Jason Kidd<\/strong>, a quien considera superior a JJ Redick tanto como jugador como entrenador.<\/p>\n<p>Estas palabras han tenido un gran eco en Estados Unidos, alimentando la narrativa de que <strong>Doncic tiene dificultades para aceptar la autoridad cuando las cosas no marchan bien<\/strong>. Una acusaci\u00f3n grave para un jugador llamado a liderar un proyecto campe\u00f3n.<\/p>\n<p><strong>Redick no se muerde la lengua<\/strong><\/p>\n<p>Lejos de rebajar la tensi\u00f3n, <strong>JJ Redick<\/strong> tambi\u00e9n ha sido muy cr\u00edtico con sus jugadores. Tras una de las derrotas, el t\u00e9cnico fue tajante: \u00abSomos un equipo terrible. No nos importa lo suficiente como para ser profesionales\u00bb. Un mensaje directo que evidencia el malestar del entrenador y la necesidad de una reacci\u00f3n inmediata.<\/p>\n<p>Con la temporada a\u00fan en marcha, los Lakers tienen <strong>margen para corregir el rumbo<\/strong>, pero el tiempo empieza a apremiar. La decepci\u00f3n actual puede convertirse en un punto de inflexi\u00f3n o en el inicio de una crisis mayor. <strong>Doncic, como l\u00edder indiscutible<\/strong>, tiene ahora la responsabilidad de transformar la frustraci\u00f3n en car\u00e1cter competitivo y devolver el respeto perdido a un equipo que todav\u00eda busca su identidad.<\/p>\n","protected":false},"excerpt":{"rendered":"Los Angeles Lakers atraviesan uno de sus momentos m\u00e1s delicados de la temporada. Cuatro derrotas en los \u00faltimos&hellip;\n","protected":false},"author":2,"featured_media":319389,"comment_status":"","ping_status":"","sticky":false,"template":"","format":"standard","meta":{"footnotes":""},"categories":[269],"tags":[7713,12572,299,298,6621,168,7426,25,24,74480,51161,12989,15562,5679,1725,23,167],"class_list":{"0":"post-319388","1":"post","2":"type-post","3":"status-publish","4":"format-standard","5":"has-post-thumbnail","7":"category-baloncesto","8":"tag-actitud","9":"tag-arbitros","10":"tag-baloncesto","11":"tag-basketball","12":"tag-criticas","13":"tag-deportes","14":"tag-doncic","15":"tag-es","16":"tag-espana","17":"tag-falta-de-respeto","18":"tag-frustracion","19":"tag-lakers","20":"tag-liderazgo","21":"tag-los-angeles-lakers","22":"tag-nba","23":"tag-spain","24":"tag-sports"},"share_on_mastodon":{"url":"https:\/\/pubeurope.com\/@es\/115826456273808820","error":""},"_links":{"self":[{"href":"https:\/\/www.europesays.com\/es\/wp-json\/wp\/v2\/posts\/319388","targetHints":{"allow":["GET"]}}],"collection":[{"href":"https:\/\/www.europesays.com\/es\/wp-json\/wp\/v2\/posts"}],"about":[{"href":"https:\/\/www.europesays.com\/es\/wp-json\/wp\/v2\/types\/post"}],"author":[{"embeddable":true,"href":"https:\/\/www.europesays.com\/es\/wp-json\/wp\/v2\/users\/2"}],"replies":[{"embeddable":true,"href":"https:\/\/www.europesays.com\/es\/wp-json\/wp\/v2\/comments?post=319388"}],"version-history":[{"count":0,"href":"https:\/\/www.europesays.com\/es\/wp-json\/wp\/v2\/posts\/319388\/revisions"}],"wp:featuredmedia":[{"embeddable":true,"href":"https:\/\/www.europesays.com\/es\/wp-json\/wp\/v2\/media\/319389"}],"wp:attachment":[{"href":"https:\/\/www.europesays.com\/es\/wp-json\/wp\/v2\/media?parent=319388"}],"wp:term":[{"taxonomy":"category","embeddable":true,"href":"https:\/\/www.europesays.com\/es\/wp-json\/wp\/v2\/categories?post=319388"},{"taxonomy":"post_tag","embeddable":true,"href":"https:\/\/www.europesays.com\/es\/wp-json\/wp\/v2\/tags?post=319388"}],"curies":[{"name":"wp","href":"https:\/\/api.w.org\/{rel}","templated":true}]}}