{"id":319409,"date":"2026-01-02T16:42:27","date_gmt":"2026-01-02T16:42:27","guid":{"rendered":"https:\/\/www.europesays.com\/es\/319409\/"},"modified":"2026-01-02T16:42:27","modified_gmt":"2026-01-02T16:42:27","slug":"francia-en-el-espejo-de-rusia-el-diplo","status":"publish","type":"post","link":"https:\/\/www.europesays.com\/es\/319409\/","title":{"rendered":"Francia en el espejo de Rusia \u2013 El Dipl\u00f3"},"content":{"rendered":"<p>EDICI\u00d3N 319 &#8211;<br \/>\n                            ENERO         2026                        <\/p>\n<p>\n                        HIPERPRESIDENCIALISMO Y AUTORITARISMO                    <\/p>\n<p>Macron suele afirmar que Francia debe prepararse para defender sus valores \u2013democracia, libertad, tolerancia\u2013 frente al modelo iliberal de Rusia. Sin embargo, el examen de las instituciones de ambos pa\u00edses revela inquietantes similitudes.<\/p>\n<p><img decoding=\"async\" src=\"https:\/\/www.europesays.com\/es\/wp-content\/uploads\/2026\/01\/24-dossier-int.jpg\" class=\"mx-auto w-full\"\/>G\u00e9rard Fromanger, serie Le Rouge, 1968-1970<\/p>\n<p>POST TYPE: post<\/p>\n<p>A priori, todo parece enfrentar a Francia con Rusia. En primer lugar, su sistema pol\u00edtico-econ\u00f3mico: al r\u00e9gimen capitalista liberal de mercado de Par\u00eds, Mosc\u00fa le opone un sistema olig\u00e1rquico bajo tutela del Estado. Luego, su postura geopol\u00edtica: Francia defiende un orden mundial bajo hegemon\u00eda estadounidense; Rusia se posiciona a favor&#8230;<\/p>\n<p>Si quer\u00e9s seguir leyendo<\/p>\n<p>Suscribite y acced\u00e9 sin l\u00edmite a todos nuestros contenidos. <\/p>\n<p> Registrate y disfrut\u00e1 gratis de tus primeras lecturas.<\/p>\n<p>        Si ya sos suscriptor,<br \/>\n        <a href=\"https:\/\/www.eldiplo.org\/mi-cuenta\/?form=login&amp;redirect_to=\/319-el-fin-de-la-industria-argentina\/francia-en-el-espejo-de-rusia\/\" class=\"underline font-bold hover:text-black\" rel=\"nofollow noopener\" target=\"_blank\">entr\u00e1 aqu\u00ed<\/a><\/p>\n<p> M\u00e1s notas de la edici\u00f3n Edici\u00f3n   ENERO 2026 <\/p>\n<p>    <a href=\"https:\/\/www.eldiplo.org\/319-el-fin-de-la-industria-argentina\/\" class=\"text-xs sm:text-sm  font-medium  group uppercase tracking-wide hidden sm:flex items-center justify-center space-x-1\" rel=\"nofollow noopener\" target=\"_blank\">Sumario <\/p>\n<p>                   <\/a><\/p>\n","protected":false},"excerpt":{"rendered":"EDICI\u00d3N 319 &#8211; ENERO 2026 HIPERPRESIDENCIALISMO Y AUTORITARISMO Macron suele afirmar que Francia debe prepararse para defender sus&hellip;\n","protected":false},"author":2,"featured_media":319410,"comment_status":"","ping_status":"","sticky":false,"template":"","format":"standard","meta":{"footnotes":""},"categories":[42],"tags":[17,18,13,14,11,61,62,63,64,19,20,9,10,15,16,12,21,22,65,66,67],"class_list":{"0":"post-319409","1":"post","2":"type-post","3":"status-publish","4":"format-standard","5":"has-post-thumbnail","7":"category-internacional","8":"tag-breaking-news","9":"tag-breakingnews","10":"tag-featured-news","11":"tag-featurednews","12":"tag-headlines","13":"tag-internacional","14":"tag-international","15":"tag-international-news","16":"tag-internationalnews","17":"tag-latest-news","18":"tag-latestnews","19":"tag-news","20":"tag-noticias","21":"tag-noticias-destacadas","22":"tag-noticiasdestacadas","23":"tag-titulares","24":"tag-ultimas-noticias","25":"tag-ultimasnoticias","26":"tag-world","27":"tag-world-news","28":"tag-worldnews"},"share_on_mastodon":{"url":"https:\/\/pubeurope.com\/@es\/115826507412944564","error":""},"_links":{"self":[{"href":"https:\/\/www.europesays.com\/es\/wp-json\/wp\/v2\/posts\/319409","targetHints":{"allow":["GET"]}}],"collection":[{"href":"https:\/\/www.europesays.com\/es\/wp-json\/wp\/v2\/posts"}],"about":[{"href":"https:\/\/www.europesays.com\/es\/wp-json\/wp\/v2\/types\/post"}],"author":[{"embeddable":true,"href":"https:\/\/www.europesays.com\/es\/wp-json\/wp\/v2\/users\/2"}],"replies":[{"embeddable":true,"href":"https:\/\/www.europesays.com\/es\/wp-json\/wp\/v2\/comments?post=319409"}],"version-history":[{"count":0,"href":"https:\/\/www.europesays.com\/es\/wp-json\/wp\/v2\/posts\/319409\/revisions"}],"wp:featuredmedia":[{"embeddable":true,"href":"https:\/\/www.europesays.com\/es\/wp-json\/wp\/v2\/media\/319410"}],"wp:attachment":[{"href":"https:\/\/www.europesays.com\/es\/wp-json\/wp\/v2\/media?parent=319409"}],"wp:term":[{"taxonomy":"category","embeddable":true,"href":"https:\/\/www.europesays.com\/es\/wp-json\/wp\/v2\/categories?post=319409"},{"taxonomy":"post_tag","embeddable":true,"href":"https:\/\/www.europesays.com\/es\/wp-json\/wp\/v2\/tags?post=319409"}],"curies":[{"name":"wp","href":"https:\/\/api.w.org\/{rel}","templated":true}]}}