{"id":319413,"date":"2026-01-02T16:44:19","date_gmt":"2026-01-02T16:44:19","guid":{"rendered":"https:\/\/www.europesays.com\/es\/319413\/"},"modified":"2026-01-02T16:44:19","modified_gmt":"2026-01-02T16:44:19","slug":"el-ayuntamiento-de-elda-acondiciona-el-recorrido-de-la-via-augusta-en-su-termino-municipal-para-incorporarlo-a-la-oferta-turistica-vinculada-a-la-historia-y-patrimonio-de-la-ciudad","status":"publish","type":"post","link":"https:\/\/www.europesays.com\/es\/319413\/","title":{"rendered":"El Ayuntamiento de Elda acondiciona el recorrido de la V\u00eda Augusta en su t\u00e9rmino municipal para incorporarlo a la oferta tur\u00edstica vinculada a la historia y patrimonio de la ciudad"},"content":{"rendered":"<p>El alcalde de Elda, Rub\u00e9n Alfaro, ha presentado esta ma\u00f1ana la se\u00f1alizaci\u00f3n de la V\u00eda Augusta a su paso por el t\u00e9rmino municipal eldense. Se trata de un proyecto impulsado desde la Concejal\u00eda de Presidencia y Fondos Europeos y financiado a trav\u00e9s del Plan de Sostenibilidad Tur\u00edstica en Destino, alineado con el Plan Estrat\u00e9gico Elda 2030, cuyo objetivo es consolidar Elda como destino de interior vinculado al patrimonio, la historia, la naturaleza y el turismo activo.<\/p>\n<p>Rub\u00e9n Alfaro ha explicado que \u00abesta actuaci\u00f3n crea una ruta senderista y cicloturista de 3,8 kil\u00f3metros, accesible y segura, que conecta de norte a sur los principales espacios relacionados con la presencia romana en Elda, utilizando como eje vertebrador el r\u00edo Vinalop\u00f3 y los Jardines del Vinalop\u00f3. Este recorrido pone en valor una de las grandes zonas verdes de la ciudad, la conecta con nuestro pasado romano y refuerza futuras actuaciones de mejora paisaj\u00edstica y ambiental\u00bb.<\/p>\n<p>Adem\u00e1s, esta ruta senderista enlaza con otras rutas hist\u00f3ricas y naturales y con recursos culturales como el Museo Arqueol\u00f3gico y el yacimiento de El Monastil en el que nos encontramos. El proyecto incorpora la creaci\u00f3n de la marca \u2018Elda en la V\u00eda Augusta\u2019, vinculada a nuestra identidad como ciudad del calzado, conectando patrimonio, historia y marca ciudad bajo el lema \u2018Elda te deja huella\u2019.<\/p>\n<p>El regidor eldense ha destacado que \u00abque nuestra ciudad atesora y expone en el Museo Arqueol\u00f3gico una suela de esparto de una sandalia romana que, precisamente, figura en el logo del Plan Director de Recuperaci\u00f3n de la V\u00eda Augusta realizado por la Generalitat Valenciana. Se trata de un elemento tangible que sirve para enlazar cada uno de los conceptos de los que estamos tratando, como son los de calzado, huella, \u00e9poca romana, camino hist\u00f3rico y turismo activo\u00bb.<\/p>\n<p>La actuaci\u00f3n se completa con la instalaci\u00f3n de paneles interpretativos, se\u00f1alizaci\u00f3n para senderismo y cicloturismo y la mejora del panel de la F\u00e1brica de la Luz, mejorando la experiencia del visitante y la divulgaci\u00f3n de nuestro patrimonio.<\/p>\n<p>\u00abCon este proyecto, ha concluido Rub\u00e9n Alfaro, damos un paso m\u00e1s para que Elda siga creciendo como una ciudad que cuida su historia, apuesta por la sostenibilidad y convierte su patrimonio en una oportunidad de futuro\u00bb.<\/p>\n","protected":false},"excerpt":{"rendered":"El alcalde de Elda, Rub\u00e9n Alfaro, ha presentado esta ma\u00f1ana la se\u00f1alizaci\u00f3n de la V\u00eda Augusta a su&hellip;\n","protected":false},"author":2,"featured_media":319414,"comment_status":"","ping_status":"","sticky":false,"template":"","format":"standard","meta":{"footnotes":""},"categories":[5],"tags":[17,18,25,24,13,14,11,19,20,9,10,15,16,23,12,21,22],"class_list":{"0":"post-319413","1":"post","2":"type-post","3":"status-publish","4":"format-standard","5":"has-post-thumbnail","7":"category-titulares","8":"tag-breaking-news","9":"tag-breakingnews","10":"tag-es","11":"tag-espana","12":"tag-featured-news","13":"tag-featurednews","14":"tag-headlines","15":"tag-latest-news","16":"tag-latestnews","17":"tag-news","18":"tag-noticias","19":"tag-noticias-destacadas","20":"tag-noticiasdestacadas","21":"tag-spain","22":"tag-titulares","23":"tag-ultimas-noticias","24":"tag-ultimasnoticias"},"share_on_mastodon":{"url":"https:\/\/pubeurope.com\/@es\/115826515155515610","error":""},"_links":{"self":[{"href":"https:\/\/www.europesays.com\/es\/wp-json\/wp\/v2\/posts\/319413","targetHints":{"allow":["GET"]}}],"collection":[{"href":"https:\/\/www.europesays.com\/es\/wp-json\/wp\/v2\/posts"}],"about":[{"href":"https:\/\/www.europesays.com\/es\/wp-json\/wp\/v2\/types\/post"}],"author":[{"embeddable":true,"href":"https:\/\/www.europesays.com\/es\/wp-json\/wp\/v2\/users\/2"}],"replies":[{"embeddable":true,"href":"https:\/\/www.europesays.com\/es\/wp-json\/wp\/v2\/comments?post=319413"}],"version-history":[{"count":0,"href":"https:\/\/www.europesays.com\/es\/wp-json\/wp\/v2\/posts\/319413\/revisions"}],"wp:featuredmedia":[{"embeddable":true,"href":"https:\/\/www.europesays.com\/es\/wp-json\/wp\/v2\/media\/319414"}],"wp:attachment":[{"href":"https:\/\/www.europesays.com\/es\/wp-json\/wp\/v2\/media?parent=319413"}],"wp:term":[{"taxonomy":"category","embeddable":true,"href":"https:\/\/www.europesays.com\/es\/wp-json\/wp\/v2\/categories?post=319413"},{"taxonomy":"post_tag","embeddable":true,"href":"https:\/\/www.europesays.com\/es\/wp-json\/wp\/v2\/tags?post=319413"}],"curies":[{"name":"wp","href":"https:\/\/api.w.org\/{rel}","templated":true}]}}