{"id":319431,"date":"2026-01-02T17:00:22","date_gmt":"2026-01-02T17:00:22","guid":{"rendered":"https:\/\/www.europesays.com\/es\/319431\/"},"modified":"2026-01-02T17:00:22","modified_gmt":"2026-01-02T17:00:22","slug":"osasuna-es-un-rival-complicadisimo","status":"publish","type":"post","link":"https:\/\/www.europesays.com\/es\/319431\/","title":{"rendered":"Osasuna es un rival complicad\u00edsimo"},"content":{"rendered":"<p>\n        <a href=\"https:\/\/www.noticiasdenavarra.com\/tags\/ernesto-valverde\/\" title=\"Ernesto Valverde\" class=\"link copy\" rel=\"nofollow noopener\" target=\"_blank\">Ernesto Valverde<\/a>, siempre comedido en sus apariciones ante los medios de comunicaci\u00f3n, se expres\u00f3 con inusitada claridad en la previa del <a href=\"https:\/\/www.noticiasdenavarra.com\/tags\/osasuna-athletic\/\" title=\"derbi ante Osasuna en El Sadar\" class=\"link copy\" rel=\"nofollow noopener\" target=\"_blank\">derbi ante Osasuna en El Sadar<\/a>, donde no podr\u00e1 contar con los todav\u00eda lesionados<strong> Yuri Berchiche y Aymeric Laporte<\/strong>, quienes \u201cvan a estar un poco justos para la Supercopa e imagino que volver\u00e1n despu\u00e9s, aunque ojal\u00e1 podamos recuperar a alguno de los dos\u201d.\n<\/p>\n<p class=\"article-body__text \">\n        \u201cBerenguer ten\u00eda alguna peque\u00f1a molestia, Lekue tambi\u00e9n e <strong>I\u00f1aki <\/strong>fue padre ayer -por el jueves-\u201d, expuso asimismo el t\u00e9cnico rojiblanco, a quien le gustar\u00eda en 2026 \u201climitar las lesiones, porque nos est\u00e1n trastocando bastante, aunque es dif\u00edcil por el ritmo de competici\u00f3n y los partidos que hay y les pasa a todos los equipos\u201d.\n<\/p>\n<p class=\"article-body__text \">\n        Cuestionado por el par\u00f3n navide\u00f1o, Valverde reconoci\u00f3 que \u201chemos tenido que hacer una peque\u00f1a reflexi\u00f3n sobre la mitad de temporada que llevamos, porque hay cosas imponderables como las lesiones o acertar m\u00e1s o menos, pero hay otras cosas que tenemos que mejorar y en las que nos tenemos que centrar. Hemos perdido la mitad de los partidos que hemos jugado en liga, cosa que no nos pas\u00f3 la temporada anterior y queremos volver a esa din\u00e1mica positiva en la que van saliendo las cosas, pero debemos buscarla\u201d.\n<\/p>\n<p>  Prop\u00f3sitos para 2026<\/p>\n<p class=\"article-body__text \">\n        Tambi\u00e9n destac\u00f3 el de Viandar de la Vera que \u201csi analizamos el a\u00f1o anterior fue muy positivo, mucho m\u00e1s la primera mitad de a\u00f1o. Esta temporada estamos teniendo\u00a0<strong>m\u00e1s dificultades\u00a0<\/strong>para sacar los partidos, pero tenemos otra media temporada en la que nuestra idea es reforzarnos en lo que vamos haciendo y tener un poco m\u00e1s de acierto defensiva y ofensivamente\u201d. \u201c<strong>Necesitamos mejorar en algunas cosas<\/strong>\u00a0y estamos en ello\u201d, incidi\u00f3 Valverde, quien se\u00f1al\u00f3 que su prop\u00f3sito para 2026 es \u201cde momento\u00a0<strong>ganar a Osasuna<\/strong>, si puede ser. Tenemos un partido complicad\u00edsimo contra un rival que de los 18 puntos que tiene 16 los ha conseguido en casa\u201d.\n<\/p>\n<p class=\"article-body__text \">\n        Sobre su rival el t\u00e9cnico dijo que Osasuna sigue siendo \u00ab<strong>reconocible<\/strong>\u00bb y que a pesar de la llegada de Alessio Lisci ve \u00ab<strong>muchos rasgos que son de Osasuna de toda la vida<\/strong>\u00ab.\n<\/p>\n<p class=\"article-body__text \">\n        \u00abHay equipos que hacen cosas sencillas, pero <strong>hacer las cosas sencillas a veces es lo m\u00e1s complicado del f\u00fatbol<\/strong>. Han conseguido dos victorias bastante solventes en casa contra Alav\u00e9s y Levante y supongo que estar\u00e1n m\u00e1s confiados. Es un equipo fuerte, bastante dif\u00edcil de sobrepasar y que con espacio te hace mucho da\u00f1o con los jugadores que tiene arriba\u00bb, detall\u00f3.\n<\/p>\n<p class=\"article-body__text \">\n        \u201cA largo plazo siempre tienes una perspectiva, pero la tienes que ir cumpliendo en el corto plazo y en LaLiga tenemos una desventaja al quedarnos solo un partido para terminar la primera vuelta y debemos recuperar puntos que nos hemos dejado en el camino\u201d, profundiz\u00f3 el t\u00e9cnico, quien asegur\u00f3 sobre el mercado de invierno que \u201cest\u00e1 abierto para todos y ya veremos lo que ocurre. Me pilla por sorpresa la pregunta porque ni lo hab\u00eda pensado. En principio cuento con los que tengo. No s\u00e9 si saldr\u00e1 alguien o llegar\u00e1 alguien que ser\u00e1 m\u00e1s complicado\u201d.\n<\/p>\n<p>  Tir\u00f3n de orejas a I\u00f1aki Williams<\/p>\n<p class=\"article-body__text \">\n        Con claridad se expres\u00f3 Valverde al ser cuestionado por las palabras de<strong>\u00a0I\u00f1aki Williams\u00a0<\/strong>sobre la Supercopa, pues el capit\u00e1n rojiblanco manifest\u00f3 el martes que \u201cjugar en Arabia Saud\u00ed es una mierda\u201d. El t\u00e9cnico asegur\u00f3 en Lezama que \u201cindependientemente de que nos guste m\u00e1s o menos el formato, no s\u00e9 si estuvo muy acertado I\u00f1aki en la expresi\u00f3n que utiliz\u00f3. Es verdad que estos d\u00edas\u00a0<strong>est\u00e1 con el nacimiento de su hijo\u00a0<\/strong>y tener que marchar lejos le puede trastocar un poco m\u00e1s, pero tenemos que ser cuidadosos con las expresiones que utilizamos. M\u00e1s que nada, porque para nosotros ir a Arabia supone prestigio, no nos vamos a enga\u00f1ar. Vamos a jugar una Supercopa, lo que significa que tenemos la posibilidad de ganar un t\u00edtulo y al mismo tiempo nuestro club est\u00e1 cobrando por ir all\u00ed. A todos nos gustar\u00eda que estuvieran nuestros aficionados, pero tenemos que ser un poco respetuosos con todo\u201d.<\/p>\n","protected":false},"excerpt":{"rendered":"Ernesto Valverde, siempre comedido en sus apariciones ante los medios de comunicaci\u00f3n, se expres\u00f3 con inusitada claridad en&hellip;\n","protected":false},"author":2,"featured_media":319432,"comment_status":"","ping_status":"","sticky":false,"template":"","format":"standard","meta":{"footnotes":""},"categories":[93],"tags":[74485,168,25,24,621,6260,23,167,1933],"class_list":{"0":"post-319431","1":"post","2":"type-post","3":"status-publish","4":"format-standard","5":"has-post-thumbnail","7":"category-deportes","8":"tag-complicadisimo","9":"tag-deportes","10":"tag-es","11":"tag-espana","12":"tag-osasuna","13":"tag-rival","14":"tag-spain","15":"tag-sports","16":"tag-valverde"},"share_on_mastodon":{"url":"https:\/\/pubeurope.com\/@es\/115826578258132816","error":""},"_links":{"self":[{"href":"https:\/\/www.europesays.com\/es\/wp-json\/wp\/v2\/posts\/319431","targetHints":{"allow":["GET"]}}],"collection":[{"href":"https:\/\/www.europesays.com\/es\/wp-json\/wp\/v2\/posts"}],"about":[{"href":"https:\/\/www.europesays.com\/es\/wp-json\/wp\/v2\/types\/post"}],"author":[{"embeddable":true,"href":"https:\/\/www.europesays.com\/es\/wp-json\/wp\/v2\/users\/2"}],"replies":[{"embeddable":true,"href":"https:\/\/www.europesays.com\/es\/wp-json\/wp\/v2\/comments?post=319431"}],"version-history":[{"count":0,"href":"https:\/\/www.europesays.com\/es\/wp-json\/wp\/v2\/posts\/319431\/revisions"}],"wp:featuredmedia":[{"embeddable":true,"href":"https:\/\/www.europesays.com\/es\/wp-json\/wp\/v2\/media\/319432"}],"wp:attachment":[{"href":"https:\/\/www.europesays.com\/es\/wp-json\/wp\/v2\/media?parent=319431"}],"wp:term":[{"taxonomy":"category","embeddable":true,"href":"https:\/\/www.europesays.com\/es\/wp-json\/wp\/v2\/categories?post=319431"},{"taxonomy":"post_tag","embeddable":true,"href":"https:\/\/www.europesays.com\/es\/wp-json\/wp\/v2\/tags?post=319431"}],"curies":[{"name":"wp","href":"https:\/\/api.w.org\/{rel}","templated":true}]}}