{"id":319442,"date":"2026-01-02T17:06:08","date_gmt":"2026-01-02T17:06:08","guid":{"rendered":"https:\/\/www.europesays.com\/es\/319442\/"},"modified":"2026-01-02T17:06:08","modified_gmt":"2026-01-02T17:06:08","slug":"los-museos-gestionados-por-el-ministerio-de-cultura-registran-mas-de-79-millones-de-visitantes-en-2025","status":"publish","type":"post","link":"https:\/\/www.europesays.com\/es\/319442\/","title":{"rendered":"Los museos gestionados por el Ministerio de Cultura registran m\u00e1s de 7,9 millones de visitantes en 2025"},"content":{"rendered":"<p>Los museos gestionados por el Ministerio de Cultura, que engloban la Red de Museos Estatales, el Museo Nacional del Prado y el Museo Nacional Centro de Arte Reina Sof\u00eda, han recibido en 2025 un total de 7.993.765 visitantes, algunos de ellos batiendo su r\u00e9cord hist\u00f3rico de visitas.<\/p>\n<p>La red de Museos Estatales gestionados de forma directa por el Ministerio de Cultura, a trav\u00e9s de la Direcci\u00f3n General de Patrimonio y Bellas Artes, ha recibido en 2025 la visita de 2.878.631 personas. Una cifra que se acerca a los tres millones de visitantes de 2024, lo que pone de manifiesto su capacidad para mantener un elevado nivel de afluencia incluso en un contexto de cierre temporal del Museo Sorolla, uno de los m\u00e1s visitados.<\/p>\n<p>A ellos se suman los 3.513.402 visitantes que ha recibido el Museo del Prado, que supera los 3,6 millones de visitantes si se atiende a la cifra de asistencia a las exposiciones del Prado fuera de Madrid: 10.148 lo han hecho en la exposici\u00f3n \u00abXIX. El siglo del retrato\u00bb en Palma y 130.188 en la exposici\u00f3n \u00abRubens y los artistas del Barroco flamenco\u00bb en Barcelona. Esta es la primera vez que este museo supera los 3,5 millones de visitantes.<\/p>\n<p>Por su parte, el Museo Nacional Centro de Arte Reina Sof\u00eda ha recibido 1.601.732 visitantes en la sede principal del Museo en 2025, casi 65.000 visitas m\u00e1s que el a\u00f1o anterior, lo que supone un incremento del 4,2% respecto a 2024.<\/p>\n<p>El Museo Arqueol\u00f3gico Nacional, por su parte, ha alcanzado su r\u00e9cord hist\u00f3rico al registrar 864.201 visitantes, un 37,76% m\u00e1s que el a\u00f1o anterior. Esta cifra supera ampliamente la alcanzada por el museo en su r\u00e9cord anterior, registrado en 2014, a\u00f1o en el que reabri\u00f3 sus puertas tras una reforma integral del edificio y recibi\u00f3 la visita de 768.836 personas.<\/p>\n<p>El segundo museo m\u00e1s visitado de la Red de Museos Estatales, y siguiendo la tendencia de la serie hist\u00f3rica, es el Museo Nacional y Centro de Investigaci\u00f3n de Altamira, en Santillana del Mar (Cantabria), que este a\u00f1o ha registrado 293.700 visitantes, una cifra que supera ligeramente la de 2024 (+0,31%), y que es la m\u00e1s alta de los \u00faltimos 10 a\u00f1os.<\/p>\n<p>Le siguen el Museo Sefard\u00ed en Toledo, el tercero m\u00e1s visitado de la Red de Museos Estatales, con 256.468 visitantes; y el Museo Nacional de Arte Romano en M\u00e9rida que, con 224.890 visitantes, incrementa su cifra de 2024 en un 21,97% m\u00e1s, coincidiendo con los cierres del museo por las obras de ampliaci\u00f3n y remodelaci\u00f3n de su emblem\u00e1tica sede, dise\u00f1ada por Rafael Moneo, que celebra su 40 aniversario en 2026.<\/p>\n<p>Por otra parte, los museos estatales ubicados en Valladolid tambi\u00e9n han experimentado un aumento de visitantes en relaci\u00f3n con las cifras registradas en 2024. Por un lado, el Museo Casa de Cervantes ha sido visitado en 2025 por 37.969 personas, un 7,26% m\u00e1s que el a\u00f1o anterior y, por otro, el Museo Nacional de Escultura, por 180.226 personas, un 5,56% m\u00e1s. Ambos museos encadenan cinco a\u00f1os consecutivos de mejora de sus registros.<\/p>\n<p>El Museo Nacional de Antropolog\u00eda de Madrid, que este a\u00f1o ha celebrado su 150 aniversario, ha registrado 87.679 visitas, incrementando ligeramente su cifra de 2024 (+0,83%), y siendo su mejor registro en los \u00faltimos cinco a\u00f1os.<\/p>\n<p>Se mantienen en registros similares a a\u00f1os anteriores con ligeras variaciones el Museo Nacional de Cer\u00e1mica y Artes Suntuarias &#8216;Gonz\u00e1lez Mart\u00ed&#8217; en Valencia (186.534 visitantes), el Museo del Greco en Toledo (149.432), el Museo Nacional del Romanticismo (115.472), el Museo Cerralbo (109.747), el Museo del Traje. Centro de Investigaci\u00f3n del Patrimonio Etnol\u00f3gico (98.920), el Museo Nacional de Artes Decorativas (97.722) y el Museo de Am\u00e9rica (89.077), en Madrid, as\u00ed como el Museo Nacional de Arqueolog\u00eda Subacu\u00e1tica ARQVA en Cartagena (Murcia) que ha registrado 86.594 visitantes.<\/p>\n<p>Procedencia de los visitantes<\/p>\n<p>En cuanto a la procedencia del p\u00fablico de los Museos Estatales, \u00e9ste es mayoritariamente de origen nacional, en un 78%, frente al 22% de turistas extranjeros. De estos \u00faltimos, son las personas procedentes de Estados Unidos, Francia, Italia y Reino Unido, por ese orden, las que m\u00e1s los visitan.<\/p>\n<p>En el caso del Museo del Prado, un 34,15% de sus visitantes de 2025 tienen su residencia en Espa\u00f1a, mientras que un 65,9% son residentes extranjeros, procedentes principalmente de Estados Unidos (14%), M\u00e9xico (10%), Italia (5%) y Argentina (4%).<\/p>\n<p>Exhaustivo programa de exposiciones en la Red de Museos Estatales<\/p>\n<p>2025 ha sido un a\u00f1o con un rico programa de exposiciones temporales en la red de Museos Estatales. Se han celebrado un total de 72, en las que se ha prestado especial atenci\u00f3n a la perspectiva de g\u00e9nero y el compromiso con la participaci\u00f3n de las mujeres, a la labor de creadores contempor\u00e1neos o a la investigaci\u00f3n en torno a las colecciones, su origen y su contexto hist\u00f3rico.<\/p>\n<p>En cuanto a la participaci\u00f3n de mujeres, destacan exposiciones como la organizada por el Museo Nacional de Cer\u00e1mica y Artes Suntuarias &#8216;Gonz\u00e1lez Mart\u00ed&#8217; en Valencia, &#8216;Dona(n)&#8217;, cuyo objetivo era ense\u00f1ar el papel de las mujeres que, a trav\u00e9s de sus donaciones a lo largo de la historia, han contribuido a enriquecer las colecciones del museo. Por su parte, el Museo Nacional del Romanticismo organiz\u00f3 la exposici\u00f3n &#8216;Retratadas. Estudios de mujeres&#8217; que podr\u00e1 visitarse hasta el 25 de enero de 2026.<\/p>\n<p>En el \u00e1mbito de la creaci\u00f3n contempor\u00e1nea, a lo largo del a\u00f1o distintos museos de la red han acogido el proyecto &#8216;Memoria, tejidos y museos. Los barrios bajos de la atenci\u00f3n&#8217; en el que distintas creadoras revisaban los fondos textiles de los museos participantes desde una mirada actual y el Museo Nacional de Antropolog\u00eda present\u00f3 en su sede el \u00faltimo trabajo, hecho exprofeso para el museo, de la artista americana Ayana V. Jackson en el marco del festival internacional de &#8216;PHotoEspa\u00f1a&#8217;.<\/p>\n<p>Adem\u00e1s, se han presentado exposiciones centradas en la puesta en valor de artistas como &#8216;Javier de Juan. En el coraz\u00f3n de la ciudad&#8217; en el Museo Nacional de Artes Decorativas de Madrid o &#8216;Chillida. M\u00edstica y materia&#8217; en el Museo Nacional de Escultura de Valladolid.<\/p>\n<p>En 2025 se ha celebrado el centenario de la Exposici\u00f3n del Traje Regional, hito que supuso el punto de partida de las colecciones del Museo del Traje. Centro de Investigaci\u00f3n del Patrimonio Etnol\u00f3gico. Para la ocasi\u00f3n, el museo organiz\u00f3 la exposici\u00f3n &#8216;Ra\u00edces&#8217; que ha podido disfrutarse hasta noviembre de 2025 y que ha estado acompa\u00f1ada de diversas actividades divulgativas y de car\u00e1cter cient\u00edfico.<\/p>\n<p>Por su parte, el Museo de Am\u00e9rica en Madrid ha activado una serie de intervenciones con la colaboraci\u00f3n de distintos colectivos, comunidades y profesionales que han dialogado con su exposici\u00f3n permanente bajo el nombre &#8216;Tiempos subvertidos: interferencias en el espacio\/tiempo del museo&#8217;. Este museo ha prestado especial atenci\u00f3n a los b\u00facaros de Indias como fen\u00f3meno cultural y est\u00e9tico global, albergando una de las colecciones m\u00e1s importantes y antiguas del mundo.<\/p>\n<p>El Museo del Greco en Toledo, con su propuesta &#8216;Maniera&#8217;, ha realizado un recorrido por la pintura toledana del siglo XVI que podr\u00e1 visitarse hasta febrero de 2026. En el marco de esta exposici\u00f3n, El Tr\u00e1nsito de la Virgen, obra de Juan Correa de Vivar, procedente del Museo Nacional del Prado, regresa a la Sinagoga del Tr\u00e1nsito (Museo Sefard\u00ed), su lugar original, casi dos siglos despu\u00e9s.<\/p>\n<p>Adem\u00e1s, tras el \u00e9xito de &#8216;El Egipto de Eduard Toda&#8217;, el Museo Arqueol\u00f3gico Nacional ha cerrado el a\u00f1o con una gran muestra que podr\u00e1 visitarse en los primeros meses de 2026, y que trae a nuestro pa\u00eds piezas excepcionales del patrimonio mexicano: &#8216;La mitad del mundo. La mujer en el M\u00e9xico ind\u00edgena. El \u00e1mbito humano&#8217;.<\/p>\n","protected":false},"excerpt":{"rendered":"Los museos gestionados por el Ministerio de Cultura, que engloban la Red de Museos Estatales, el Museo Nacional&hellip;\n","protected":false},"author":2,"featured_media":319443,"comment_status":"","ping_status":"","sticky":false,"template":"","format":"standard","meta":{"footnotes":""},"categories":[8],"tags":[517,17,18,209,25,24,13,14,11,19,20,9,10,15,16,2330,23,12,21,22],"class_list":{"0":"post-319442","1":"post","2":"type-post","3":"status-publish","4":"format-standard","5":"has-post-thumbnail","7":"category-espana","8":"tag-actualidad","9":"tag-breaking-news","10":"tag-breakingnews","11":"tag-cultura","12":"tag-es","13":"tag-espana","14":"tag-featured-news","15":"tag-featurednews","16":"tag-headlines","17":"tag-latest-news","18":"tag-latestnews","19":"tag-news","20":"tag-noticias","21":"tag-noticias-destacadas","22":"tag-noticiasdestacadas","23":"tag-prensa","24":"tag-spain","25":"tag-titulares","26":"tag-ultimas-noticias","27":"tag-ultimasnoticias"},"share_on_mastodon":{"url":"https:\/\/pubeurope.com\/@es\/115826601731799309","error":""},"_links":{"self":[{"href":"https:\/\/www.europesays.com\/es\/wp-json\/wp\/v2\/posts\/319442","targetHints":{"allow":["GET"]}}],"collection":[{"href":"https:\/\/www.europesays.com\/es\/wp-json\/wp\/v2\/posts"}],"about":[{"href":"https:\/\/www.europesays.com\/es\/wp-json\/wp\/v2\/types\/post"}],"author":[{"embeddable":true,"href":"https:\/\/www.europesays.com\/es\/wp-json\/wp\/v2\/users\/2"}],"replies":[{"embeddable":true,"href":"https:\/\/www.europesays.com\/es\/wp-json\/wp\/v2\/comments?post=319442"}],"version-history":[{"count":0,"href":"https:\/\/www.europesays.com\/es\/wp-json\/wp\/v2\/posts\/319442\/revisions"}],"wp:featuredmedia":[{"embeddable":true,"href":"https:\/\/www.europesays.com\/es\/wp-json\/wp\/v2\/media\/319443"}],"wp:attachment":[{"href":"https:\/\/www.europesays.com\/es\/wp-json\/wp\/v2\/media?parent=319442"}],"wp:term":[{"taxonomy":"category","embeddable":true,"href":"https:\/\/www.europesays.com\/es\/wp-json\/wp\/v2\/categories?post=319442"},{"taxonomy":"post_tag","embeddable":true,"href":"https:\/\/www.europesays.com\/es\/wp-json\/wp\/v2\/tags?post=319442"}],"curies":[{"name":"wp","href":"https:\/\/api.w.org\/{rel}","templated":true}]}}