{"id":319446,"date":"2026-01-02T17:11:07","date_gmt":"2026-01-02T17:11:07","guid":{"rendered":"https:\/\/www.europesays.com\/es\/319446\/"},"modified":"2026-01-02T17:11:07","modified_gmt":"2026-01-02T17:11:07","slug":"confirmaron-que-murio-una-promesa-italiana-del-golf-de-16-anos-en-el-tragico-incendio-en-un-bar-de-suiza","status":"publish","type":"post","link":"https:\/\/www.europesays.com\/es\/319446\/","title":{"rendered":"Confirmaron que muri\u00f3 una promesa italiana del golf de 16 a\u00f1os en el tr\u00e1gico incendio en un bar de Suiza"},"content":{"rendered":"<p><img alt=\"Emanuele Galeppini, la promesa del\" class=\"global-image\" decoding=\"async\" fetchpriority=\"high\" height=\"1080\" loading=\"eager\" src=\"https:\/\/www.europesays.com\/es\/wp-content\/uploads\/2026\/01\/SMVBOX55OFAFLF7XHOWQQPLIFY.jpg\" width=\"1920\"\/>Emanuele Galeppini, la promesa del golf italiano que muri\u00f3 en la tragedia de Suiza (Foto: @emanuele.galeppini)<\/p>\n<p class=\"paragraph\">El devastador incendio en el bar Le Constellation de <b>Crans-Montana<\/b>, en el cant\u00f3n de Valais, Suiza, caus\u00f3 la muerte de<b> 40 personas<\/b> y dej\u00f3 119 heridos, de los cuales <a rel=\"noopener noreferrer nofollow\" href=\"https:\/\/www.infobae.com\/america\/mundo\/2026\/01\/02\/al-menos-80-personas-heridas-por-el-incendio-en-suiza-estan-en-estado-critico\/\" target=\"_blank\" title=\"https:\/\/www.infobae.com\/america\/mundo\/2026\/01\/02\/al-menos-80-personas-heridas-por-el-incendio-en-suiza-estan-en-estado-critico\/\"><b>al menos 80 permanecen en estado cr\u00edtico<\/b><\/a>. Una de las primeras v\u00edctimas identificadas fue <b>Emanuele Galeppini<\/b>, un <b>golfista italiano de 16 a\u00f1os<\/b> que era considerado una de las mayores promesas del deporte juvenil.<\/p>\n<p class=\"paragraph\">La confirmaci\u00f3n de la noticia la dio la propia <b>Federaci\u00f3n Italiana de Golf<\/b>, la cual lament\u00f3 p\u00fablicamente el fallecimiento del golfista a trav\u00e9s de un comunicado: \u201c<b>La Federaci\u00f3n Italiana de Golf lamenta el fallecimiento de Emanuele Galeppini, un joven atleta apasionado y con valores genuinos<\/b>. En estos momentos de profunda tristeza, acompa\u00f1amos en el pensamiento a su familia y a todos sus seres queridos. Emanuele, siempre estar\u00e1s en nuestros corazones\u201d. Su familia, residente en Dub\u00e1i, se traslad\u00f3 hasta Suiza tras no recibir noticias suyas la noche del siniestro.<\/p>\n<p class=\"paragraph\">Seg\u00fan informaron los portales RMC Sport y Le Parisien, <b>el padre de Emanuele, Edoardo, viaj\u00f3 al lugar de los hechos pocas horas despu\u00e9s del estallido<\/b>. En declaraciones al canal italiano Tgcom pidi\u00f3 colaboraci\u00f3n ciudadana antes de confirmar la lamentable noticia: \u201cAy\u00fadenme a encontrar a Emanuele. Nos enteramos de la explosi\u00f3n alrededor de la 1:30 a. m. Fuimos al bar, pero no lo encontramos. <b>No ha contestado el tel\u00e9fono desde anoche. Se ruega a cualquier persona que tenga informaci\u00f3n que contacte con las autoridades competentes de inmediato<\/b>\u201d. Seg\u00fan relat\u00f3, el \u00faltimo mensaje que hab\u00eda enviado a su hijo fue poco antes de la medianoche para desearle un feliz a\u00f1o nuevo. Dos de los amigos del joven lograron escapar entre las llamas y fueron hallados en hospitales cercanos.<\/p>\n<p class=\"paragraph\">En este contexto, se conoci\u00f3 una declaraci\u00f3n del t\u00edo asegurando que mantendr\u00e1n las esperanzas de hallar a Emanuele hasta que los ex\u00e1menes de ADN no confirmen que es su identidad. \u201cPor ahora, Emanuele sigue en la lista de personas desaparecidas y estamos esperando los resultados de ADN. En resumen, a\u00fan puede haber esperanza\u201d, advirti\u00f3 Sebastiano Galeppini al medio italiano ADNKronos . Este mismo portal detall\u00f3 que el joven estaba de vacaciones con su padre en Crans-Montana. <\/p>\n<p class=\"paragraph\">Su muerte fue confirmada por la Federaci\u00f3n Italiana de Golf, que lo tiene como miembro. La Gazzetta dello Sport detall\u00f3 que el tel\u00e9fono m\u00f3vil del joven fue encontrado en la morgue donde se llevan los cuerpos de las v\u00edctimas, aunque insisti\u00f3 con la voz oficial de la familia que espera por una prueba de ADN para confirmar el triste desenlace.<\/p>\n<p class=\"paragraph\">En medio de una situaci\u00f3n ca\u00f3tica, los especialistas aseguran que \u201cse necesitar\u00e1n al menos cinco o seis d\u00edas para identificar a todas las v\u00edctimas\u201d ya que \u201cSe est\u00e1n implementando procedimientos, tan pronto como se pueda inspeccionar el lugar, para determinar sus identidades\u201d, seg\u00fan replic\u00f3 el Corriere dello Sport. Hay integrantes de la Identificaci\u00f3n de V\u00edctimas de Desastres (DVI) que permanecen trabajando en el lugar para \u201cidentificar los cuerpos calcinados o los afectados por la explosi\u00f3n\u201d.<\/p>\n<p class=\"paragraph\"><b>Emanuele Galeppini<\/b> naci\u00f3 en <b>G\u00e9nova<\/b> y resid\u00eda en Dub\u00e1i, desde donde cultiv\u00f3 una incipiente y prometedora carrera deportiva. De acuerdo con el portal Golf Digest Middle East, <b>se trataba de una figura destacada del golf amateur en los Emiratos \u00c1rabes Unidos<\/b>. Obtuvo el triunfo en el Omega Dubai Creek Amateur Open en abril de 2025, compiti\u00f3 en el Trofeo Rey Hamad en Bar\u00e9in y particip\u00f3 regularmente en torneos de Oriente Medio y Europa, como la Copa de los Emiratos \u00c1rabes Unidos en Al Ain, y en campeonatos en Francia y B\u00e9lgica.<\/p>\n<p class=\"paragraph\">Las redes sociales, especialmente su cuenta de Instagram, se llenaron r\u00e1pidamente de mensajes de homenaje, recordando al joven golfista, quien a principios de este a\u00f1o comparti\u00f3 una fotograf\u00eda junto al norirland\u00e9s <b>Rory McIlroy<\/b>, actual n\u00famero dos del mundo. <\/p>\n<p><img alt=\"El comunicado oficial de la\" class=\"global-image\" decoding=\"async\" fetchpriority=\"low\" height=\"1896\" loading=\"lazy\" src=\"https:\/\/www.europesays.com\/es\/wp-content\/uploads\/2026\/01\/75W5ORFKXNFDPFINDHOLXFVYHM.jpg\" width=\"1238\"\/>El comunicado oficial de la Federaci\u00f3n Italiana de Golf sobre el fallecimiento de Emanuele Galeppini<\/p>\n<p class=\"paragraph\">El siniestro afect\u00f3 a otra figura del \u00e1mbito deportivo, <a rel=\"noopener noreferrer nofollow\" href=\"https:\/\/www.infobae.com\/deportes\/2026\/01\/01\/quien-es-el-futbolista-que-sufrio-heridas-de-gravedad-en-la-explosion-en-un-bar-suizo-que-conmueve-a-toda-europa\/\" target=\"_blank\" title=\"https:\/\/www.infobae.com\/deportes\/2026\/01\/01\/quien-es-el-futbolista-que-sufrio-heridas-de-gravedad-en-la-explosion-en-un-bar-suizo-que-conmueve-a-toda-europa\/\">como <b>Tahirys Dos Santos<\/b>, futbolista del <b>FC Metz<\/b> de 19 a\u00f1os<\/a>, quien sufri\u00f3 heridas graves y fue trasladado a Alemania para recibir atenci\u00f3n m\u00e9dica especializada. El club franc\u00e9s manifest\u00f3, mediante un comunicado oficial, su uni\u00f3n en torno al jugador y su familia, y colabora para facilitar su futuro traslado al hospital de Mercy, pr\u00f3ximo a Mont-Saint-Martin, en cuanto las condiciones lo permitan. Su agente, <b>Christophe Hutteau<\/b>, habl\u00f3 con RMC Sport en las \u00faltimas horas y <a rel=\"noopener noreferrer nofollow\" href=\"https:\/\/www.infobae.com\/deportes\/2026\/01\/02\/preocupacion-por-la-salud-del-futbolista-del-metz-de-francia-que-salio-herido-del-tragico-incendio-en-un-bar-de-suiza\/\" target=\"_blank\" title=\"https:\/\/www.infobae.com\/deportes\/2026\/01\/02\/preocupacion-por-la-salud-del-futbolista-del-metz-de-francia-que-salio-herido-del-tragico-incendio-en-un-bar-de-suiza\/\">asegur\u00f3 que \u201c<b>tiene quemaduras que cubren el 30% de su cuerpo<\/b>\u201d<\/a>.<\/p>\n<p class=\"paragraph\">Las autoridades suizas llevaron a cabo una conferencia de prensa en las \u00faltimas horas en las que <b>confirmaron que la tragedia dej\u00f3 40 muertos y 119 heridos<\/b>, <b>de los cuales seis todav\u00eda no fueron identificados<\/b>. Adem\u00e1s, entre ellos se encontraron 71 suizos, 14 franceses, 11 italianos, 4 serbios, 1 bosnio, 1 belga y 1 portugu\u00e9s. La procuradora general del cant\u00f3n del Valais, <b>B\u00e9atrice Pilloud<\/b>, inform\u00f3 que Suiza est\u00e1 colaborando con Francia, B\u00e9lgica, Polonia, Portugal, Congo, Serbia, Turqu\u00eda, Rumania y Filipinas para identificar a las personas involucradas.<\/p>\n<p class=\"paragraph\">El origen del fuego sigue bajo investigaci\u00f3n. La procuradora general Pilloud explic\u00f3 que la principal l\u00ednea apunta a \u201c<a rel=\"noopener noreferrer nofollow\" href=\"https:\/\/www.infobae.com\/america\/mundo\/2026\/01\/01\/tragedia-en-suiza-asi-comenzo-el-incendio-en-el-bar-de-crans-montana-que-dejo-cerca-de-40-muertos\/\" target=\"_blank\" title=\"https:\/\/www.infobae.com\/america\/mundo\/2026\/01\/01\/tragedia-en-suiza-asi-comenzo-el-incendio-en-el-bar-de-crans-montana-que-dejo-cerca-de-40-muertos\/\"><b>un fuego generalizado que provoc\u00f3 una explosi\u00f3n<\/b><\/a>\u201d, aunque recalc\u00f3 que no existe confirmaci\u00f3n oficial del detonante inicial. En la \u00faltima conferencia de prensa, <b>aseguraron que la causa principal que habr\u00eda provocado el incendio son las bengalas ubicadas en las botellas de champ\u00e1n, las cuales estaban muy cerca del techo<\/b>. Una imagen compartida en redes sociales mostr\u00f3 a un grupo de personas con bengalas adheridas a botellas que parecen estar encendiendo un material similar a la espuma.<\/p>\n<p><img alt=\"La policia sigue inspeccionando el\" class=\"global-image\" decoding=\"async\" fetchpriority=\"low\" height=\"4095\" loading=\"lazy\" src=\"https:\/\/www.europesays.com\/es\/wp-content\/uploads\/2026\/01\/DCCCDYD5JNEYVD3JGORUBA7MOA.jpg\" width=\"6143\"\/>La policia sigue inspeccionando el bar \u00abLe Constellation\u00bb, despu\u00e9s de un incendio y explosi\u00f3n durante una fiesta de Nochevieja (Jean-Christophe Bott\/Keystone via AP)<\/p>\n<p class=\"paragraph\">Las im\u00e1genes difundidas en la prensa suiza muestran el momento en el que las chispas llegaron a la estructura del techo, desencadenando la combusti\u00f3n y bloqueando la salida principal del local hacia la terraza. <b>El humo y el fuego obstaculizaron tanto la evacuaci\u00f3n de los ocupantes como los esfuerzos de rescate de quienes aguardaban el acceso<\/b>. Rayan, residente de Crans-Montana, relat\u00f3 c\u00f3mo varios j\u00f3venes arriesgaron su vida para ayudar a los atrapados, logrando rescatar \u201ca algunos justo a tiempo\u201d.<\/p>\n<p class=\"paragraph\">El bar Le Constellation, aforado esa noche para unas <b>300 personas en el interior y 40 en la terraza<\/b>, se encontraba repleto al declararse el incendio poco despu\u00e9s de la 01:30 local, durante una celebraci\u00f3n en una de las estaciones invernales m\u00e1s prestigiosas de Europa. Numerosos asistentes narraron a medios como AFP escenas de caos y confusi\u00f3n: <b>desde la detonaci\u00f3n repentina que algunos vincularon al uso de pirotecnia en un concierto, hasta la estampida entre humo y llamas<\/b>. Las autoridades, tras una investigaci\u00f3n preliminar, descartaron la hip\u00f3tesis de atentado y mantienen que la explosi\u00f3n fue consecuencia directa del incendio inicial. La polic\u00eda estableci\u00f3 de inmediato una zona de exclusi\u00f3n a\u00e9rea, desaloj\u00f3 el sitio y se mantuvo durante horas en el lugar, donde las ambulancias evacuaron a los supervivientes y se evidenciaban los da\u00f1os: ventanas destruidas por la onda expansiva y persistencia del olor a quemado.<\/p>\n<p class=\"paragraph\">El factor de los materiales altamente inflamables empleados en los paneles ac\u00fasticos del bar amplificaron el alcance del fuego, de acuerdo con especialistas del <b>Hospital de Lausana<\/b>. Muchos heridos requieren tratamientos prolongados por la gravedad de sus quemaduras, algunas superiores <b>al 60% del cuerpo<\/b>, y la inhalaci\u00f3n de humo t\u00f3xico ha provocado complicaciones respiratorias severas en decenas de pacientes, seg\u00fan precisiones del jefe del Departamento de Salud del cant\u00f3n de Valais, Mathias Reynard. El mismo funcionario detall\u00f3 al peri\u00f3dico local Walliser Bote que las condiciones de muchos afectados siguen siendo extremadamente delicadas.<\/p>\n","protected":false},"excerpt":{"rendered":"Emanuele Galeppini, la promesa del golf italiano que muri\u00f3 en la tragedia de Suiza (Foto: @emanuele.galeppini) El devastador&hellip;\n","protected":false},"author":2,"featured_media":319447,"comment_status":"","ping_status":"","sticky":false,"template":"","format":"standard","meta":{"footnotes":""},"categories":[275],"tags":[168,25,24,329,23,167],"class_list":{"0":"post-319446","1":"post","2":"type-post","3":"status-publish","4":"format-standard","5":"has-post-thumbnail","7":"category-golf","8":"tag-deportes","9":"tag-es","10":"tag-espana","11":"tag-golf","12":"tag-spain","13":"tag-sports"},"share_on_mastodon":{"url":"https:\/\/pubeurope.com\/@es\/115826621420426612","error":""},"_links":{"self":[{"href":"https:\/\/www.europesays.com\/es\/wp-json\/wp\/v2\/posts\/319446","targetHints":{"allow":["GET"]}}],"collection":[{"href":"https:\/\/www.europesays.com\/es\/wp-json\/wp\/v2\/posts"}],"about":[{"href":"https:\/\/www.europesays.com\/es\/wp-json\/wp\/v2\/types\/post"}],"author":[{"embeddable":true,"href":"https:\/\/www.europesays.com\/es\/wp-json\/wp\/v2\/users\/2"}],"replies":[{"embeddable":true,"href":"https:\/\/www.europesays.com\/es\/wp-json\/wp\/v2\/comments?post=319446"}],"version-history":[{"count":0,"href":"https:\/\/www.europesays.com\/es\/wp-json\/wp\/v2\/posts\/319446\/revisions"}],"wp:featuredmedia":[{"embeddable":true,"href":"https:\/\/www.europesays.com\/es\/wp-json\/wp\/v2\/media\/319447"}],"wp:attachment":[{"href":"https:\/\/www.europesays.com\/es\/wp-json\/wp\/v2\/media?parent=319446"}],"wp:term":[{"taxonomy":"category","embeddable":true,"href":"https:\/\/www.europesays.com\/es\/wp-json\/wp\/v2\/categories?post=319446"},{"taxonomy":"post_tag","embeddable":true,"href":"https:\/\/www.europesays.com\/es\/wp-json\/wp\/v2\/tags?post=319446"}],"curies":[{"name":"wp","href":"https:\/\/api.w.org\/{rel}","templated":true}]}}