{"id":319453,"date":"2026-01-02T17:20:10","date_gmt":"2026-01-02T17:20:10","guid":{"rendered":"https:\/\/www.europesays.com\/es\/319453\/"},"modified":"2026-01-02T17:20:10","modified_gmt":"2026-01-02T17:20:10","slug":"horizonte-de-iker-jimenez-se-emitira-a-diario-en-cuatro-en-la-franja-de-first-dates-la-voz-de-galicia","status":"publish","type":"post","link":"https:\/\/www.europesays.com\/es\/319453\/","title":{"rendered":"\u00abHorizonte\u00bb, de Iker Jim\u00e9nez, se emitir\u00e1 a diario en Cuatro en la franja de \u00abFirst Dates\u00bb &#8211; La Voz de Galicia"},"content":{"rendered":"<ol>\n<li><a href=\"https:\/\/news.google.com\/rss\/articles\/CBMi4wFBVV95cUxOeC0ycUJzaDl4cTZ5TW9tUldGaEItVFNCbHhWclRrbjZzOEdHbHFia19NWTZNbHdiSFp5TmwtTWJSa1FGZFdlSEc0bmc0RS1qWUlXeFFKNDlMV2o1ekpUemZvVTZTS296cE9JX2hmTnhmQ0N4RExDZzdGcVBONG9FX3dyZWxBd1ZubXRiamZaRmpwZlZOMklfWFZMYlRfd095NTBPNmtxd2NHVEUwV19LaDRBSDRaS2lWa1VycWFrQ0ZYM0F5cVdkZGkwMWFjeTFkZGV3OTJKaXpZYW9TN2tUOGRWc9IB_wFBVV95cUxOdzNVVGN2MzNMUDNIVzhQUEhpZk1LQ1hFS0thZ0liLWVrTG5ySExGOUlFaTAxTVdHTlgxOGRBcXNWU2dEOWRzYkhtdFlmSm43d3ZSaVE4NDFja2FfbVp5ZWpHZGc1bEk4LXR3OXNzTnRLb01LZ1I1ZjJfUmVDZEh1UW5nV0lQamRxRWJwT2dnUGFGYlpXa0sxWHhMbHVYTG5nNVRxM3dBaWJQTEEwMlA4RjM5ZXB6bjY2NTQ0MHVjWGUyZUw4QWk1bk5BOTdjcl9UaXhTRHJYSkVPSW9nN3htYnlxT3RsY2FzUFhHeWhPclRPRnRSZzMxbzVnTzJZbzQ?oc=5\" target=\"_blank\" rel=\"nofollow noopener\">\u00abHorizonte\u00bb, de Iker Jim\u00e9nez, se emitir\u00e1 a diario en Cuatro en la franja de \u00abFirst Dates\u00bb<\/a>&nbsp;&nbsp;La Voz de Galicia<\/li>\n<li><a href=\"https:\/\/news.google.com\/rss\/articles\/CBMif0FVX3lxTE5IcFJldzJ2cmw0WUl1bm1sZk9IdVlTR3gyY255NFNBVkpYQ3pPSkJlSHp3RlAwOHlQMWhVSkVxd0ZmOTkwLWgxa293OUZwU2JMVlFkeXg5aFgxVTAtZWdGVlkyNVZ6c3Bsd2t0bjZtaW9USkw4X2IwY3JIV2RzdFXSAX9BVV95cUxOdUd3N0xvWG9MV21xMjJ2WWFFVWRrY0lIdWdqaGFuWkVRcjgxNy1QeURaYUl5by04aU4xUjFhaEk0bGZFNm0zR0I4blpRa3kxaVgtbnlOQUV6bDRSaVpKN1pqY29IYmxHSW4zdWJhcFpYTFloTnNBcmVWeWRPSkhN?oc=5\" target=\"_blank\" rel=\"nofollow noopener\">Movimiento hist\u00f3rico en Cuatro: Horizonte culmina su mejor a\u00f1o y pasa durante un mes al access diario donde competir\u00e1 con Pablo Motos y La Revuelta<\/a>&nbsp;&nbsp;El Mundo<\/li>\n<li><a href=\"https:\/\/news.google.com\/rss\/articles\/CBMiigJBVV95cUxNS3VtSjVaN05IVUhNWjJodnpBWkVqQTNldkpYeHhqNDZseU1rU3daRzZBVkdoaWE0a3UyM1JzMnFJY1gtcGhCcTFuTVhZc0dTcG10RDQtdWxLV09vYktEaHZRbGZtOEJwcDdzWWV5SWpjeWNtQ21WZ3E5QkdKX29TeGpvU09nTTNvNm9zSGEtWWxUbHVlMkNjN3NGbDFZbEdNbDhuR01VRHBsaFVfdVYwc3l5bENhUUpCakUzLXNHckJkQTctb0ZpQWhZN0g0QmlhQW93Wk1XRS0tbjhyd01POF8yelFaSENXVmprN05MQjh4NFhlX1VWTHBYaUdfSnZON3pFNGh5d2lLQdIBngJBVV95cUxPNnpUdUdhRmlaWGVKSEMxeG9UaTNSYWJMQzFLY1NSMkJQeHZON2NYZ3NWVm5ZUm9CTDhmeGJsOGtDU3J4ZG9mTS1VdTVmVTE1WlVGSlhNVGRvWjMxR3JGRmNONTFET1VFWVFLSGZVeGlYb0lnTDlVVVdfbXRqUy0yQ19ybmZPS01JYnh2cU9BcWF6U0tVOUNfc2NVZm4wZHRoR1IwVWRQQWltLWtxSHZOY2JtaFdscWc0Nzc0eXVQVEFpX3lEN2RKZEFMbHcyeExwRDF5ZUU0ald1RWxhQ3RTTDFPaW5jak10c2pzOHJFY2hMeHRvOUkwR1ozZGM5eWFPY0J0ZW9GNVdTWTYwNVE2MHFyemhpNjN2b3BtVmFn?oc=5\" target=\"_blank\" rel=\"nofollow noopener\">Mediaset mueve ficha en su parrilla: &#8216;First Dates&#8217; regresa a Telecinco y &#8216;Horizonte&#8217; se convierte en diario en<\/a>&nbsp;&nbsp;La Raz\u00f3n<\/li>\n<li><a href=\"https:\/\/news.google.com\/rss\/articles\/CBMiqAFBVV95cUxPVFFHREFNUmNQQk1jR3pSMTluQzgwUHphVWFaSlZQSC1VQVY0TExybVBTcDFHYmtSal9mdmlrX21sLTluNTRwbjY5dk1RNHV4NFVFWHJ5amxUVzRtQjI3NlA4NHFFcnVrcUxjN3ZjTzl4amQ1Q1JURXNWRFE0OXVrZlA0elJIM2NvZkg2cjdSS3d1b0V3S29vYVpna3NYbmNJbERKejlkejI?oc=5\" target=\"_blank\" rel=\"nofollow noopener\">&#8216;Horizonte&#8217; pasa al access diario de Cuatro durante un mes tras su mejor a\u00f1o hist\u00f3rico<\/a>&nbsp;&nbsp;Cuatro<\/li>\n<li><a href=\"https:\/\/news.google.com\/rss\/articles\/CBMixAFBVV95cUxPQUpndDBWSHJqaVBjS2ZXU3hxV0ljVzRoQTl2Rk9UOUZra2QtMU42QTZSUEJVbHhBTERfVy05TTExRkdicEVwMFFsTFM2LTJwVWVZZ083VngyRFFhbm1zWkY1aUdrdHhCU2h0Q2pHblVaNzI5aFZQRHhXZldEaG5KMEhUMVVSNFd1Ymd4ZEVTc1NzM3otVlUwbzUwQ3lRZDB5ems4dWpiSlA3U3Z6MDgxWTV5akk5dTFJRjhaQzdUZWtCVjRq0gHKAUFVX3lxTE9NSHVRblF1b3dPUWduelhHcnVXY1lHbVhzZjBhT0xnM1A1dmZ5RGVQT1psVi12b3dkX1hzS3YxcTRDMWkzTVVGZlB1QWozZjhaRGtJWlhEcW05Sk1OOWdGM0VMaXRLY3l6dTRRdzZTUTVOZTNueUNwWUZfbnJ1STNDNFNVMnVQZnloTUJGUTBIVENsUHYyc1ZVR2EtOEh4Si04TkdDQUdpbzZwUTVzYnNQVXV6VHFpeTdXLVFteWVDMmR2RUtGLVZjN3c?oc=5\" target=\"_blank\" rel=\"nofollow noopener\">Sorpresa en Mediaset: Iker Jim\u00e9nez salta a la pelea por el &#8216;access prime time&#8217; en Cuatro, con &#8216;First Dates&#8217; regresando al rescate de Telecinco<\/a>&nbsp;&nbsp;El Confidencial<\/li>\n<\/ol>\n","protected":false},"excerpt":{"rendered":"\u00abHorizonte\u00bb, de Iker Jim\u00e9nez, se emitir\u00e1 a diario en Cuatro en la franja de \u00abFirst Dates\u00bb&nbsp;&nbsp;La Voz de&hellip;\n","protected":false},"author":2,"featured_media":319454,"comment_status":"","ping_status":"","sticky":false,"template":"","format":"standard","meta":{"footnotes":""},"categories":[171],"tags":[954,146,147,25,24,57462,955,23,692,214],"class_list":{"0":"post-319453","1":"post","2":"type-post","3":"status-publish","4":"format-standard","5":"has-post-thumbnail","7":"category-tv","8":"tag-cuatro","9":"tag-entertainment","10":"tag-entretenimiento","11":"tag-es","12":"tag-espana","13":"tag-iker-jimenez","14":"tag-mediaset","15":"tag-spain","16":"tag-telecinco","17":"tag-tv"},"share_on_mastodon":{"url":"https:\/\/pubeurope.com\/@es\/115826656689239125","error":""},"_links":{"self":[{"href":"https:\/\/www.europesays.com\/es\/wp-json\/wp\/v2\/posts\/319453","targetHints":{"allow":["GET"]}}],"collection":[{"href":"https:\/\/www.europesays.com\/es\/wp-json\/wp\/v2\/posts"}],"about":[{"href":"https:\/\/www.europesays.com\/es\/wp-json\/wp\/v2\/types\/post"}],"author":[{"embeddable":true,"href":"https:\/\/www.europesays.com\/es\/wp-json\/wp\/v2\/users\/2"}],"replies":[{"embeddable":true,"href":"https:\/\/www.europesays.com\/es\/wp-json\/wp\/v2\/comments?post=319453"}],"version-history":[{"count":0,"href":"https:\/\/www.europesays.com\/es\/wp-json\/wp\/v2\/posts\/319453\/revisions"}],"wp:featuredmedia":[{"embeddable":true,"href":"https:\/\/www.europesays.com\/es\/wp-json\/wp\/v2\/media\/319454"}],"wp:attachment":[{"href":"https:\/\/www.europesays.com\/es\/wp-json\/wp\/v2\/media?parent=319453"}],"wp:term":[{"taxonomy":"category","embeddable":true,"href":"https:\/\/www.europesays.com\/es\/wp-json\/wp\/v2\/categories?post=319453"},{"taxonomy":"post_tag","embeddable":true,"href":"https:\/\/www.europesays.com\/es\/wp-json\/wp\/v2\/tags?post=319453"}],"curies":[{"name":"wp","href":"https:\/\/api.w.org\/{rel}","templated":true}]}}