{"id":319468,"date":"2026-01-02T17:29:07","date_gmt":"2026-01-02T17:29:07","guid":{"rendered":"https:\/\/www.europesays.com\/es\/319468\/"},"modified":"2026-01-02T17:29:07","modified_gmt":"2026-01-02T17:29:07","slug":"feijoo-envia-a-la-jueza-sus-mensajes-con-mazon-del-dia-de-la-dana","status":"publish","type":"post","link":"https:\/\/www.europesays.com\/es\/319468\/","title":{"rendered":"Feij\u00f3o env\u00eda a la jueza sus mensajes con Maz\u00f3n del d\u00eda de la dana"},"content":{"rendered":"<p>El l\u00edder del PP, <strong>Alberto N\u00fa\u00f1ez Feij\u00f3o<\/strong>, ha remitido a la jueza Nuria Ruiz, instructora de la causa penal sobre la gesti\u00f3n de la dana de Valencia, los mensajes que envi\u00f3 al entonces presidente de la Generalitat, <strong>Carlos Maz\u00f3n<\/strong>, aquel 29 de octubre de 2024. Entre otras cosas, Feij\u00f3o le pide al expresident que \u00ab<strong>lleve la iniciativa en la comunicaci\u00f3n<\/strong>\u00bb de la tragedia: \u00abEs la clave\u00bb.<\/p>\n<p>En esos mensajes de WhatsApp, el <strong>dirigente popular tambi\u00e9n se interesa por el n\u00famero de muertos y desaparecidos <\/strong>a causa de la riada. Adem\u00e1s, le pregunta a Maz\u00f3n si el Gobierno central le ha llamado, confiando en que presten su ayuda. Este intercambio de mensajes comenz\u00f3 cerca de las 20:00 de la tarde, pocos minutos antes de que se enviase el mensaje Es Alert a la poblaci\u00f3n valenciana. <\/p>\n<p>El presidente de los populares ya envi\u00f3 a los juzgados de Catarroja el pasado 24 de diciembre los <strong>mensajes que hab\u00eda recibido por parte de Maz\u00f3n<\/strong> el d\u00eda de la dana, pero no los que \u00e9l le hab\u00eda enviado.<\/p>\n<p>Feij\u00f3o le insiste en dos ocasiones que lidere la comunicaci\u00f3n<\/p>\n<p>En un mensaje que le env\u00eda Feij\u00f3o a las 19:59, el segundo whatsapp con Maz\u00f3n, le manda \u00e1nimos y a\u00f1ade: \u00ab<strong>Lidera informativamente como hiciste con el incendio<\/strong>\u00ab. Algo en lo que el l\u00edder del PP insiste nuevamente en otro mensaje: \u00ab<strong>Lleva la iniciativa de comunicaci\u00f3n<\/strong>&#8230; Es la clave. Los alcaldes, diputaciones, coordinados con la gente y t\u00fa informando\u00bb.<\/p>\n<p>Con estos mensajes, la jueza de la dana tiene el conjunto de las comunicaciones entre ambos dirigentes del PP. Despu\u00e9s de que enviase \u00fanicamente los mensajes de Maz\u00f3n, la magistrada solicit\u00f3 que aportase de forma voluntaria la \u00abparte \u00edntegra\u00bb de la conversaci\u00f3n para que \u00abmanera fehaciente, <strong>pueda verificarse dicha contextualizaci\u00f3n<\/strong>, en su contenido y en el momento de respuesta o comunicaci\u00f3n ulterior\u00bb.<\/p>\n<p>Asimismo, ante las cr\u00edticas que recibi\u00f3, sobre todo del PSPV, por no enviar su conversaci\u00f3n completa con Maz\u00f3n, Feij\u00f3o se justific\u00f3 el pasado d\u00eda 29 ante los medios asegurando que <strong>hab\u00eda remitido a la jueza lo que ella le hab\u00eda pedido<\/strong> y mostraba su disposici\u00f3n a mandarle los mensajes que \u00e9l envi\u00f3 a Maz\u00f3n si se los reclamaba. <\/p>\n<p>Env\u00eda los mensajes a la jueza mediante acta notarial<\/p>\n<p>Finalmente, este viernes Feij\u00f3o ha remitido a la jueza otra acta notarial con esos mensajes que omiti\u00f3 en la primera respuesta: \u00ab<strong>Mientras desde el Gobierno acusan a los jueces de prevaricaci\u00f3n<\/strong> y Pedro S\u00e1nchez y su exfiscal cambian de m\u00f3vil o borran mensajes, Feij\u00f3o sigue colaborando con la Justicia de manera ejemplar, como no podr\u00eda ser de otra manera\u00bb, han a\u00f1adido fuentes del partido. <\/p>\n<p>Seg\u00fan fuentes populares, ante \u00ab<strong>la total desinformaci\u00f3n<\/strong>\u00bb del Gobierno de S\u00e1nchez al inicio de la dana, Feij\u00f3o se puso en contacto con el entonces presidente de la Generalitat para \u00ab<strong>conocer de primera mano la situaci\u00f3n<\/strong> y proponer la coordinaci\u00f3n con ayuntamientos y diputaciones, as\u00ed como para solicitar que se informase a la ciudadan\u00eda<\/p>\n<p>El diputado de Sumar por Comprom\u00eds, <strong>Alberto Ib\u00e1\u00f1ez<\/strong>, ha lamentado tras conocer el contenido del los whatsapps que el PP \u00ab<strong>estaba m\u00e1s preocupado por el relato que por el rescate<\/strong> en plena emergencia de los valencianos, que se ahogaban mientras Maz\u00f3n continuaba en El Ventorro\u00bb.<\/p>\n<p>En el mismo sentido se ha manifestado la delegada del Gobierno en la Comunidad Valenciana, Pilar Bernab\u00e9, quien ha se\u00f1alado que \u00abFeij\u00f3o ya ten\u00eda en la cabeza, desde el primer minuto, la guerra pol\u00edtica contra el Gobierno\u00bb. \u00abNo deja de avergonzar tanta frialdad\u00bb, ha escrito Bernab\u00e9 en un mensaje en la red social X.<\/p>\n","protected":false},"excerpt":{"rendered":"El l\u00edder del PP, Alberto N\u00fa\u00f1ez Feij\u00f3o, ha remitido a la jueza Nuria Ruiz, instructora de la causa&hellip;\n","protected":false},"author":2,"featured_media":319469,"comment_status":"","ping_status":"","sticky":false,"template":"","format":"standard","meta":{"footnotes":""},"categories":[8],"tags":[17,18,25,24,13,14,11,19,20,9,10,15,16,23,12,21,22],"class_list":{"0":"post-319468","1":"post","2":"type-post","3":"status-publish","4":"format-standard","5":"has-post-thumbnail","7":"category-espana","8":"tag-breaking-news","9":"tag-breakingnews","10":"tag-es","11":"tag-espana","12":"tag-featured-news","13":"tag-featurednews","14":"tag-headlines","15":"tag-latest-news","16":"tag-latestnews","17":"tag-news","18":"tag-noticias","19":"tag-noticias-destacadas","20":"tag-noticiasdestacadas","21":"tag-spain","22":"tag-titulares","23":"tag-ultimas-noticias","24":"tag-ultimasnoticias"},"share_on_mastodon":{"url":"https:\/\/pubeurope.com\/@es\/115826692207482521","error":""},"_links":{"self":[{"href":"https:\/\/www.europesays.com\/es\/wp-json\/wp\/v2\/posts\/319468","targetHints":{"allow":["GET"]}}],"collection":[{"href":"https:\/\/www.europesays.com\/es\/wp-json\/wp\/v2\/posts"}],"about":[{"href":"https:\/\/www.europesays.com\/es\/wp-json\/wp\/v2\/types\/post"}],"author":[{"embeddable":true,"href":"https:\/\/www.europesays.com\/es\/wp-json\/wp\/v2\/users\/2"}],"replies":[{"embeddable":true,"href":"https:\/\/www.europesays.com\/es\/wp-json\/wp\/v2\/comments?post=319468"}],"version-history":[{"count":0,"href":"https:\/\/www.europesays.com\/es\/wp-json\/wp\/v2\/posts\/319468\/revisions"}],"wp:featuredmedia":[{"embeddable":true,"href":"https:\/\/www.europesays.com\/es\/wp-json\/wp\/v2\/media\/319469"}],"wp:attachment":[{"href":"https:\/\/www.europesays.com\/es\/wp-json\/wp\/v2\/media?parent=319468"}],"wp:term":[{"taxonomy":"category","embeddable":true,"href":"https:\/\/www.europesays.com\/es\/wp-json\/wp\/v2\/categories?post=319468"},{"taxonomy":"post_tag","embeddable":true,"href":"https:\/\/www.europesays.com\/es\/wp-json\/wp\/v2\/tags?post=319468"}],"curies":[{"name":"wp","href":"https:\/\/api.w.org\/{rel}","templated":true}]}}