{"id":319471,"date":"2026-01-02T17:38:08","date_gmt":"2026-01-02T17:38:08","guid":{"rendered":"https:\/\/www.europesays.com\/es\/319471\/"},"modified":"2026-01-02T17:38:08","modified_gmt":"2026-01-02T17:38:08","slug":"virag-kiss-regalo-de-ano-nuevo-para-el-interior-de-perfumerias-avenida","status":"publish","type":"post","link":"https:\/\/www.europesays.com\/es\/319471\/","title":{"rendered":"Virag Kiss, \u00abregalo\u00bb de A\u00f1o Nuevo para el interior de Perfumer\u00edas Avenida"},"content":{"rendered":"<p class=\"v-mdl-ath__p v-mdl-ath__p--6\">\nViernes, 2 de enero 2026, 14:08<\/p>\n<p class=\"v-p\">Perfumer\u00edas Avenida comienza 2026 con una nueva cara en el roster de su primera plantilla femenina. Se trata de la p\u00edvot h\u00fangara Virag Takacs-Kiss, que se unir\u00e1 al equipo en las pr\u00f3ximas fechas hasta final de temporada. Internacional con su pa\u00eds, con amplia experiencia en competiciones europeas (Euroliga y Eurocup), la jugadora interior llega para complementar la pintura azulona, escasa de efectivos en las \u00faltimas semanas.<\/p>\n<p class=\"v-p\">El club azul\u00f3n se ha movido r\u00e1pido y de forma certera para suplir los problemas que ven\u00eda arrastrando en el interior en las \u00faltimas semanas. Y es que Kiss es una de las p\u00edvots m\u00e1s interesantes del continente europeo, con experiencia en Euroliga, donde ha jugado con Mersin y Gy\u00f6r la pasada campa\u00f1a, promediando en la temporada 15 puntos y casi 9 rebotes de media. <\/p>\n<p class=\"v-p\">Hasta hace unas fechas, formaba parte de la potente plantilla del Athinaikos griego, donde compet\u00eda en Eurocup. Virag es, adem\u00e1s, pieza fundamental de la selecci\u00f3n de Hungr\u00eda, con la que jugar\u00e1 en unas semanas el pre Mundial. <\/p>\n<p class=\"v-p\">28 a\u00f1os y 1,94m para una p\u00edvot de envergadura pero mucha movilidad y agilidad, tanto para jugar de espaldas al aro como de cara. Capacidad, adem\u00e1s, para rebotear y lanzar desde media e incluso larga distancia, caracter\u00edsticas que podr\u00e1 aportar muy pronto en Perfumer\u00edas Avenida.<\/p>\n<p>Reporta un error<\/p>\n","protected":false},"excerpt":{"rendered":"Viernes, 2 de enero 2026, 14:08 Perfumer\u00edas Avenida comienza 2026 con una nueva cara en el roster de&hellip;\n","protected":false},"author":2,"featured_media":319472,"comment_status":"","ping_status":"","sticky":false,"template":"","format":"standard","meta":{"footnotes":""},"categories":[269],"tags":[1611,14092,299,298,168,25,24,584,4272,524,14091,7382,23,167,74464],"class_list":{"0":"post-319471","1":"post","2":"type-post","3":"status-publish","4":"format-standard","5":"has-post-thumbnail","7":"category-baloncesto","8":"tag-ano","9":"tag-avenida","10":"tag-baloncesto","11":"tag-basketball","12":"tag-deportes","13":"tag-es","14":"tag-espana","15":"tag-interior","16":"tag-kiss","17":"tag-nuevo","18":"tag-perfumerias","19":"tag-regalo","20":"tag-spain","21":"tag-sports","22":"tag-virag"},"share_on_mastodon":{"url":"https:\/\/pubeurope.com\/@es\/115826727649790913","error":""},"_links":{"self":[{"href":"https:\/\/www.europesays.com\/es\/wp-json\/wp\/v2\/posts\/319471","targetHints":{"allow":["GET"]}}],"collection":[{"href":"https:\/\/www.europesays.com\/es\/wp-json\/wp\/v2\/posts"}],"about":[{"href":"https:\/\/www.europesays.com\/es\/wp-json\/wp\/v2\/types\/post"}],"author":[{"embeddable":true,"href":"https:\/\/www.europesays.com\/es\/wp-json\/wp\/v2\/users\/2"}],"replies":[{"embeddable":true,"href":"https:\/\/www.europesays.com\/es\/wp-json\/wp\/v2\/comments?post=319471"}],"version-history":[{"count":0,"href":"https:\/\/www.europesays.com\/es\/wp-json\/wp\/v2\/posts\/319471\/revisions"}],"wp:featuredmedia":[{"embeddable":true,"href":"https:\/\/www.europesays.com\/es\/wp-json\/wp\/v2\/media\/319472"}],"wp:attachment":[{"href":"https:\/\/www.europesays.com\/es\/wp-json\/wp\/v2\/media?parent=319471"}],"wp:term":[{"taxonomy":"category","embeddable":true,"href":"https:\/\/www.europesays.com\/es\/wp-json\/wp\/v2\/categories?post=319471"},{"taxonomy":"post_tag","embeddable":true,"href":"https:\/\/www.europesays.com\/es\/wp-json\/wp\/v2\/tags?post=319471"}],"curies":[{"name":"wp","href":"https:\/\/api.w.org\/{rel}","templated":true}]}}