{"id":31949,"date":"2025-08-07T16:25:08","date_gmt":"2025-08-07T16:25:08","guid":{"rendered":"https:\/\/www.europesays.com\/es\/31949\/"},"modified":"2025-08-07T16:25:08","modified_gmt":"2025-08-07T16:25:08","slug":"se-vende-moto-de-carreras-de-michael-schumacher-por-un-precio-inesperado","status":"publish","type":"post","link":"https:\/\/www.europesays.com\/es\/31949\/","title":{"rendered":"Se vende moto de carreras de Michael Schumacher por un precio inesperado"},"content":{"rendered":"<p>Tras el fin temporal de su carrera en la F\u00f3rmula 1, Michael Schumacher no se durmi\u00f3 en los laureles: sigui\u00f3 implicado en el mundo de la competici\u00f3n y compiti\u00f3 en carreras de motos semiprofesionales. Ahora, la casa de subastas RM Sotheby&#8217;s ha subastado una de sus antiguas motos de carreras.<\/p>\n<p>Se trata de una Honda CBR1000RR Fireblade SC59 de 2010, que fue convertida por Holzhauer Racing Performance para su uso en circuito con el fin de \u00abestar a disposici\u00f3n de Michael Schumacher durante los d\u00edas de pruebas\u00bb, <a href=\"https:\/\/rmsothebys.com\/auctions\/tc25\/lots\/r0001-2010-honda-cbr1000rr-sc59\/#\/smallgallery_1352216\" target=\"_blank\" rel=\"nofollow noopener\">seg\u00fan se indica en el anuncio oficial de venta<\/a>.<\/p>\n<p>La moto es \u00abuna transformaci\u00f3n \u00fanica y excepcional\u00bb y alcanz\u00f3 un precio de venta sorprendentemente alto en la subasta en l\u00ednea: un comprador estaba dispuesto a pagar la friolera de 64.800 euros por la moto. Seg\u00fan un art\u00edculo de prensa adjunto, la moto \u00abs\u00f3lo\u00bb hab\u00eda costado 45.000 euros en su momento.<\/p>\n<p>Michael Schumacher con una moto pasada<\/p>\n<p>La moto de carreras lleva a\u00fan el n\u00famero de partida 77, con el que Schumacher compiti\u00f3, entre otros, en el Campeonato Internacional Alem\u00e1n de Motociclismo (IDM). <a href=\"https:\/\/www.motorsport-total.com\/idm\/news\/schumacher-startet-als-marcel-niederhausen-08051501\" target=\"_blank\" rel=\"noopener nofollow\">En un principio quiso correr all\u00ed bajo el seud\u00f3nimo de \u00abMarcel Niederhausen\u00bb<\/a>, <a href=\"https:\/\/www.motorsport-total.com\/idm\/news\/schumacher-darf-decknamen-nicht-verwenden-08051602\" target=\"_blank\" rel=\"noopener nofollow\">pero no se lo permitieron<\/a>.<\/p>\n<p>En la temporada 2008 del IDM, Schumacher particip\u00f3 en nueve de las 16 carreras como piloto invitado del equipo de promoci\u00f3n Holzhauer Racing. Sin embargo, es poco probable que la moto que ahora se ha subastado sea el modelo con el que el plusmarquista mundial corri\u00f3 entonces en el IDM.<\/p>\n<p>\u00a0<br \/>\n\u00a0<\/p>\n<p>Seg\u00fan el anuncio, la Honda CBR1000RR SC59 que se ofrece est\u00e1 basada en un modelo de 2010, a\u00f1o en el que Schumacher ya corr\u00eda de nuevo para Mercedes en F\u00f3rmula 1. Sin embargo, el plusmarquista mundial volvi\u00f3 a subirse a la moto en agosto de 2010 durante unos tests en el circuito de Hockenheim.<\/p>\n<p>Un accidente retras\u00f3 el regreso de Schumacher a la F\u00f3rmula 1<\/p>\n<p>Un esfuerzo valiente, pues Schumacher ya hab\u00eda sufrido una grave lesi\u00f3n en un accidente en febrero de 2009. Como <a href=\"https:\/\/www.motorsport-total.com\/formel-1\/news\/schumacher-comeback-nur-als-massa-ersatz-09073007\" rel=\"nofollow noopener\" target=\"_blank\">consecuencia, tambi\u00e9n se cancel\u00f3 su previsto regreso a la F\u00f3rmula 1 como sustituto de Felipe Massa<\/a>. Las lesiones cervicales que sufri\u00f3 en el accidente de moto impidieron un r\u00e1pido regreso a los circuitos.<\/p>\n<p>Es poco probable que la moto que ahora se subasta sea realmente la moto en la que Schumacher se estrell\u00f3. Sin embargo, una hoja de datos completa con todas las especificaciones t\u00e9cnicas confirma que fue utilizada por Schumacher y que es propiedad de HRP.<\/p>\n<p>La moto lleva alg\u00fan tiempo sin arrancar, por lo que \u00abser\u00eda necesario un mantenimiento exhaustivo y una inspecci\u00f3n t\u00e9cnica antes de volver a utilizarla en circuito\u00bb, seg\u00fan el anuncio. El kilometraje en el momento de la catalogaci\u00f3n era de 3.752 kil\u00f3metros.<\/p>\n<p>La subasta tambi\u00e9n inclu\u00eda un casco Schuberth firmado por Michael Schumacher y un par de guantes de moto, tambi\u00e9n firmados. Se desconoce qui\u00e9n compr\u00f3 la singular moto subastada por 64.800 euros.<\/p>\n<p>M\u00e1s de la F1:<\/p>\n<p><img decoding=\"async\" src=\"https:\/\/www.europesays.com\/es\/wp-content\/uploads\/2025\/08\/2f6e1ecbd64943a19eae52618eb6fdcf.gif\" alt=\"\" width=\"1\" height=\"1\" loading=\"lazy\"\/><\/p>\n<p>En este art\u00edculo<\/p>\n<p>Sea el primero en enterarse y suscr\u00edbase para recibir actualizaciones por correo electr\u00f3nico en tiempo real sobre estos temas.<\/p>\n<p>    Suscr\u00edbase a nuevas alertas<\/p>\n","protected":false},"excerpt":{"rendered":"Tras el fin temporal de su carrera en la F\u00f3rmula 1, Michael Schumacher no se durmi\u00f3 en los&hellip;\n","protected":false},"author":2,"featured_media":31950,"comment_status":"","ping_status":"","sticky":false,"template":"","format":"standard","meta":{"footnotes":""},"categories":[270],"tags":[168,25,24,306,271,272,1230,16635,23,167],"class_list":{"0":"post-31949","1":"post","2":"type-post","3":"status-publish","4":"format-standard","5":"has-post-thumbnail","7":"category-formula-1","8":"tag-deportes","9":"tag-es","10":"tag-espana","11":"tag-f1","12":"tag-formula-1","13":"tag-formula1","14":"tag-fu00f3rmula-1","15":"tag-se-vende-moto-de-carreras-de-michael-schumacher-por-un-precio-inesperado","16":"tag-spain","17":"tag-sports"},"share_on_mastodon":{"url":"","error":""},"_links":{"self":[{"href":"https:\/\/www.europesays.com\/es\/wp-json\/wp\/v2\/posts\/31949","targetHints":{"allow":["GET"]}}],"collection":[{"href":"https:\/\/www.europesays.com\/es\/wp-json\/wp\/v2\/posts"}],"about":[{"href":"https:\/\/www.europesays.com\/es\/wp-json\/wp\/v2\/types\/post"}],"author":[{"embeddable":true,"href":"https:\/\/www.europesays.com\/es\/wp-json\/wp\/v2\/users\/2"}],"replies":[{"embeddable":true,"href":"https:\/\/www.europesays.com\/es\/wp-json\/wp\/v2\/comments?post=31949"}],"version-history":[{"count":0,"href":"https:\/\/www.europesays.com\/es\/wp-json\/wp\/v2\/posts\/31949\/revisions"}],"wp:featuredmedia":[{"embeddable":true,"href":"https:\/\/www.europesays.com\/es\/wp-json\/wp\/v2\/media\/31950"}],"wp:attachment":[{"href":"https:\/\/www.europesays.com\/es\/wp-json\/wp\/v2\/media?parent=31949"}],"wp:term":[{"taxonomy":"category","embeddable":true,"href":"https:\/\/www.europesays.com\/es\/wp-json\/wp\/v2\/categories?post=31949"},{"taxonomy":"post_tag","embeddable":true,"href":"https:\/\/www.europesays.com\/es\/wp-json\/wp\/v2\/tags?post=31949"}],"curies":[{"name":"wp","href":"https:\/\/api.w.org\/{rel}","templated":true}]}}